{"id":809893,"date":"2026-02-19T15:52:14","date_gmt":"2026-02-19T15:52:14","guid":{"rendered":"https:\/\/www.europesays.com\/de\/809893\/"},"modified":"2026-02-19T15:52:14","modified_gmt":"2026-02-19T15:52:14","slug":"berlin-brandenburg-neues-und-offene-fragen-so-steht-es-um-die-wahlvorbereitung","status":"publish","type":"post","link":"https:\/\/www.europesays.com\/de\/809893\/","title":{"rendered":"Berlin &#038; Brandenburg: Neues und offene Fragen: So steht es um die Wahlvorbereitung"},"content":{"rendered":"<p>Berlin &amp; BrandenburgNeues und offene Fragen: So steht es um die Wahlvorbereitung<img decoding=\"async\" class=\"Image_img__fQCi0 Image_Img_16_9__4BLfH\" loading=\"eager\" fetchpriority=\"high\" src=\"https:\/\/www.europesays.com\/de\/wp-content\/uploads\/2026\/02\/Bei-der-Wahl-zum-Abgeordnetenhaus-gibt-es-diesmal-einen-Stimmzettel.webp.webp\" alt=\"Bei-der-Wahl-zum-Abgeordnetenhaus-gibt-es-diesmal-einen-Stimmzettel\"\/>(Foto: Elisa Schu\/dpa)TeilenFolgen auf:<a href=\"https:\/\/www.whatsapp.com\/channel\/0029Va5cdVJD8SDp5YZgYF01\" title=\"Auf WhatsApp folgen\" target=\"_blank\" rel=\"nofollow noopener\"><img decoding=\"async\" src=\"https:\/\/www.n-tv.de\/socialIcons\/whatsapp.svg\" alt=\"whatsapp\" class=\"ArticleShare_icon__FsrC2\"\/><\/a><a href=\"https:\/\/news.google.com\/publications\/CAAiEPMdif5mpRNxiLOeUpHCwwsqFAgKIhDzHYn-ZqUTcYiznlKRwsML?hl=de&amp;gl=DE&amp;ceid=DE%3Ade\" title=\"Auf Google News folgen\" target=\"_blank\" rel=\"nofollow noopener\"><img decoding=\"async\" src=\"https:\/\/www.n-tv.de\/socialIcons\/google.svg\" alt=\"whatsapp\" class=\"ArticleShare_icon__FsrC2\"\/><\/a><\/p>\n<p class=\"Typography_text-m__XI0da Typography_weight-bold__uT6mq storyline_lead_text_leadtext__q_wg8\">Mehr Wahllokale, mehr Wahlhelfer, neue Stimmzettel: Was sich f\u00fcr Berliner W\u00e4hler im September \u00e4ndert \u2013 und welche Unsicherheiten es noch gibt.<\/p>\n<p class=\"Typography_text-default__P3otY Typography_weight-normal__pqUbH storyline_paragraph_p__qSR5N\">Berlin (dpa\/bb) &#8211; Bei der Wahl zum Berliner Abgeordnetenhaus und den Bezirksparlamenten am 20. September gibt es einige Neuerungen. So sind mehr Wahllokale, mehr Wahlkabinen und mehr Wahlhelfer geplant, wie Landeswahlleiter Stephan Br\u00f6chler auf einer Pressekonferenz ank\u00fcndigte. Fragen &amp; Antworten dazu:<\/p>\n<p>Wie viele Menschen sind wahlberechtigt?<\/p>\n<p class=\"Typography_text-default__P3otY Typography_weight-normal__pqUbH storyline_paragraph_p__qSR5N\">Die Zahl der Wahlberechtigten f\u00fcr die Wahl zum Abgeordnetenhaus beziffert Br\u00f6chler auf etwa 2,5 Millionen. 2023 waren es 2,43 Millionen. Erstmals k\u00f6nnen bei der Wahl des Landesparlaments 16- und 17-J\u00e4hrige ihre Stimme abgeben. Laut Landeswahlleitung sind f\u00fcr das Abgeordnetenhaus 63.500 Erstw\u00e4hler ab 16 Jahren wahlberechtigt, f\u00fcr die Bezirksverordnetenversammlungen sind es 67.000. Generell d\u00fcrfen mehr Menschen \u00fcber die Zusammensetzung der Bezirksparlamente bestimmen, n\u00e4mlich 2,75 Millionen. Das liegt daran, dass auch EU-B\u00fcrger mit Wohnsitz in Berlin wahlberechtigt sind.<\/p>\n<p>Gibt es gen\u00fcgend Wahllokale?<\/p>\n<p class=\"Typography_text-default__P3otY Typography_weight-normal__pqUbH storyline_paragraph_p__qSR5N\">Die Landeswahlleitung plant mit etwa 2.500 Urnenwahllokalen, ein Zehntel mehr als bei der Wiederholungswahl 2023. Hinzu kommen Briefwahllokale, deren Zahl noch nicht feststeht. Jedes Urnenwahllokal soll mit vier bis sechs Wahlkabinen ausgestattet sein, auch das sind mehr als noch 2023. Bei der Suche nach geeigneten R\u00e4umlichkeiten, die nicht zuletzt barrierefrei sein m\u00fcssen, setzt Landeswahlleiter Br\u00f6chler nicht nur auf \u00f6ffentliche Geb\u00e4ude wie Schulen oder Landes- und Bezirksbeh\u00f6rden. Er hat auch private Eigent\u00fcmer, Organisationen wie die IHK oder Verb\u00e4nde angesprochen mit der Bitte, R\u00e4ume bereitzustellen. &#8222;27 zivilgesellschaftliche Organisationen haben sich gemeldet.&#8220;<\/p>\n<p>Werden wieder Wahlhelfer gebraucht?<\/p>\n<p class=\"Typography_text-default__P3otY Typography_weight-normal__pqUbH storyline_paragraph_p__qSR5N\">40.000 Wahlhelfer werden im Einsatz sein, laut Wahlleitung 5.000 mehr als zuletzt. Ein Engpass deutet sich im Moment noch nicht an. Br\u00f6chler zufolge sprechen die Bezirke zuerst diejenigen an, die schon bei fr\u00fcheren Wahlen im Einsatz waren. Wer am Wahltag freiwillig im Urnen- oder Briefwahllokal im Einsatz ist, erh\u00e4lt ein &#8222;Erfrischungsgeld&#8220;. Es betr\u00e4gt ja nach Einsatzort (Urnen- oder Briefwahllokal) und dort ausge\u00fcbter Funktion zwischen 80 und 120 Euro.<\/p>\n<p class=\"Typography_text-default__P3otY Typography_weight-normal__pqUbH storyline_paragraph_p__qSR5N\">F\u00fcr Besch\u00e4ftigte der Berliner Verwaltung gelten reduzierte S\u00e4tze. Bei der Wiederholungswahl 2023 waren bis 240 Euro Erfrischungsgeld gezahlt worden, das war laut dem Landeswahlleiter aber eine einmalige Sache. Geschult werden Wahlhelfer in Pr\u00e4senzveranstaltungen, geplant ist zudem ein neuartiger digitaler Kurs. Die Teilnahme an Schulungen wird mit 25 (online) bis 40 Euro (Pr\u00e4senz) honoriert.<\/p>\n<p>Was ist neu bei den Stimmzetteln?<\/p>\n<p class=\"Typography_text-default__P3otY Typography_weight-normal__pqUbH storyline_paragraph_p__qSR5N\">Neu ist, dass die Erst- und Zweitstimmen f\u00fcr das Abgeordnetenhaus auf einem Stimmzettel abgegeben werden k\u00f6nnen. Bisher gab es in Berlin daf\u00fcr zwei. Die Stimmzettel sind farblich so gestaltet, dass Erst- und Zweitstimme auch optisch zu unterscheiden sind. F\u00fcr die Wahlen der Bezirksverordnetenversammlungen gibt es einen extra Stimmzettel.<\/p>\n<p class=\"Typography_text-default__P3otY Typography_weight-normal__pqUbH storyline_paragraph_p__qSR5N\">Nach den Worten Br\u00f6chlers bieten die Stimmzettel durch Lochungen und anderen Merkmalen mehr Barrierefreiheit f\u00fcr blinde und sehbehinderte Menschen: Diese k\u00f6nnten ihre Kreuzchen ohne Hilfe anderer Personen machen. Auf dem Stimmzettel finden sich an prominenter Stelle Angaben unter anderem zum Wahlkreis. Dadurch soll schneller gepr\u00fcft werden k\u00f6nnen, ob es sich um den richtigen Stimmzettel handelt.<\/p>\n<p>Welche Unw\u00e4gbarkeiten bringt die Wahl mit sich?<\/p>\n<p class=\"Typography_text-default__P3otY Typography_weight-normal__pqUbH storyline_paragraph_p__qSR5N\">Probleme wie lange Schlangen an den Wahllokalen, fehlende oder falsche Stimmzettel oder die Stimmabgabe noch lange nach offizieller Schlie\u00dfung der Wahllokale will Landeswahlleiter Br\u00f6chler durch gute Vorbereitung und Vorsorge verhindern, so wie das schon bei der Wiederholungswahl 2023 gelang. &#8222;Noch nie waren wir so gut vorbereitet&#8220;, sagt er, verweist aber auch auf einige Unw\u00e4gbarkeiten.<\/p>\n<p class=\"Typography_text-default__P3otY Typography_weight-normal__pqUbH storyline_paragraph_p__qSR5N\">Gr\u00f6\u00dfter Unsicherheitsfaktor ist die M\u00f6glichkeit, dass am Wahltag noch zwei Volksentscheide dazukommen. Das w\u00fcrde den Wahlvorgang verl\u00e4ngern. Einer m\u00f6glichen &#8222;Schlangenbildung&#8220; will Br\u00f6chler durch das Plus bei Wahllokalen und -kabinen vorbeugen. Ob die Volksentscheide tats\u00e4chlich stattfinden, steht im Moment indes noch nicht fest. Die Unterschriftensammlungen der Volksbegehren &#8222;Berlin autofrei&#8220; und &#8222;Berlin werbefrei&#8220; laufen noch bis Mai.<\/p>\n<p>Besteht die Gefahr einer Wahlbeeinflussung?<\/p>\n<p class=\"Typography_text-default__P3otY Typography_weight-normal__pqUbH storyline_paragraph_p__qSR5N\">Die &#8222;Wahrung der Integrit\u00e4t der Wahlen&#8220; ist f\u00fcr Br\u00f6chler ein wichtiges Thema. &#8222;Wir werden ein Auge auf Fake News haben&#8220;, k\u00fcndigt er an. &#8222;Wir m\u00fcssen uns darauf einstellen, dass es zu Fake News kommt, um W\u00e4hler zu irritieren.&#8220; Berlin stehe stark im Fokus von Hackern, die darauf abzielten, die Wahlen zu diskreditieren und zu st\u00f6ren. &#8222;Wir wollen schnell reagieren, wenn es solche Kampagnen geben sollte, selbst schnell informieren&#8220;, so Br\u00f6chler.<\/p>\n<p class=\"Typography_text-default__P3otY Typography_weight-normal__pqUbH storyline_paragraph_p__qSR5N\">Die Wahlleitung werde dazu alle Kan\u00e4le wie etwa Social Media nutzen. Im Blick hat sie auch m\u00f6gliche Bedrohungen gegen Wahlhelfer oder Vorw\u00fcrfen, diese manipulierten die Wahl. Bisher habe es derartiges nur in Einzelf\u00e4llen gegeben. Wichtig sei, Betroffene eng zu unterst\u00fctzen und falsche Behauptungen schnell als solche zu entlarven.<\/p>\n<p>Was w\u00fcnscht sich der Wahlleiter am Wahltag?<\/p>\n<p class=\"Typography_text-default__P3otY Typography_weight-normal__pqUbH storyline_paragraph_p__qSR5N\">&#8222;Ich w\u00fcnsche mir einen argumentationsstarken und friedlichen Wahlkampf&#8220;, sagt Br\u00f6chler. Und: &#8222;Setzen wir durch eine hohe Wahlbeteiligung ein deutliches Zeichen, dass wir keine Zuschauerdemokratie, sondern eine Mitmachdemokratie sind.&#8220; Wichtig ist ihm au\u00dferdem, dass Senat und Abgeordnetenhaus in der kommenden Legislaturperiode ein Projekt zur Digitalisierung von Wahlen und Abstimmung auf den Weg bringen.<\/p>\n<p class=\"Typography_text-default__P3otY Typography_weight-normal__pqUbH storyline_paragraph_p__qSR5N\">&#8222;Es geht nicht darum zu sagen, hurra, wir machen jetzt alles digital&#8220;, so der Landeswahlleiter. Vielmehr m\u00fcsse es darum gehen, sich systematisch damit zu besch\u00e4ftigen, welche ersten Schritte bei der Wahlorganisation machbar seien und welche Risiken best\u00fcnden. Gerade j\u00fcngere Menschen erwarteten ein Signal von der Politik, dass es hier vorangehe. Bisher werde aber nur dar\u00fcber geredet.<\/p>\n<p class=\"Typography_text-s__wu_cm Typography_weight-normal__pqUbH Typography_color-darkgrey__sZEnP article-detail-footer_source__KslPc\">Quelle: dpa<\/p>\n","protected":false},"excerpt":{"rendered":"Berlin &amp; BrandenburgNeues und offene Fragen: So steht es um die Wahlvorbereitung(Foto: Elisa Schu\/dpa)TeilenFolgen auf: Mehr Wahllokale, mehr&hellip;\n","protected":false},"author":2,"featured_media":809894,"comment_status":"","ping_status":"","sticky":false,"template":"","format":"standard","meta":{"footnotes":"","_share_on_mastodon":"0"},"categories":[1825],"tags":[296,29,30],"class_list":["post-809893","post","type-post","status-publish","format-standard","has-post-thumbnail","category-berlin","tag-berlin","tag-deutschland","tag-germany"],"share_on_mastodon":{"url":"https:\/\/pubeurope.com\/@de\/116098101933223932","error":""},"_links":{"self":[{"href":"https:\/\/www.europesays.com\/de\/wp-json\/wp\/v2\/posts\/809893","targetHints":{"allow":["GET"]}}],"collection":[{"href":"https:\/\/www.europesays.com\/de\/wp-json\/wp\/v2\/posts"}],"about":[{"href":"https:\/\/www.europesays.com\/de\/wp-json\/wp\/v2\/types\/post"}],"author":[{"embeddable":true,"href":"https:\/\/www.europesays.com\/de\/wp-json\/wp\/v2\/users\/2"}],"replies":[{"embeddable":true,"href":"https:\/\/www.europesays.com\/de\/wp-json\/wp\/v2\/comments?post=809893"}],"version-history":[{"count":0,"href":"https:\/\/www.europesays.com\/de\/wp-json\/wp\/v2\/posts\/809893\/revisions"}],"wp:featuredmedia":[{"embeddable":true,"href":"https:\/\/www.europesays.com\/de\/wp-json\/wp\/v2\/media\/809894"}],"wp:attachment":[{"href":"https:\/\/www.europesays.com\/de\/wp-json\/wp\/v2\/media?parent=809893"}],"wp:term":[{"taxonomy":"category","embeddable":true,"href":"https:\/\/www.europesays.com\/de\/wp-json\/wp\/v2\/categories?post=809893"},{"taxonomy":"post_tag","embeddable":true,"href":"https:\/\/www.europesays.com\/de\/wp-json\/wp\/v2\/tags?post=809893"}],"curies":[{"name":"wp","href":"https:\/\/api.w.org\/{rel}","templated":true}]}}