{"id":809895,"date":"2026-02-19T15:53:20","date_gmt":"2026-02-19T15:53:20","guid":{"rendered":"https:\/\/www.europesays.com\/de\/809895\/"},"modified":"2026-02-19T15:53:20","modified_gmt":"2026-02-19T15:53:20","slug":"18-jaehriger-bedroht-bahnmitarbeiter-mit-fake-revolver","status":"publish","type":"post","link":"https:\/\/www.europesays.com\/de\/809895\/","title":{"rendered":"18-J\u00e4hriger bedroht Bahnmitarbeiter mit Fake-Revolver"},"content":{"rendered":"<p class=\"tspCCnp tspCCnq\">Ein 18-J\u00e4hriger hat zwei Mitarbeiter der Deutschen Bahn am S-Bahnhof Warschauer Stra\u00dfe in Berlin-Friedrichshain mit einer Revolverattrappe bedroht. Beamte der Bundespolizei nahmen den bereits polizeibekannten Heranwachsenden am Mittwochabend vorl\u00e4ufig fest, wie die Beh\u00f6rde mitteilte. Gegen den 18-J\u00e4hrigen wird nun wegen des Verdachts der Bedrohung ermittelt.<\/p>\n<p>Bezirke-Newsletter: Friedrichshain-Kreuzberg<\/p>\n<p><img decoding=\"async\" src=\"https:\/\/www.europesays.com\/de\/wp-content\/uploads\/2025\/04\/icon-friedrichshain-kreuzberg.png\" alt=\"\" class=\"tspCFgx\"\/><\/p>\n<p class=\"tspCFn5\"> Mehr Neuigkeiten zum Bezirk gibt es in unserem Newsletter \u2014 jede Woche per E-Mail. <\/p>\n<p class=\"tspCCnp\">Der junge Mann stand laut Polizeiangaben gegen 21.30 Uhr mit einer Gruppe Gleichaltriger am S-Bahnhof und hantierte mit einer \u201eAnscheinwaffe\u201c. Auf Nachfrage des Tagesspiegels sagte ein Sprecher, es habe sich nach ersten Erkenntnissen um eine \u201et\u00e4uschend echt aussehende Spielzeugwaffe\u201c gehandelt. Die Beh\u00f6rde ver\u00f6ffentlichte ein Bild, auf dem der Gegenstand einem altmodischen Revolver \u00e4hnelt.<\/p>\n<p class=\"tspCCnp\">Die zwei Bahnmitarbeiter h\u00e4tten den 18-J\u00e4hrigen aufgefordert, die Waffe wegzupacken \u2013 daraufhin habe er sie auf die M\u00e4nner gerichtet, teilte die Polizei weiter mit. Wenig sp\u00e4ter nahmen alarmierte Polizisten den Heranwachsenden fest. <\/p>\n<p class=\"tspCCnp\">Die Suche nach der Waffe gestaltete sich zun\u00e4chst schwierig \u2013 der 18-J\u00e4hrige hatte sie an eine andere Person aus der Gruppe weitergegeben, wie sich sp\u00e4ter herausstellte. Nach Sichtung von Aufzeichnungen der \u00dcberwachungskameras durchsuchten die Polizeikr\u00e4fte einen 19-J\u00e4hrigen und fanden bei ihm die Attrappe.<\/p>\n<p>Weitere Polizeimeldungen aus Berlin<a href=\"https:\/\/www.tagesspiegel.de\/berlin\/auf-matratze-uber-die-strasse-geschleift-polizei-findet-mann-mit-stichverletzungen-auf-hellersdorfer-promenade-in-berlin-15261926.html?icid=topic-list_15271468___\" data-gtm-class=\"article-mzt-link\" data-hydrate-fingerprint=\"09740a54944caac75fd2c0c63fd5c5df\" data-hydrate-props=\"{&amp;escapedquot;element&amp;escapedquot;:{&amp;escapedquot;type&amp;escapedquot;:&amp;escapedquot;relatedContent&amp;escapedquot;,&amp;escapedquot;fieldMap&amp;escapedquot;:{},&amp;escapedquot;relation&amp;escapedquot;:{&amp;escapedquot;fields&amp;escapedquot;:{&amp;escapedquot;isPaid&amp;escapedquot;:null},&amp;escapedquot;href&amp;escapedquot;:&amp;escapedquot;\/berlin\/auf-matratze-uber-die-strasse-geschleift-polizei-findet-mann-mit-stichverletzungen-auf-hellersdorfer-promenade-in-berlin-15261926.html&amp;escapedquot;,&amp;escapedquot;teaserTitle&amp;escapedquot;:{&amp;escapedquot;kicker&amp;escapedquot;:&amp;escapedquot;Auf Matratze \u00fcber die Stra\u00dfe geschleift&amp;escapedquot;,&amp;escapedquot;headline&amp;escapedquot;:&amp;escapedquot;Polizei findet Mann mit Stichverletzungen auf Hellersdorfer Promenade in Berlin&amp;escapedquot;},&amp;escapedquot;id&amp;escapedquot;:&amp;escapedquot;15261926&amp;escapedquot;,&amp;escapedquot;type&amp;escapedquot;:&amp;escapedquot;story&amp;escapedquot;},&amp;escapedquot;isPartOfList&amp;escapedquot;:true,&amp;escapedquot;topicListType&amp;escapedquot;:&amp;escapedquot;topic-list&amp;escapedquot;},&amp;escapedquot;showArrow&amp;escapedquot;:true}\" data-hydrate-slots=\"{&#039;default&#039;:[]}\" class=\"tspC3qb tspC2p9\" rel=\"nofollow noopener\" target=\"_blank\">Auf Matratze \u00fcber die Stra\u00dfe geschleift Polizei findet Mann mit Stichverletzungen auf Hellersdorfer Promenade in Berlin <\/a><a href=\"https:\/\/www.tagesspiegel.de\/berlin\/verkehrsunfall-in-berlin-fahrer-rollt-frau-mit-lkw-uber-beide-beine-15269906.html?icid=topic-list_15271468___\" data-gtm-class=\"article-mzt-link\" data-hydrate-fingerprint=\"09740a54944caac75fd2c0c63fd5c5df\" data-hydrate-props=\"{&amp;escapedquot;element&amp;escapedquot;:{&amp;escapedquot;type&amp;escapedquot;:&amp;escapedquot;relatedContent&amp;escapedquot;,&amp;escapedquot;fieldMap&amp;escapedquot;:{},&amp;escapedquot;relation&amp;escapedquot;:{&amp;escapedquot;fields&amp;escapedquot;:{&amp;escapedquot;isPaid&amp;escapedquot;:null},&amp;escapedquot;href&amp;escapedquot;:&amp;escapedquot;\/berlin\/verkehrsunfall-in-berlin-fahrer-rollt-frau-mit-lkw-uber-beide-beine-15269906.html&amp;escapedquot;,&amp;escapedquot;teaserTitle&amp;escapedquot;:{&amp;escapedquot;kicker&amp;escapedquot;:&amp;escapedquot;Verkehrsunfall in Berlin&amp;escapedquot;,&amp;escapedquot;headline&amp;escapedquot;:&amp;escapedquot;Fahrer rollt Frau mit Lkw \u00fcber beide Beine&amp;escapedquot;},&amp;escapedquot;id&amp;escapedquot;:&amp;escapedquot;15269906&amp;escapedquot;,&amp;escapedquot;type&amp;escapedquot;:&amp;escapedquot;story&amp;escapedquot;},&amp;escapedquot;isPartOfList&amp;escapedquot;:true,&amp;escapedquot;topicListType&amp;escapedquot;:&amp;escapedquot;topic-list&amp;escapedquot;},&amp;escapedquot;showArrow&amp;escapedquot;:true}\" data-hydrate-slots=\"{&#039;default&#039;:[]}\" class=\"tspC3qb tspC2p9\" rel=\"nofollow noopener\" target=\"_blank\">Verkehrsunfall in Berlin Fahrer rollt Frau mit Lkw \u00fcber beide Beine <\/a><a href=\"https:\/\/www.tagesspiegel.de\/berlin\/linkes-szenelokal-in-berlin-mit-hammern-attackiert-polizei-sucht-nach-zeugen-des-angriffs-auf-den-fischladen-15261161.html?icid=topic-list_15271468___\" data-gtm-class=\"article-mzt-link\" data-hydrate-fingerprint=\"09740a54944caac75fd2c0c63fd5c5df\" data-hydrate-props=\"{&amp;escapedquot;element&amp;escapedquot;:{&amp;escapedquot;type&amp;escapedquot;:&amp;escapedquot;relatedContent&amp;escapedquot;,&amp;escapedquot;fieldMap&amp;escapedquot;:{},&amp;escapedquot;relation&amp;escapedquot;:{&amp;escapedquot;fields&amp;escapedquot;:{&amp;escapedquot;isPaid&amp;escapedquot;:null},&amp;escapedquot;href&amp;escapedquot;:&amp;escapedquot;\/berlin\/linkes-szenelokal-in-berlin-mit-hammern-attackiert-polizei-sucht-nach-zeugen-des-angriffs-auf-den-fischladen-15261161.html&amp;escapedquot;,&amp;escapedquot;teaserTitle&amp;escapedquot;:{&amp;escapedquot;kicker&amp;escapedquot;:&amp;escapedquot;Linkes Szenelokal in Berlin mit H\u00e4mmern attackiert&amp;escapedquot;,&amp;escapedquot;headline&amp;escapedquot;:&amp;escapedquot;Polizei sucht nach Zeugen des Angriffs auf den \u201eFischladen\u201c&amp;escapedquot;},&amp;escapedquot;id&amp;escapedquot;:&amp;escapedquot;15261161&amp;escapedquot;,&amp;escapedquot;type&amp;escapedquot;:&amp;escapedquot;story&amp;escapedquot;},&amp;escapedquot;isPartOfList&amp;escapedquot;:true,&amp;escapedquot;topicListType&amp;escapedquot;:&amp;escapedquot;topic-list&amp;escapedquot;},&amp;escapedquot;showArrow&amp;escapedquot;:true}\" data-hydrate-slots=\"{&#039;default&#039;:[]}\" class=\"tspC3qb tspC2p9\" rel=\"nofollow noopener\" target=\"_blank\">Linkes Szenelokal in Berlin mit H\u00e4mmern attackiert Polizei sucht nach Zeugen des Angriffs auf den \u201eFischladen\u201c <\/a><\/p>\n<p class=\"tspCCnp\">Anschlie\u00dfend entlie\u00dfen sie die beiden jungen M\u00e4nner. Gegen den 19-J\u00e4hrigen l\u00e4uft nun ein Ordnungswidrigkeitsverfahren wegen des Versto\u00dfes gegen das Waffengesetz \u2013 darin ist n\u00e4mlich auch der Umgang mit \u201eAnscheinwaffen\u201c geregelt. (Tsp)<\/p>\n","protected":false},"excerpt":{"rendered":"Ein 18-J\u00e4hriger hat zwei Mitarbeiter der Deutschen Bahn am S-Bahnhof Warschauer Stra\u00dfe in Berlin-Friedrichshain mit einer Revolverattrappe bedroht.&hellip;\n","protected":false},"author":2,"featured_media":809896,"comment_status":"","ping_status":"","sticky":false,"template":"","format":"standard","meta":{"footnotes":"","_share_on_mastodon":"0"},"categories":[1825],"tags":[296,2030,29,30],"class_list":["post-809895","post","type-post","status-publish","format-standard","has-post-thumbnail","category-berlin","tag-berlin","tag-deutsche-bahn","tag-deutschland","tag-germany"],"share_on_mastodon":{"url":"https:\/\/pubeurope.com\/@de\/116098105717945431","error":""},"_links":{"self":[{"href":"https:\/\/www.europesays.com\/de\/wp-json\/wp\/v2\/posts\/809895","targetHints":{"allow":["GET"]}}],"collection":[{"href":"https:\/\/www.europesays.com\/de\/wp-json\/wp\/v2\/posts"}],"about":[{"href":"https:\/\/www.europesays.com\/de\/wp-json\/wp\/v2\/types\/post"}],"author":[{"embeddable":true,"href":"https:\/\/www.europesays.com\/de\/wp-json\/wp\/v2\/users\/2"}],"replies":[{"embeddable":true,"href":"https:\/\/www.europesays.com\/de\/wp-json\/wp\/v2\/comments?post=809895"}],"version-history":[{"count":0,"href":"https:\/\/www.europesays.com\/de\/wp-json\/wp\/v2\/posts\/809895\/revisions"}],"wp:featuredmedia":[{"embeddable":true,"href":"https:\/\/www.europesays.com\/de\/wp-json\/wp\/v2\/media\/809896"}],"wp:attachment":[{"href":"https:\/\/www.europesays.com\/de\/wp-json\/wp\/v2\/media?parent=809895"}],"wp:term":[{"taxonomy":"category","embeddable":true,"href":"https:\/\/www.europesays.com\/de\/wp-json\/wp\/v2\/categories?post=809895"},{"taxonomy":"post_tag","embeddable":true,"href":"https:\/\/www.europesays.com\/de\/wp-json\/wp\/v2\/tags?post=809895"}],"curies":[{"name":"wp","href":"https:\/\/api.w.org\/{rel}","templated":true}]}}