{"id":809897,"date":"2026-02-19T15:54:17","date_gmt":"2026-02-19T15:54:17","guid":{"rendered":"https:\/\/www.europesays.com\/de\/809897\/"},"modified":"2026-02-19T15:54:17","modified_gmt":"2026-02-19T15:54:17","slug":"verwaltungsgericht-berlin-verbot-von-demonstrationen-zum-palaestinensischen-nakba-gedenktag-waren-rechtmaessig","status":"publish","type":"post","link":"https:\/\/www.europesays.com\/de\/809897\/","title":{"rendered":"Verwaltungsgericht Berlin &#8211; Verbot von Demonstrationen zum pal\u00e4stinensischen Nakba-Gedenktag waren rechtm\u00e4\u00dfig"},"content":{"rendered":"<p>                    <img decoding=\"async\" loading=\"lazy\" class=\"internal-image\" title=\"Das Amtsgericht und Verwaltungsgericht in der Kirchstra\u00dfe, Moabit, in Berlin Mitte. \" alt=\"Das Amtsgericht und Verwaltungsgericht in der Kirchstra\u00dfe, Moabit, in Berlin Mitte. \" src=\"https:\/\/www.europesays.com\/de\/wp-content\/uploads\/2025\/11\/verwaltungsgericht-berlin-100-1920x1080.jpg\" \/><\/p>\n<p>                  Das Verwaltungsgericht in Berlin (IMAGO\/Sch\u00f6ning)<\/p>\n<p>Das entschied das Verwaltungsgericht Berlin. Die damalige Gefahrenprognose der Polizei sei nachvollziehbar, hie\u00df es zur Begr\u00fcndung. Zwei Verbote kleinerer Versammlungen erkl\u00e4rte das Gericht allerdings f\u00fcr unzul\u00e4ssig. Dabei ging es um Kundgebungen mit jeweils rund 50 Menschen.<\/p>\n<p>Die Verbote waren damit begr\u00fcndet worden, dass die Gefahr von volksverhetzenden und antisemitischen Parolen sowie von Gewaltausbr\u00fcchen und Gewaltverherrlichung bestanden habe.<\/p>\n<p>Der pal\u00e4stinensische Gedenktag Nakba am 15. Mai erinnert an Flucht und Vertreibung hunderttausender Pal\u00e4stinenser im Zusammenhang mit der Staatsgr\u00fcndung Israels und dem ersten Nahostkrieg im Jahr 1948.<\/p>\n<p>Diese Nachricht wurde am 19.02.2026 im Programm Deutschlandfunk gesendet.<\/p>\n","protected":false},"excerpt":{"rendered":"Das Verwaltungsgericht in Berlin (IMAGO\/Sch\u00f6ning) Das entschied das Verwaltungsgericht Berlin. Die damalige Gefahrenprognose der Polizei sei nachvollziehbar, hie\u00df&hellip;\n","protected":false},"author":2,"featured_media":570625,"comment_status":"","ping_status":"","sticky":false,"template":"","format":"standard","meta":{"footnotes":"","_share_on_mastodon":"0"},"categories":[1825],"tags":[296,29,30],"class_list":["post-809897","post","type-post","status-publish","format-standard","has-post-thumbnail","category-berlin","tag-berlin","tag-deutschland","tag-germany"],"share_on_mastodon":{"url":"https:\/\/pubeurope.com\/@de\/116098109726696114","error":""},"_links":{"self":[{"href":"https:\/\/www.europesays.com\/de\/wp-json\/wp\/v2\/posts\/809897","targetHints":{"allow":["GET"]}}],"collection":[{"href":"https:\/\/www.europesays.com\/de\/wp-json\/wp\/v2\/posts"}],"about":[{"href":"https:\/\/www.europesays.com\/de\/wp-json\/wp\/v2\/types\/post"}],"author":[{"embeddable":true,"href":"https:\/\/www.europesays.com\/de\/wp-json\/wp\/v2\/users\/2"}],"replies":[{"embeddable":true,"href":"https:\/\/www.europesays.com\/de\/wp-json\/wp\/v2\/comments?post=809897"}],"version-history":[{"count":0,"href":"https:\/\/www.europesays.com\/de\/wp-json\/wp\/v2\/posts\/809897\/revisions"}],"wp:featuredmedia":[{"embeddable":true,"href":"https:\/\/www.europesays.com\/de\/wp-json\/wp\/v2\/media\/570625"}],"wp:attachment":[{"href":"https:\/\/www.europesays.com\/de\/wp-json\/wp\/v2\/media?parent=809897"}],"wp:term":[{"taxonomy":"category","embeddable":true,"href":"https:\/\/www.europesays.com\/de\/wp-json\/wp\/v2\/categories?post=809897"},{"taxonomy":"post_tag","embeddable":true,"href":"https:\/\/www.europesays.com\/de\/wp-json\/wp\/v2\/tags?post=809897"}],"curies":[{"name":"wp","href":"https:\/\/api.w.org\/{rel}","templated":true}]}}