{"id":809898,"date":"2026-02-19T15:55:14","date_gmt":"2026-02-19T15:55:14","guid":{"rendered":"https:\/\/www.europesays.com\/de\/809898\/"},"modified":"2026-02-19T15:55:14","modified_gmt":"2026-02-19T15:55:14","slug":"berlin-brandenburg-gericht-demo-verbot-zu-nakba-gedenktagen-zulaessig","status":"publish","type":"post","link":"https:\/\/www.europesays.com\/de\/809898\/","title":{"rendered":"Berlin &#038; Brandenburg: Gericht: Demo-Verbot zu Nakba-Gedenktagen zul\u00e4ssig"},"content":{"rendered":"<p>Berlin &amp; BrandenburgGericht: Demo-Verbot zu Nakba-Gedenktagen zul\u00e4ssig<img decoding=\"async\" class=\"Image_img__fQCi0 Image_Img_16_9__4BLfH\" loading=\"eager\" fetchpriority=\"high\" src=\"https:\/\/www.europesays.com\/de\/wp-content\/uploads\/2026\/02\/Das-Verwaltungsgericht-ueberprueft-Versammlungsverbote-der-Polizei.webp.webp\" alt=\"Das-Verwaltungsgericht-ueberprueft-Versammlungsverbote-der-Polizei\"\/>TeilenFolgen auf:<a href=\"https:\/\/www.whatsapp.com\/channel\/0029Va5cdVJD8SDp5YZgYF01\" title=\"Auf WhatsApp folgen\" target=\"_blank\" rel=\"nofollow noopener\"><img decoding=\"async\" src=\"https:\/\/www.n-tv.de\/socialIcons\/whatsapp.svg\" alt=\"whatsapp\" class=\"ArticleShare_icon__FsrC2\"\/><\/a><a href=\"https:\/\/news.google.com\/publications\/CAAiEPMdif5mpRNxiLOeUpHCwwsqFAgKIhDzHYn-ZqUTcYiznlKRwsML?hl=de&amp;gl=DE&amp;ceid=DE%3Ade\" title=\"Auf Google News folgen\" target=\"_blank\" rel=\"nofollow noopener\"><img decoding=\"async\" src=\"https:\/\/www.n-tv.de\/socialIcons\/google.svg\" alt=\"whatsapp\" class=\"ArticleShare_icon__FsrC2\"\/><\/a><\/p>\n<p class=\"Typography_text-m__XI0da Typography_weight-bold__uT6mq storyline_lead_text_leadtext__q_wg8\">Der Nahost-Konflikt sorgt auf Berlins Stra\u00dfen f\u00fcr emotionale Demonstrationen. Weil sie zum Nakba-Gedenktag Ausschreitungen bef\u00fcrchtet, verbietet die Polizei Kundgebungen. Zum Teil zu Recht.<\/p>\n<p class=\"Typography_text-default__P3otY Typography_weight-normal__pqUbH storyline_paragraph_p__qSR5N\">Berlin (dpa\/bb) &#8211; Verbote der Berliner Polizei von Demonstrationen zum pal\u00e4stinensischen Gedenktag Nakba in den Jahren 2022 und 2023 waren rechtm\u00e4\u00dfig. Das hat das Verwaltungsgericht Berlin entschieden. Die Gefahrenprognose der Polizei sei nachvollziehbar, sagte der Vorsitzende Richter Jens Tegtmeier zur Begr\u00fcndung.<\/p>\n<p class=\"Typography_text-default__P3otY Typography_weight-normal__pqUbH storyline_paragraph_p__qSR5N\">Verbote kleinerer Versammlungen in dem Kontext erkl\u00e4rte das Gericht allerdings f\u00fcr unzul\u00e4ssig. Dabei ging es um zwei Kundgebungen mit jeweils rund 50 Menschen auf dem Oranienplatz in Berlin-Kreuzberg wenige Tage vor dem Nakba-Gedenktag am 15. Mai 2022.<\/p>\n<p>Polizei begr\u00fcndete Verbote mit Gefahren<\/p>\n<p class=\"Typography_text-default__P3otY Typography_weight-normal__pqUbH storyline_paragraph_p__qSR5N\">Die Kl\u00e4ger hatten unterschiedliche Versammlungen im Mai 2022 und 2023 in Kreuzberg und Neuk\u00f6lln geplant. Die Polizei verbot s\u00e4mtliche Versammlungen. Sie begr\u00fcndete dies damit, es bestehe die Gefahr, dass es zu volksverhetzenden und antisemitischen Parolen, Gewaltausbr\u00fcchen und Gewaltverherrlichung komme. Die Polizei verwies dabei auf Erfahrungen bei vergleichbaren Kundgebungen. Das war aus Sicht der Kl\u00e4ger rechtswidrig.<\/p>\n<p class=\"Typography_text-default__P3otY Typography_weight-normal__pqUbH storyline_paragraph_p__qSR5N\">Der pal\u00e4stinensische Gedenktag Nakba am 15. Mai erinnert an Flucht und Vertreibung Hunderttausender Pal\u00e4stinenser im Zusammenhang mit der Staatsgr\u00fcndung Israels und dem ersten Nahostkrieg im Jahr 1948.<\/p>\n<p class=\"Typography_text-s__wu_cm Typography_weight-normal__pqUbH Typography_color-darkgrey__sZEnP article-detail-footer_source__KslPc\">Quelle: dpa<\/p>\n","protected":false},"excerpt":{"rendered":"Berlin &amp; BrandenburgGericht: Demo-Verbot zu Nakba-Gedenktagen zul\u00e4ssigTeilenFolgen auf: Der Nahost-Konflikt sorgt auf Berlins Stra\u00dfen f\u00fcr emotionale Demonstrationen. Weil&hellip;\n","protected":false},"author":2,"featured_media":809899,"comment_status":"","ping_status":"","sticky":false,"template":"","format":"standard","meta":{"footnotes":"","_share_on_mastodon":"0"},"categories":[1825],"tags":[296,29,30],"class_list":["post-809898","post","type-post","status-publish","format-standard","has-post-thumbnail","category-berlin","tag-berlin","tag-deutschland","tag-germany"],"share_on_mastodon":{"url":"https:\/\/pubeurope.com\/@de\/116098113756381428","error":""},"_links":{"self":[{"href":"https:\/\/www.europesays.com\/de\/wp-json\/wp\/v2\/posts\/809898","targetHints":{"allow":["GET"]}}],"collection":[{"href":"https:\/\/www.europesays.com\/de\/wp-json\/wp\/v2\/posts"}],"about":[{"href":"https:\/\/www.europesays.com\/de\/wp-json\/wp\/v2\/types\/post"}],"author":[{"embeddable":true,"href":"https:\/\/www.europesays.com\/de\/wp-json\/wp\/v2\/users\/2"}],"replies":[{"embeddable":true,"href":"https:\/\/www.europesays.com\/de\/wp-json\/wp\/v2\/comments?post=809898"}],"version-history":[{"count":0,"href":"https:\/\/www.europesays.com\/de\/wp-json\/wp\/v2\/posts\/809898\/revisions"}],"wp:featuredmedia":[{"embeddable":true,"href":"https:\/\/www.europesays.com\/de\/wp-json\/wp\/v2\/media\/809899"}],"wp:attachment":[{"href":"https:\/\/www.europesays.com\/de\/wp-json\/wp\/v2\/media?parent=809898"}],"wp:term":[{"taxonomy":"category","embeddable":true,"href":"https:\/\/www.europesays.com\/de\/wp-json\/wp\/v2\/categories?post=809898"},{"taxonomy":"post_tag","embeddable":true,"href":"https:\/\/www.europesays.com\/de\/wp-json\/wp\/v2\/tags?post=809898"}],"curies":[{"name":"wp","href":"https:\/\/api.w.org\/{rel}","templated":true}]}}