{"id":810037,"date":"2026-02-19T17:12:17","date_gmt":"2026-02-19T17:12:17","guid":{"rendered":"https:\/\/www.europesays.com\/de\/810037\/"},"modified":"2026-02-19T17:12:17","modified_gmt":"2026-02-19T17:12:17","slug":"bezirke-starten-weiteren-anlauf-fuer-neue-steuer-gegen-muellberge","status":"publish","type":"post","link":"https:\/\/www.europesays.com\/de\/810037\/","title":{"rendered":"Bezirke starten weiteren Anlauf f\u00fcr neue Steuer gegen M\u00fcllberge"},"content":{"rendered":"<p class=\"expressive-copy-lg-body\">Die Berliner Bezirke haben einen weiteren Anlauf f\u00fcr die Einf\u00fchrung einer Verpackungssteuer auf Einweg-Kaffeebecher, Pizzakartons oder Aluschalen gestartet\u00a0\u2013 obwohl der Senat die Steuer bisher ablehnt. Das von den Gr\u00fcnen gef\u00fchrte <a href=\"https:\/\/www.morgenpost.de\/bezirke\/friedrichshain-kreuzberg\/\" rel=\"nofollow noopener\" target=\"_blank\">Bezirksamt Friedrichshain-Kreuzberg<\/a> brachte im Rat der B\u00fcrgermeister der zw\u00f6lf Bezirke eine entsprechende Vorlage ein, die nun angenommen wurde, wie der Bezirk mitteilte.\u00a0<\/p>\n<p>            Morgenpost der Chefredaktion<\/p>\n<p>Die ersten News des Tages \u2013 direkt von der Chefredaktion. Montag bis Samstag um 6:30 Uhr.<\/p>\n<p>            <img decoding=\"async\" src=\"https:\/\/www.europesays.com\/de\/wp-content\/uploads\/2026\/02\/1771521135_556_newsletter-envelope.png\" alt=\"Newsletter Illustration\" class=\"h-full w-full max-w-full object-cover md:max-w-[226px] lg:max-w-[234px]\" loading=\"lazy\"\/><\/p>\n<p>              Morgenpost der Chefredaktion<\/p>\n<p>Die ersten News des Tages \u2013 direkt von der Chefredaktion. Montag bis Samstag um 6:30 Uhr.<\/p>\n<p>              Mit meiner Anmeldung zum Newsletter stimme ich der<br \/>\n              <a href=\"https:\/\/www.morgenpost.de\/service\/newsletter-adconsent\" class=\"text-copy-accent underline decoration-solid underline-offset-1 hover:text-primary-700\" rel=\"nofollow noopener\" target=\"_blank\">Werbevereinbarung<\/a><br \/>\n              zu.<\/p>\n<p class=\"expressive-copy-lg-body\">Das sei ein klares Signal, dass der Senat \u201eseine bisherige Blockadehaltung\u201c ablegen m\u00fcsse, erkl\u00e4rte der Bezirk Friedrichshain-Kreuzberg. Die Verpackungssteuer k\u00f6nne den Abfall im \u00f6ffentlichen Raum deutlich reduzieren, weil sie Anreiz f\u00fcr die Nutzung von Mehrwegverpackungen biete. Derzeit m\u00fcssten die Bezirke die Kosten f\u00fcr die Beseitigung des M\u00fclls im \u00f6ffentlichen Raum tragen. Diese Kosten w\u00fcrden dann \u00fcber die Stra\u00dfenreinigungsgeb\u00fchr auf die Anwohner \u00fcbertragen.\u00a0<\/p>\n<p>            <img decoding=\"async\" src=\"https:\/\/www.europesays.com\/de\/wp-content\/uploads\/2026\/02\/411257640_1771500019_v16_9_1200.jpeg\" class=\"relative z-10 block w-full object-cover aspect-[4\/3]\" alt=\"Illegal abgelegter Sperrm\u00fcll Berlin-Wedding\" title=\"Illegal abgelegter Sperrm\u00fcll, wie hier in der Martin-Opitz-Stra\u00dfe 22\/23 in Berlin-Wedding, ist unansehnlich und ein \u00c4rgernis, das Einfluss auf die ganze Stadt hat. \" loading=\"lazy\"\/><\/p>\n<p>  Berliner Senat will Regelung auf Bundesebene<\/p>\n<p class=\"expressive-copy-lg-body\">Der Senat hatte die Einf\u00fchrung der Steuer nur in <a href=\"https:\/\/www.morgenpost.de\/berlin\/\" rel=\"nofollow noopener\" target=\"_blank\">Berlin<\/a> vor einem Jahr abgelehnt und damit begr\u00fcndet, dass damit ein hoher Verwaltungsaufwand f\u00fcr betroffene Unternehmen sowie die Steuerverwaltung verbunden w\u00e4re. Dies gelte eben besonders bei einer Einf\u00fchrung nur in einzelnen L\u00e4ndern oder Gemeinden. Eine entsprechende Regelung m\u00fcsse auf Bundesebene erfolgen, so der Senat.<\/p>\n<p class=\"expressive-copy-lg-body\">Das Bundesverfassungsgericht in Karlsruhe hatte am 22. Januar 2024 <a href=\"https:\/\/www.morgenpost.de\/incoming\/article404411497\/tuebingen-darf-verpackungssteuer-erheben.html\" data-category-full-path=\"\/incoming\/\" data-paid-status=\"default\" data-article-publish-date=\"1684945769\" rel=\"nofollow noopener\" target=\"_blank\">die Verpackungssteuer der Stadt T\u00fcbingen als verfassungsgem\u00e4\u00df eingestuft<\/a>. Die Steuer gilt dort schon seit 2022. Sie wird auf Einwegverpackungen, -geschirr und -besteck beim Verkauf von Speisen und Getr\u00e4nken zum Mitnehmen erhoben.<\/p>\n<p rel=\"author\" class=\"text-brand\">dpa<\/p>\n","protected":false},"excerpt":{"rendered":"Die Berliner Bezirke haben einen weiteren Anlauf f\u00fcr die Einf\u00fchrung einer Verpackungssteuer auf Einweg-Kaffeebecher, Pizzakartons oder Aluschalen gestartet\u00a0\u2013&hellip;\n","protected":false},"author":2,"featured_media":810038,"comment_status":"","ping_status":"","sticky":false,"template":"","format":"standard","meta":{"footnotes":"","_share_on_mastodon":"0"},"categories":[1825],"tags":[1941,1939,296,1937,29,30,1940,1938],"class_list":["post-810037","post","type-post","status-publish","format-standard","has-post-thumbnail","category-berlin","tag-aktuelle-nachrichten-aus-berlin","tag-aktuelle-news-aus-berlin","tag-berlin","tag-berlin-news","tag-deutschland","tag-germany","tag-nachrichten-aus-berlin","tag-news-aus-berlin"],"share_on_mastodon":{"url":"https:\/\/pubeurope.com\/@de\/116098416430498350","error":""},"_links":{"self":[{"href":"https:\/\/www.europesays.com\/de\/wp-json\/wp\/v2\/posts\/810037","targetHints":{"allow":["GET"]}}],"collection":[{"href":"https:\/\/www.europesays.com\/de\/wp-json\/wp\/v2\/posts"}],"about":[{"href":"https:\/\/www.europesays.com\/de\/wp-json\/wp\/v2\/types\/post"}],"author":[{"embeddable":true,"href":"https:\/\/www.europesays.com\/de\/wp-json\/wp\/v2\/users\/2"}],"replies":[{"embeddable":true,"href":"https:\/\/www.europesays.com\/de\/wp-json\/wp\/v2\/comments?post=810037"}],"version-history":[{"count":0,"href":"https:\/\/www.europesays.com\/de\/wp-json\/wp\/v2\/posts\/810037\/revisions"}],"wp:featuredmedia":[{"embeddable":true,"href":"https:\/\/www.europesays.com\/de\/wp-json\/wp\/v2\/media\/810038"}],"wp:attachment":[{"href":"https:\/\/www.europesays.com\/de\/wp-json\/wp\/v2\/media?parent=810037"}],"wp:term":[{"taxonomy":"category","embeddable":true,"href":"https:\/\/www.europesays.com\/de\/wp-json\/wp\/v2\/categories?post=810037"},{"taxonomy":"post_tag","embeddable":true,"href":"https:\/\/www.europesays.com\/de\/wp-json\/wp\/v2\/tags?post=810037"}],"curies":[{"name":"wp","href":"https:\/\/api.w.org\/{rel}","templated":true}]}}