{"id":810041,"date":"2026-02-19T17:14:14","date_gmt":"2026-02-19T17:14:14","guid":{"rendered":"https:\/\/www.europesays.com\/de\/810041\/"},"modified":"2026-02-19T17:14:14","modified_gmt":"2026-02-19T17:14:14","slug":"berliner-bezirke-starten-neuen-anlauf-fuer-verpackungssteuer","status":"publish","type":"post","link":"https:\/\/www.europesays.com\/de\/810041\/","title":{"rendered":"Berliner Bezirke starten neuen Anlauf f\u00fcr Verpackungssteuer"},"content":{"rendered":"<p class=\"tspCCnp tspCCnq\">Die Berliner Bezirke haben einen weiteren Anlauf f\u00fcr die Einf\u00fchrung einer Verpackungssteuer auf Einweg-Kaffeebecher, Pizzakartons oder Aluschalen gestartet \u2013 obwohl der Senat das Steuer bisher ablehnt. Das von den Gr\u00fcnen gef\u00fchrte Bezirksamt Friedrichshain-Kreuzberg brachte im Rat der B\u00fcrgermeister der zw\u00f6lf Bezirke eine entsprechende Vorlage ein, die nun angenommen wurde, wie der Bezirk mitteilte.\u00a0<\/p>\n<p>Tagesspiegel Checkpoint: Berlins beliebtester Newsletter<\/p>\n<p><img decoding=\"async\" src=\"https:\/\/www.europesays.com\/de\/wp-content\/uploads\/2025\/04\/cp-icon.png\" alt=\"\" class=\"tspCFgx\"\/><\/p>\n<p class=\"tspCFn5\"> Der schnellste Berlin-\u00dcberblick von Montag bis Samstag. <\/p>\n<p class=\"tspCCnp\">Das sei ein klares Signal, dass der Senat \u201eseine bisherige Blockadehaltung\u201c ablegen m\u00fcsse, erkl\u00e4rte der Bezirk <a href=\"https:\/\/www.tagesspiegel.de\/berlin\/bezirke\/friedrichshain-kreuzberg?icid=in-text-link_15271910\" class=\"link link--internal\" data-gtm-class=\"article-text-link\" data-gtm-val=\"internal\" rel=\"nofollow noopener\" target=\"_blank\">Friedrichshain-Kreuzberg<\/a>. Die Verpackungssteuer k\u00f6nne den Abfall im \u00f6ffentlichen Raum deutlich reduzieren, weil sie Anreiz f\u00fcr die Nutzung von Mehrwegverpackungen biete. <\/p>\n<p class=\"tspCCnp\">Derzeit m\u00fcssten die Bezirke die Kosten f\u00fcr die Beseitigung des M\u00fclls im \u00f6ffentlichen Raum tragen. Diese Kosten w\u00fcrden dann \u00fcber die Stra\u00dfenreinigungsgeb\u00fchr auf die Anwohner \u00fcbertragen.\u00a0<\/p>\n<p> Senat will Regelung auf Bundesebene <\/p>\n<p class=\"tspCCnp\">Der Senat hatte die Einf\u00fchrung Steuer nur in Berlin vor einem Jahr abgelehnt und damit begr\u00fcndet, dass damit ein hoher Verwaltungsaufwand f\u00fcr betroffene Unternehmen sowie die Steuerverwaltung verbunden w\u00e4re. Dies gelte eben besonders bei einer Einf\u00fchrung nur in einzelnen L\u00e4ndern oder Gemeinden. Eine entsprechende Regelung m\u00fcsse auf Bundesebene erfolgen, so der Senat.<\/p>\n<p>Mehr zum Thema Verm\u00fcllung in Berlin<a href=\"https:\/\/www.tagesspiegel.de\/meinung\/leserbriefe\/eine-aufgabe-fur-die-ganze-stadtgesellschaft-allen-die-konsequenzen-der-berliner-vermullung-klarmachen-15266468.html?icid=topic-list_15271910___\" data-gtm-class=\"article-mzt-link\" data-hydrate-fingerprint=\"09740a54944caac75fd2c0c63fd5c5df\" data-hydrate-props=\"{&amp;escapedquot;element&amp;escapedquot;:{&amp;escapedquot;type&amp;escapedquot;:&amp;escapedquot;relatedContent&amp;escapedquot;,&amp;escapedquot;fieldMap&amp;escapedquot;:{},&amp;escapedquot;relation&amp;escapedquot;:{&amp;escapedquot;fields&amp;escapedquot;:{&amp;escapedquot;isPaid&amp;escapedquot;:null},&amp;escapedquot;href&amp;escapedquot;:&amp;escapedquot;\/meinung\/leserbriefe\/eine-aufgabe-fur-die-ganze-stadtgesellschaft-allen-die-konsequenzen-der-berliner-vermullung-klarmachen-15266468.html&amp;escapedquot;,&amp;escapedquot;teaserTitle&amp;escapedquot;:{&amp;escapedquot;kicker&amp;escapedquot;:&amp;escapedquot;Eine Aufgabe f\u00fcr die ganze Stadtgesellschaft&amp;escapedquot;,&amp;escapedquot;headline&amp;escapedquot;:&amp;escapedquot;Allen die Konsequenzen der Berliner Verm\u00fcllung klarmachen&amp;escapedquot;},&amp;escapedquot;id&amp;escapedquot;:&amp;escapedquot;15266468&amp;escapedquot;,&amp;escapedquot;type&amp;escapedquot;:&amp;escapedquot;story&amp;escapedquot;},&amp;escapedquot;isPartOfList&amp;escapedquot;:true,&amp;escapedquot;topicListType&amp;escapedquot;:&amp;escapedquot;topic-list&amp;escapedquot;},&amp;escapedquot;showArrow&amp;escapedquot;:true}\" data-hydrate-slots=\"{&#039;default&#039;:[]}\" class=\"tspC3qb tspC2p9\" rel=\"nofollow noopener\" target=\"_blank\">Eine Aufgabe f\u00fcr die ganze Stadtgesellschaft Allen die Konsequenzen der Berliner Verm\u00fcllung klarmachen <\/a><a href=\"https:\/\/www.tagesspiegel.de\/berlin\/als-anreiz-fur-mehr-kontrollen-bussgelder-von-mullsundern-bekommen-kunftig-berlins-bezirke-15261358.html?icid=topic-list_15271910___\" data-gtm-class=\"article-mzt-link\" data-hydrate-fingerprint=\"09740a54944caac75fd2c0c63fd5c5df\" data-hydrate-props=\"{&amp;escapedquot;element&amp;escapedquot;:{&amp;escapedquot;type&amp;escapedquot;:&amp;escapedquot;relatedContent&amp;escapedquot;,&amp;escapedquot;fieldMap&amp;escapedquot;:{},&amp;escapedquot;relation&amp;escapedquot;:{&amp;escapedquot;fields&amp;escapedquot;:{&amp;escapedquot;isPaid&amp;escapedquot;:null},&amp;escapedquot;href&amp;escapedquot;:&amp;escapedquot;\/berlin\/als-anreiz-fur-mehr-kontrollen-bussgelder-von-mullsundern-bekommen-kunftig-berlins-bezirke-15261358.html&amp;escapedquot;,&amp;escapedquot;teaserTitle&amp;escapedquot;:{&amp;escapedquot;kicker&amp;escapedquot;:&amp;escapedquot;Als \u201eAnreiz\u201c f\u00fcr mehr Kontrollen&amp;escapedquot;,&amp;escapedquot;headline&amp;escapedquot;:&amp;escapedquot;Bu\u00dfgelder von M\u00fclls\u00fcndern bekommen k\u00fcnftig Berlins Bezirke&amp;escapedquot;},&amp;escapedquot;id&amp;escapedquot;:&amp;escapedquot;15261358&amp;escapedquot;,&amp;escapedquot;type&amp;escapedquot;:&amp;escapedquot;story&amp;escapedquot;},&amp;escapedquot;isPartOfList&amp;escapedquot;:true,&amp;escapedquot;topicListType&amp;escapedquot;:&amp;escapedquot;topic-list&amp;escapedquot;},&amp;escapedquot;showArrow&amp;escapedquot;:true}\" data-hydrate-slots=\"{&#039;default&#039;:[]}\" class=\"tspC3qb tspC2p9\" rel=\"nofollow noopener\" target=\"_blank\">Als \u201eAnreiz\u201c f\u00fcr mehr Kontrollen Bu\u00dfgelder von M\u00fclls\u00fcndern bekommen k\u00fcnftig Berlins Bezirke <\/a><a href=\"https:\/\/www.tagesspiegel.de\/berlin\/splitt-mull-und-schlaglocher-in-berlin-wer-kummert-sich-um-die-hinterlassenschaften-des-winters-15236822.html?icid=topic-list_15271910___\" data-gtm-class=\"article-mzt-link\" data-hydrate-fingerprint=\"09740a54944caac75fd2c0c63fd5c5df\" data-hydrate-props=\"{&amp;escapedquot;element&amp;escapedquot;:{&amp;escapedquot;type&amp;escapedquot;:&amp;escapedquot;relatedContent&amp;escapedquot;,&amp;escapedquot;fieldMap&amp;escapedquot;:{},&amp;escapedquot;relation&amp;escapedquot;:{&amp;escapedquot;fields&amp;escapedquot;:{&amp;escapedquot;isPaid&amp;escapedquot;:true},&amp;escapedquot;href&amp;escapedquot;:&amp;escapedquot;\/berlin\/splitt-mull-und-schlaglocher-in-berlin-wer-kummert-sich-um-die-hinterlassenschaften-des-winters-15236822.html&amp;escapedquot;,&amp;escapedquot;teaserTitle&amp;escapedquot;:{&amp;escapedquot;kicker&amp;escapedquot;:&amp;escapedquot;Splitt, M\u00fcll und Schlagl\u00f6cher in Berlin&amp;escapedquot;,&amp;escapedquot;headline&amp;escapedquot;:&amp;escapedquot;Wer k\u00fcmmert sich um die Hinterlassenschaften des Winters?&amp;escapedquot;},&amp;escapedquot;id&amp;escapedquot;:&amp;escapedquot;15236822&amp;escapedquot;,&amp;escapedquot;type&amp;escapedquot;:&amp;escapedquot;story&amp;escapedquot;},&amp;escapedquot;isPartOfList&amp;escapedquot;:true,&amp;escapedquot;topicListType&amp;escapedquot;:&amp;escapedquot;topic-list&amp;escapedquot;},&amp;escapedquot;showArrow&amp;escapedquot;:true}\" data-hydrate-slots=\"{&#039;default&#039;:[]}\" class=\"tspC3qb tspC2p9\" rel=\"nofollow noopener\" target=\"_blank\">Splitt, M\u00fcll und Schlagl\u00f6cher in Berlin Wer k\u00fcmmert sich um die Hinterlassenschaften des Winters? <\/a><\/p>\n<p class=\"tspCCnp\">Das Bundesverfassungsgericht in Karlsruhe hatte am 22. Januar 2024 die Verpackungssteuer der Stadt T\u00fcbingen als verfassungsgem\u00e4\u00df eingestuft. Die Steuer gilt dort schon seit 2022. Sie wird auf Einwegverpackungen, -geschirr und -besteck beim Verkauf von Speisen und Getr\u00e4nken zum Mitnehmen erhoben. (dpa)<\/p>\n","protected":false},"excerpt":{"rendered":"Die Berliner Bezirke haben einen weiteren Anlauf f\u00fcr die Einf\u00fchrung einer Verpackungssteuer auf Einweg-Kaffeebecher, Pizzakartons oder Aluschalen gestartet&hellip;\n","protected":false},"author":2,"featured_media":810042,"comment_status":"","ping_status":"","sticky":false,"template":"","format":"standard","meta":{"footnotes":"","_share_on_mastodon":"0"},"categories":[1825],"tags":[296,29,30],"class_list":["post-810041","post","type-post","status-publish","format-standard","has-post-thumbnail","category-berlin","tag-berlin","tag-deutschland","tag-germany"],"share_on_mastodon":{"url":"https:\/\/pubeurope.com\/@de\/116098424286974833","error":""},"_links":{"self":[{"href":"https:\/\/www.europesays.com\/de\/wp-json\/wp\/v2\/posts\/810041","targetHints":{"allow":["GET"]}}],"collection":[{"href":"https:\/\/www.europesays.com\/de\/wp-json\/wp\/v2\/posts"}],"about":[{"href":"https:\/\/www.europesays.com\/de\/wp-json\/wp\/v2\/types\/post"}],"author":[{"embeddable":true,"href":"https:\/\/www.europesays.com\/de\/wp-json\/wp\/v2\/users\/2"}],"replies":[{"embeddable":true,"href":"https:\/\/www.europesays.com\/de\/wp-json\/wp\/v2\/comments?post=810041"}],"version-history":[{"count":0,"href":"https:\/\/www.europesays.com\/de\/wp-json\/wp\/v2\/posts\/810041\/revisions"}],"wp:featuredmedia":[{"embeddable":true,"href":"https:\/\/www.europesays.com\/de\/wp-json\/wp\/v2\/media\/810042"}],"wp:attachment":[{"href":"https:\/\/www.europesays.com\/de\/wp-json\/wp\/v2\/media?parent=810041"}],"wp:term":[{"taxonomy":"category","embeddable":true,"href":"https:\/\/www.europesays.com\/de\/wp-json\/wp\/v2\/categories?post=810041"},{"taxonomy":"post_tag","embeddable":true,"href":"https:\/\/www.europesays.com\/de\/wp-json\/wp\/v2\/tags?post=810041"}],"curies":[{"name":"wp","href":"https:\/\/api.w.org\/{rel}","templated":true}]}}