{"id":810045,"date":"2026-02-19T17:16:13","date_gmt":"2026-02-19T17:16:13","guid":{"rendered":"https:\/\/www.europesays.com\/de\/810045\/"},"modified":"2026-02-19T17:16:13","modified_gmt":"2026-02-19T17:16:13","slug":"gesetz-zur-sicherung-von-berliner-kleingaerten-nimmt-huerde","status":"publish","type":"post","link":"https:\/\/www.europesays.com\/de\/810045\/","title":{"rendered":"Gesetz zur Sicherung von Berliner Kleing\u00e4rten nimmt H\u00fcrde"},"content":{"rendered":"<p>Mit dem Gesetz sollen die knapp 57.000 landeseigenen Kleing\u00e4rten in Berlin gesichert werden. Demnach d\u00fcrfen Gartenanlagen in Zukunft nur noch in sehr engen Grenzen umgewidmet, also abgebaut werden &#8211; beispielsweise f\u00fcr den Bau bezahlbarer Wohnungen, Schulen, Kitas oder Krankenh\u00e4user. Au\u00dferdem ist eine Bebauung nur dann m\u00f6glich, wenn in der N\u00e4he der bisherigen G\u00e4rten Ersatzfl\u00e4chen zur Verf\u00fcgung stehen.<\/p>\n<p>Die knapp 14.000 Kleing\u00e4rten auf privaten Grundst\u00fccken in Berlin werden durch das neue Gesetz nicht gesch\u00fctzt. Das wollten die Linken mit einem eigenen Gesetzentwurf erreichen. <a data-doctype=\"beitrag\" href=\"http:\/\/www.rbb-online.de\/politik\/beitrag\/2026\/01\/berlin-kleingartengesetz-gutachten-gesetzentwurf-.html\" rel=\"nofollow noopener\" target=\"_blank\">Verschiedene juristische Gutachten<\/a> hatten den Entwurf rechtlich als nicht m\u00f6glich bewertet.<\/p>\n<p>Der Berliner Landesverband der Gartenfreunde hatte das Gesetz schon vor einigen Monaten begr\u00fc\u00dft. Zwar werde nicht jede einzelne Parzelle garantiert erhalten bleiben, aber die Gesamtfl\u00e4che der landeseigenen Kleing\u00e4rten schrumpfe nicht weiter. Der Schutz auf Landesebene gehe \u00fcber die Regelungen des Bundeskleingartengesetzes deutlich hinaus.<\/p>\n","protected":false},"excerpt":{"rendered":"Mit dem Gesetz sollen die knapp 57.000 landeseigenen Kleing\u00e4rten in Berlin gesichert werden. Demnach d\u00fcrfen Gartenanlagen in Zukunft&hellip;\n","protected":false},"author":2,"featured_media":810046,"comment_status":"","ping_status":"","sticky":false,"template":"","format":"standard","meta":{"footnotes":"","_share_on_mastodon":"0"},"categories":[1825],"tags":[296,29,30,134296],"class_list":["post-810045","post","type-post","status-publish","format-standard","has-post-thumbnail","category-berlin","tag-berlin","tag-deutschland","tag-germany","tag-rbb24tagesschau"],"share_on_mastodon":{"url":"https:\/\/pubeurope.com\/@de\/116098432076903911","error":""},"_links":{"self":[{"href":"https:\/\/www.europesays.com\/de\/wp-json\/wp\/v2\/posts\/810045","targetHints":{"allow":["GET"]}}],"collection":[{"href":"https:\/\/www.europesays.com\/de\/wp-json\/wp\/v2\/posts"}],"about":[{"href":"https:\/\/www.europesays.com\/de\/wp-json\/wp\/v2\/types\/post"}],"author":[{"embeddable":true,"href":"https:\/\/www.europesays.com\/de\/wp-json\/wp\/v2\/users\/2"}],"replies":[{"embeddable":true,"href":"https:\/\/www.europesays.com\/de\/wp-json\/wp\/v2\/comments?post=810045"}],"version-history":[{"count":0,"href":"https:\/\/www.europesays.com\/de\/wp-json\/wp\/v2\/posts\/810045\/revisions"}],"wp:featuredmedia":[{"embeddable":true,"href":"https:\/\/www.europesays.com\/de\/wp-json\/wp\/v2\/media\/810046"}],"wp:attachment":[{"href":"https:\/\/www.europesays.com\/de\/wp-json\/wp\/v2\/media?parent=810045"}],"wp:term":[{"taxonomy":"category","embeddable":true,"href":"https:\/\/www.europesays.com\/de\/wp-json\/wp\/v2\/categories?post=810045"},{"taxonomy":"post_tag","embeddable":true,"href":"https:\/\/www.europesays.com\/de\/wp-json\/wp\/v2\/tags?post=810045"}],"curies":[{"name":"wp","href":"https:\/\/api.w.org\/{rel}","templated":true}]}}