{"id":810120,"date":"2026-02-19T18:01:11","date_gmt":"2026-02-19T18:01:11","guid":{"rendered":"https:\/\/www.europesays.com\/de\/810120\/"},"modified":"2026-02-19T18:01:11","modified_gmt":"2026-02-19T18:01:11","slug":"costa-will-schnellstmoeglich-eu-beitrittsprozess-fuer-ukraine-eroeffnen","status":"publish","type":"post","link":"https:\/\/www.europesays.com\/de\/810120\/","title":{"rendered":"Costa will schnellstm\u00f6glich EU-Beitrittsprozess f\u00fcr Ukraine er\u00f6ffnen"},"content":{"rendered":"<p>Costa will schnellstm\u00f6glich EU-Beitrittsprozess f\u00fcr Ukraine er\u00f6ffnen<\/p>\n<p>EU-Ratspr\u00e4sident Ant\u00f3nio Costa hat sich f\u00fcr eine m\u00f6glichst baldigen Beginn des formellen Beitrittsprozesses der Ukraine ausgesprochen. Costa nannte es &#8222;beeindruckend&#8220;, dass Kiew trotz des Kriegs gegen Russland die f\u00fcr einen EU-Beitritt notwendigen Reformen vorantreibe.<\/p>\n","protected":false},"excerpt":{"rendered":"Costa will schnellstm\u00f6glich EU-Beitrittsprozess f\u00fcr Ukraine er\u00f6ffnen EU-Ratspr\u00e4sident Ant\u00f3nio Costa hat sich f\u00fcr eine m\u00f6glichst baldigen Beginn des&hellip;\n","protected":false},"author":2,"featured_media":810121,"comment_status":"","ping_status":"","sticky":false,"template":"","format":"standard","meta":{"footnotes":"","_share_on_mastodon":"0"},"categories":[3933],"tags":[331,332,548,663,158,3934,3935,13,40201,3676,14,15,12,5329,5788],"class_list":["post-810120","post","type-post","status-publish","format-standard","has-post-thumbnail","category-eu","tag-aktuelle-nachrichten","tag-aktuelle-news","tag-eu","tag-europa","tag-europaeische-union","tag-europe","tag-european-union","tag-headlines","tag-kategorien","tag-mediathek","tag-nachrichten","tag-news","tag-schlagzeilen","tag-video","tag-videos"],"share_on_mastodon":{"url":"https:\/\/pubeurope.com\/@de\/116098609152359005","error":""},"_links":{"self":[{"href":"https:\/\/www.europesays.com\/de\/wp-json\/wp\/v2\/posts\/810120","targetHints":{"allow":["GET"]}}],"collection":[{"href":"https:\/\/www.europesays.com\/de\/wp-json\/wp\/v2\/posts"}],"about":[{"href":"https:\/\/www.europesays.com\/de\/wp-json\/wp\/v2\/types\/post"}],"author":[{"embeddable":true,"href":"https:\/\/www.europesays.com\/de\/wp-json\/wp\/v2\/users\/2"}],"replies":[{"embeddable":true,"href":"https:\/\/www.europesays.com\/de\/wp-json\/wp\/v2\/comments?post=810120"}],"version-history":[{"count":0,"href":"https:\/\/www.europesays.com\/de\/wp-json\/wp\/v2\/posts\/810120\/revisions"}],"wp:featuredmedia":[{"embeddable":true,"href":"https:\/\/www.europesays.com\/de\/wp-json\/wp\/v2\/media\/810121"}],"wp:attachment":[{"href":"https:\/\/www.europesays.com\/de\/wp-json\/wp\/v2\/media?parent=810120"}],"wp:term":[{"taxonomy":"category","embeddable":true,"href":"https:\/\/www.europesays.com\/de\/wp-json\/wp\/v2\/categories?post=810120"},{"taxonomy":"post_tag","embeddable":true,"href":"https:\/\/www.europesays.com\/de\/wp-json\/wp\/v2\/tags?post=810120"}],"curies":[{"name":"wp","href":"https:\/\/api.w.org\/{rel}","templated":true}]}}