{"id":810259,"date":"2026-02-19T19:26:14","date_gmt":"2026-02-19T19:26:14","guid":{"rendered":"https:\/\/www.europesays.com\/de\/810259\/"},"modified":"2026-02-19T19:26:14","modified_gmt":"2026-02-19T19:26:14","slug":"beginn-spielplan-teams-und-termine-2","status":"publish","type":"post","link":"https:\/\/www.europesays.com\/de\/810259\/","title":{"rendered":"Beginn, Spielplan, Teams und Termine"},"content":{"rendered":"<p class=\"mb-6 text-xs md:text-m lg:text-l font-serif group-[.font-sans]:font-sans \">\n    Die <a href=\"https:\/\/www.augsburger-allgemeine.de\/organisationen\/europa-league\" target=\"_self\" class=\"underline \" rel=\"nofollow noopener\">Europa League<\/a> ist nach der <a href=\"https:\/\/www.augsburger-allgemeine.de\/organisationen\/aa-champions-league\" target=\"_self\" class=\"underline \" rel=\"nofollow noopener\">Champions League<\/a> der zweitgr\u00f6\u00dfte Wettbewerb auf Klubebene im europ\u00e4ischen Fu\u00dfball. Rekordsieger ist mit sieben Titeln der spanische Verein FC Sevilla, in der abgelaufenen Saison 2024\/25 gewann der Premier-League-Klub Tottenham Hotspur die Troph\u00e4e \u2013 zum dritten Mal in der Vereinshistorie. Der Europa-League-Sieger erh\u00e4lt neben dem Pokal und einer Geldpr\u00e4mie f\u00fcr die kommende Spielzeit automatisch einen Startplatz in der Champions League sowie das Recht, im UEFA-Super-Cup 2026 anzutreten. Beim Super Cup spielen traditionell die jeweiligen Sieger der Champions League und der Europa League gegeneinander.\n  <\/p>\n<p class=\"mb-6 text-xs md:text-m lg:text-l font-serif group-[.font-sans]:font-sans \">\n    Wann startete die Europa League 2025\/26? Welche Teams sind diesmal dabei? Wie lautet der Spielplan und welche Termine sollte man sich vorab merken? Antworten auf diese Fragen sowie weitere n\u00fctzliche Infos haben wir hier f\u00fcr Sie.\n  <\/p>\n<p>            Europa League 2025\/26: Wann war der Start?<\/p>\n<p class=\"mb-6 text-xs md:text-m lg:text-l font-serif group-[.font-sans]:font-sans \">\n    Die Europa-League-Saison 2025\/26 ist gleichzeitig die 55. Ausgabe des Wettbewerbs. Es handelt sich dar\u00fcber hinaus um die 17. Spielzeit, seit aus dem UEFA-Pokal die UEFA Europa League wurde. Nach erfolgreicher Premiere ist es nun die zweite Saison, die im neuen Format ausgetragen wird. Am 24. September 2025 fiel der Startschuss f\u00fcr die neue Saison in der Europa League \u2013 mit Qualifikationsrunden im Juli und August. Das Finale ist derweil f\u00fcr den 20. Mai 2026 in Istanbul geplant. Ausgetragen wird das Endspiel im T\u00fcpra\u015f Stadyumu, dem Heimstadion des t\u00fcrkischen Vereins<strong class=\"font-bold\"> <\/strong>Be\u015fikta\u015f Istanbul.\n  <\/p>\n<p>            Spielplan und Termine der Europa League 2025\/26<\/p>\n<p class=\"mb-6 text-xs md:text-m lg:text-l font-serif group-[.font-sans]:font-sans \">\n    Auch die Rahmentermine der Europa-League-Saison 2025\/26 stehen bereits fest \u2013 laut der UEFA sind allerdings noch \u00c4nderungen m\u00f6glich. Insgesamt gibt es drei Qualifikationsrunden, ehe mit der Ligaphase die erste offizielle Wettbewerbsphase folgt. Diese besteht aus acht Spieltagen. Anschlie\u00dfend folgen die Play-offs, ehe es mit dem Achtelfinale weitergeht. Danach kommen das Viertelfinale, das Halbfinale und schlie\u00dflich das Endspiel, in dem sich entscheidet, wer die Europa League gewinnt.\n  <\/p>\n<p class=\"mb-6 text-xs md:text-m lg:text-l font-serif group-[.font-sans]:font-sans \">\n    Hier einmal die wichtigsten Daten im \u00dcberblick:\n  <\/p>\n<ul rel=\"\" class=\"[&amp;&gt;li]:relative list-none  [&amp;&gt;li]:pl-[1.2em] [&amp;&gt;li]:marker:text-[0] [&amp;&gt;li]:relative [&amp;&gt;li]:before:absolute [&amp;&gt;li]:before:w-3 [&amp;&gt;li]:before:h-3 [&amp;&gt;li]:before:bg-brand [&amp;&gt;li]:before:left-0 [&amp;&gt;li]:before:top-[8px] [&amp;&gt;li]:before:rounded-full  my-5\">\n<li class=\" mb-3 text-xs md:text-m lg:text-l\">Erste Qualifikationsrunde: 10. und 17. Juli 2025<\/li>\n<li class=\" mb-3 text-xs md:text-m lg:text-l\">Zweite Qualifikationsrunde: 24. und 31. Juli 2025<\/li>\n<li class=\" mb-3 text-xs md:text-m lg:text-l\">Dritte Qualifikationsrunde: 7. und 14. August 2025<\/li>\n<li class=\" mb-3 text-xs md:text-m lg:text-l\">Play-offs: 21. und 28. August 2025<\/li>\n<li class=\" mb-3 text-xs md:text-m lg:text-l\">Ligaphase: 24. &amp; 25. September 2025 \u2013 29. Januar 2026<\/li>\n<li class=\" mb-3 text-xs md:text-m lg:text-l\">Play-offs der K.-o.-Phase: 19. und 26. Februar 2026<\/li>\n<li class=\" mb-3 text-xs md:text-m lg:text-l\">Achtelfinale: 12. und 19. M\u00e4rz 2026<\/li>\n<li class=\" mb-3 text-xs md:text-m lg:text-l\">Viertelfinale: 9. und 16. April 2026<\/li>\n<li class=\" mb-3 text-xs md:text-m lg:text-l\">Halbfinale: 30. April und 7. Mai 2026<\/li>\n<li class=\" mb-3 text-xs md:text-m lg:text-l\">Finale: 20. Mai 2026<\/li>\n<\/ul>\n<p>            Europa League 2025\/26: Das sind die Teams<\/p>\n<p class=\"mb-6 text-xs md:text-m lg:text-l font-serif group-[.font-sans]:font-sans \">\n    Insgesamt gehen 36 Mannschaften in der Ligaphase, der ersten offiziellen Wettbewerbsrunde, an den Start. Hier einmal ein \u00dcberblick \u00fcber die Mannschaften in der Europa League 2025\/26:\n  <\/p>\n<ul rel=\"\" class=\"[&amp;&gt;li]:relative list-none  [&amp;&gt;li]:pl-[1.2em] [&amp;&gt;li]:marker:text-[0] [&amp;&gt;li]:relative [&amp;&gt;li]:before:absolute [&amp;&gt;li]:before:w-3 [&amp;&gt;li]:before:h-3 [&amp;&gt;li]:before:bg-brand [&amp;&gt;li]:before:left-0 [&amp;&gt;li]:before:top-[8px] [&amp;&gt;li]:before:rounded-full  my-5\">\n<li class=\" mb-3 text-xs md:text-m lg:text-l\">AS Rom<\/li>\n<li class=\" mb-3 text-xs md:text-m lg:text-l\">FC Basel<\/li>\n<li class=\" mb-3 text-xs md:text-m lg:text-l\">FC Porto<\/li>\n<li class=\" mb-3 text-xs md:text-m lg:text-l\">OSC Lille<\/li>\n<li class=\" mb-3 text-xs md:text-m lg:text-l\">Dinamo Zagreb<\/li>\n<li class=\" mb-3 text-xs md:text-m lg:text-l\">Betis Sevilla<\/li>\n<li class=\" mb-3 text-xs md:text-m lg:text-l\">Aston Villa<\/li>\n<li class=\" mb-3 text-xs md:text-m lg:text-l\">Olympique Lyon<\/li>\n<li class=\" mb-3 text-xs md:text-m lg:text-l\">SC Freiburg<\/li>\n<li class=\" mb-3 text-xs md:text-m lg:text-l\">FC Bologna<\/li>\n<li class=\" mb-3 text-xs md:text-m lg:text-l\">Celta Vigo<\/li>\n<li class=\" mb-3 text-xs md:text-m lg:text-l\">VfB Stuttgart<\/li>\n<li class=\" mb-3 text-xs md:text-m lg:text-l\">Go Ahead Eagles<\/li>\n<li class=\" mb-3 text-xs md:text-m lg:text-l\">Sturm Graz<\/li>\n<li class=\" mb-3 text-xs md:text-m lg:text-l\">FC Utrecht<\/li>\n<li class=\" mb-3 text-xs md:text-m lg:text-l\">Viktoria Pilsen<\/li>\n<li class=\" mb-3 text-xs md:text-m lg:text-l\">Young Boys Bern<\/li>\n<li class=\" mb-3 text-xs md:text-m lg:text-l\">RB Salzburg<\/li>\n<li class=\" mb-3 text-xs md:text-m lg:text-l\">PAOK Saloniki<\/li>\n<li class=\" mb-3 text-xs md:text-m lg:text-l\">FC Midtjylland<\/li>\n<li class=\" mb-3 text-xs md:text-m lg:text-l\">Nottingham Forest<\/li>\n<li class=\" mb-3 text-xs md:text-m lg:text-l\">Panathinaikos Athen<\/li>\n<li class=\" mb-3 text-xs md:text-m lg:text-l\">Maccabi Tel-Aviv<\/li>\n<li class=\" mb-3 text-xs md:text-m lg:text-l\">OGC Nizza<\/li>\n<li class=\" mb-3 text-xs md:text-m lg:text-l\">Ludogorets Rasgrad<\/li>\n<li class=\" mb-3 text-xs md:text-m lg:text-l\">KRC Genk<\/li>\n<li class=\" mb-3 text-xs md:text-m lg:text-l\">Glasgow Rangers<\/li>\n<li class=\" mb-3 text-xs md:text-m lg:text-l\">Malm\u00f6 FF<\/li>\n<li class=\" mb-3 text-xs md:text-m lg:text-l\">Feyenoord Rotterdam<\/li>\n<li class=\" mb-3 text-xs md:text-m lg:text-l\">Ferencv\u00e1ros<\/li>\n<li class=\" mb-3 text-xs md:text-m lg:text-l\">Fenerbahce Istanbul<\/li>\n<li class=\" mb-3 text-xs md:text-m lg:text-l\">FCSB<\/li>\n<li class=\" mb-3 text-xs md:text-m lg:text-l\">Roter Stern Belgrad<\/li>\n<li class=\" mb-3 text-xs md:text-m lg:text-l\">Celtic Glasgow<\/li>\n<li class=\" mb-3 text-xs md:text-m lg:text-l\">Brann Bergen<\/li>\n<li class=\" mb-3 text-xs md:text-m lg:text-l\">SC Braga<\/li>\n<\/ul>\n<p>            Europa League 2025\/26: Das sind die Paarungen in der Ligaphase<\/p>\n<p class=\"mb-6 text-xs md:text-m lg:text-l font-serif group-[.font-sans]:font-sans \">\n    Hier einmal eine \u00dcbersicht dar\u00fcber, gegen welche acht Teams jede der 36 Mannschaften in der Ligaphase der Europa League 2025\/26 antritt:\n  <\/p>\n<p class=\"mb-6 text-xs md:text-m lg:text-l font-serif group-[.font-sans]:font-sans \">\n    <strong class=\"font-bold\">Aston Villa<\/strong><br \/>RB Salzburg<br \/>Maccabi Tel-Aviv<br \/>Young Boys Bern<br \/>FC Bologna<br \/>Feyenoord Rotterdam<br \/>Fenerbahce Istanbul<br \/>FC Basel<br \/>Go Ahead Eagles\n  <\/p>\n<p class=\"mb-6 text-xs md:text-m lg:text-l font-serif group-[.font-sans]:font-sans \">\n    <strong class=\"font-bold\">FC Basel<\/strong><br \/>Aston Villa<br \/>Viktoria Pilsen<br \/>FCSB<br \/>VFB Stuttgart<br \/>RB Salzburg<br \/>Olympique Lyon<br \/>SC Freiburg<br \/>KRC Genk\n  <\/p>\n<p class=\"mb-6 text-xs md:text-m lg:text-l font-serif group-[.font-sans]:font-sans \">\n    <strong class=\"font-bold\">FC Bologna<\/strong><br \/>RB Salzburg<br \/>Celtic Glasgow<br \/>SC Freiburg<br \/>Brann Bergen<br \/>Aston Villa<br \/>Maccabi Tel-Aviv<br \/>FCSB<br \/>Celta Vigo\n  <\/p>\n<p class=\"mb-6 text-xs md:text-m lg:text-l font-serif group-[.font-sans]:font-sans \">\n    <strong class=\"font-bold\">SC Braga<\/strong><br \/>Feyenoord Rotterdam<br \/>Roter Stern Belgrad<br \/>Nottingham Forest<br \/>KRC Genk<br \/>Glasgow Rangers<br \/>Celtic Glasgow<br \/>OGC Nizza<br \/>Go Ahead Eagles\n  <\/p>\n<p class=\"mb-6 text-xs md:text-m lg:text-l font-serif group-[.font-sans]:font-sans \">\n    <strong class=\"font-bold\">Brann Bergen<\/strong><br \/>Glasgow Rangers<br \/>Fenerbahce Istanbul<br \/>FC Midtjylland<br \/>FC Utrecht<br \/>OSC Lille<br \/>PAOK Saloniki<br \/>Sturm Graz<br \/>FC Bologna\n  <\/p>\n<p class=\"mb-6 text-xs md:text-m lg:text-l font-serif group-[.font-sans]:font-sans \">\n    <strong class=\"font-bold\">Celta Vigo<\/strong><br \/>OSC Lille<br \/>PAOK Saloniki<br \/>OGC Nizza<br \/>FC Bologna<br \/>Dinamo Zagreb<br \/>Roter Stern Belgrad<br \/>Ludogorets Rasgrad<br \/>VfB Stuttgart\n  <\/p>\n<p class=\"mb-6 text-xs md:text-m lg:text-l font-serif group-[.font-sans]:font-sans \">\n    <strong class=\"font-bold\">Celtic Glasgow<\/strong><br \/>AS Rom<br \/>SC Braga<br \/>Sturm Graz<br \/>FC Utrecht<br \/>Feyenoord Rotterdam<br \/>Roter Stern Belgrad<br \/>FC Midtjylland<br \/>FC Bologna\n  <\/p>\n<p class=\"mb-6 text-xs md:text-m lg:text-l font-serif group-[.font-sans]:font-sans \">\n    <strong class=\"font-bold\">Roter Stern Belgrad<\/strong><br \/>OSC Lille<br \/>Celtic Glasgow<br \/>FCSB<br \/>Celta Vigo<br \/>FC Porto<br \/>SC Braga<br \/>Sturm Graz<br \/>Malm\u00f6 FF\n  <\/p>\n<p class=\"mb-6 text-xs md:text-m lg:text-l font-serif group-[.font-sans]:font-sans \">\n    <strong class=\"font-bold\">FCSB<\/strong><br \/>Feyenoord Rotterdam<br \/>Fenerbahce Istanbul<br \/>Young Boys Bern<br \/>FC Bologna<br \/>Dinamo Zagreb<br \/>Roter Stern Belgrad<br \/>FC Basel<br \/>Go Ahead Eagles\n  <\/p>\n<p class=\"mb-6 text-xs md:text-m lg:text-l font-serif group-[.font-sans]:font-sans \">\n    <strong class=\"font-bold\">Fenerbahce Istanbul<\/strong><br \/>Aston Villa<br \/>Ferencv\u00e1ros<br \/>OGC Nizza<br \/>VfB Stuttgart<br \/>Dinamo Zagreb<br \/>Viktoria Pilsen<br \/>FCSB<br \/>Brann Bergen\n  <\/p>\n<p class=\"mb-6 text-xs md:text-m lg:text-l font-serif group-[.font-sans]:font-sans \">\n    <strong class=\"font-bold\">Ferencv\u00e1ros<\/strong><br \/>Glasgow Rangers<br \/>Viktoria Pilsen<br \/>Ludogorets Rasgrad<br \/>Panathinaikos Athen<br \/>RB Salzburg<br \/>Fenerbahce Istanbul<br \/>Nottingham Forest<br \/>KRC Genk\n  <\/p>\n<p class=\"mb-6 text-xs md:text-m lg:text-l font-serif group-[.font-sans]:font-sans \">\n    <strong class=\"font-bold\">Feyenoord Rotterdam<\/strong><br \/>Aston Villa<br \/>Celtic Glasgow<br \/>Sturm Graz<br \/>Panathinaikos Athen<br \/>Betis Sevilla<br \/>SC Braga<br \/>FCSB<br \/>VfB Stuttgart\n  <\/p>\n<p class=\"mb-6 text-xs md:text-m lg:text-l font-serif group-[.font-sans]:font-sans \">\n    <strong class=\"font-bold\">SC Freiburg<\/strong><br \/>RB Salzburg<br \/>Maccabi Tel-Aviv<br \/>FC Basel<br \/>FC Utrecht<br \/>OSC Lille<br \/>Viktoria Pilsen<br \/>OGC Nizza<br \/>FC Bologna\n  <\/p>\n<p class=\"mb-6 text-xs md:text-m lg:text-l font-serif group-[.font-sans]:font-sans \">\n    <strong class=\"font-bold\">KRC Genk<\/strong><br \/>Betis Sevilla<br \/>Ferencv\u00e1ros<br \/>FC Basel<br \/>Malm\u00f6 FF<br \/>Glasgow Rangers<br \/>SC Braga<br \/>FC Midtjylland<br \/>FC Utrecht\n  <\/p>\n<p class=\"mb-6 text-xs md:text-m lg:text-l font-serif group-[.font-sans]:font-sans \">\n    <strong class=\"font-bold\">Dinamo Zagreb<\/strong><br \/>Betis Sevilla<br \/>Fenerbahce Istanbul<br \/>FCSB<br \/>Celta Vigo<br \/>OSC Lille<br \/>Maccabi Tel-Aviv<br \/>FC Midtjylland<br \/>Malm\u00f6 FF\n  <\/p>\n<p class=\"mb-6 text-xs md:text-m lg:text-l font-serif group-[.font-sans]:font-sans \">\n    <strong class=\"font-bold\">Go Ahead Eagles<\/strong><br \/>Aston Villa<br \/>SC Braga<br \/>FCSB<br \/>VfB Stuttgart<br \/>RB Salzburg<br \/>Olympique Lyon<br \/>OGC Nizza<br \/>Panathinaikos Athen\n  <\/p>\n<p class=\"mb-6 text-xs md:text-m lg:text-l font-serif group-[.font-sans]:font-sans \">\n    <strong class=\"font-bold\">OSC Lille<\/strong><br \/>Dinamo Zagreb<br \/>PAOK Saloniki<br \/>SC Freiburg<br \/>Brann Bergen<br \/>AS Rom<br \/>Roter Stern Belgrad<br \/>Young Boys Bern<br \/>Celta Vigo\n  <\/p>\n<p class=\"mb-6 text-xs md:text-m lg:text-l font-serif group-[.font-sans]:font-sans \">\n    <strong class=\"font-bold\">Ludogorets Rasgrad<\/strong><br \/>Betis Sevilla<br \/>PAOK Saloniki<br \/>OGC Nizza<br \/>Celta Vigo<br \/>Glasgow Rangers<br \/>Ferencv\u00e1ros<br \/>Young Boys Bern<br \/>Malm\u00f6 FF\n  <\/p>\n<p class=\"mb-6 text-xs md:text-m lg:text-l font-serif group-[.font-sans]:font-sans \">\n    <strong class=\"font-bold\">Olympique Lyon<\/strong><br \/>RB Salzburg<br \/>PAOK Saloniki<br \/>FC Basel<br \/>Go Ahead Eagles<br \/>Betis Sevilla<br \/>Maccabi Tel-Aviv<br \/>Young Boys Bern<br \/>FC Utrecht\n  <\/p>\n<p class=\"mb-6 text-xs md:text-m lg:text-l font-serif group-[.font-sans]:font-sans \">\n    <strong class=\"font-bold\">Maccabi Tel-Aviv<\/strong><br \/>Dinamo Zagreb<br \/>Olympique Lyon<br \/>FC Midtjylland<br \/>FC Bologna<br \/>Aston Villa<br \/>PAOK Saloniki<br \/>SC Freiburg<br \/>VfB Stuttgart\n  <\/p>\n<p class=\"mb-6 text-xs md:text-m lg:text-l font-serif group-[.font-sans]:font-sans \">\n    <strong class=\"font-bold\">Malm\u00f6 FF<\/strong><br \/>Dinamo Zagreb<br \/>Roter Stern Belgrad<br \/>Ludogorets Rasgrad<br \/>Panathinaikos Athen<br \/>FC Porto<br \/>Viktoria Pilsen<br \/>Nottingham Forest<br \/>KRC Genk\n  <\/p>\n<p class=\"mb-6 text-xs md:text-m lg:text-l font-serif group-[.font-sans]:font-sans \">\n    <strong class=\"font-bold\">FC Midtjylland<\/strong><br \/>Dinamo Zagreb<br \/>Celtic Glasgow<br \/>Sturm Graz<br \/>KRC Genk<br \/>AS Rom<br \/>Maccabi Tel-Aviv<br \/>Nottingham Forest<br \/>Brann Bergen\n  <\/p>\n<p class=\"mb-6 text-xs md:text-m lg:text-l font-serif group-[.font-sans]:font-sans \">\n    <strong class=\"font-bold\">OGC Nizza<\/strong><br \/>AS Rom<br \/>SC Braga<br \/>SC Freiburg<br \/>Go Ahead Eagles<br \/>FC Porto<br \/>Fenerbahce Istanbul<br \/>Ludogorets Rasgrad<br \/>Celta Vigo\n  <\/p>\n<p class=\"mb-6 text-xs md:text-m lg:text-l font-serif group-[.font-sans]:font-sans \">\n    <strong class=\"font-bold\">Nottingham Forest<\/strong><br \/>FC Porto <br \/>Ferencv\u00e1ros<br \/>FC Midtjylland<br \/>Malm\u00f6 FF<br \/>Betis Sevilla<br \/>SC Braga<br \/>Sturm Graz<br \/>FC Utrecht\n  <\/p>\n<p class=\"mb-6 text-xs md:text-m lg:text-l font-serif group-[.font-sans]:font-sans \">\n    <strong class=\"font-bold\">Panathinaikos Athen<\/strong><br \/>AS Rom<br \/>Viktoria Pilsen<br \/>Sturm Graz<br \/>Go Ahead Eagles<br \/>Feyenoord Rotterdam<br \/>Ferencv\u00e1ros<br \/>Young Boys Bern<br \/>Malm\u00f6 FF\n  <\/p>\n<p class=\"mb-6 text-xs md:text-m lg:text-l font-serif group-[.font-sans]:font-sans \">\n    <strong class=\"font-bold\">PAOK Saloniki<\/strong><br \/>Betis Sevilla<br \/>Maccabi Tel-Aviv<br \/>Young Boys Bern<br \/>Brann Bergen<br \/>OSC Lille<br \/>Olympique Lyon<br \/>Ludogorets Rasgrad<br \/>Celta Vigo\n  <\/p>\n<p class=\"mb-6 text-xs md:text-m lg:text-l font-serif group-[.font-sans]:font-sans \">\n    <strong class=\"font-bold\">FC Porto<\/strong><br \/>Glasgow Rangers<br \/>Roter Stern Belgrad<br \/>OGC Nizza<br \/>Malm\u00f6 FF<br \/>RB Salzburg<br \/>Viktoria Pilsen<br \/>Nottingham Forest<br \/>FC Utrecht\n  <\/p>\n<p class=\"mb-6 text-xs md:text-m lg:text-l font-serif group-[.font-sans]:font-sans \">\n    <strong class=\"font-bold\">Glasgow Rangers<\/strong><br \/>AS Rom<br \/>SC Braga<br \/>Ludogorets Rasgrad<br \/>KRC Genk<br \/>FC Porto<br \/>Ferencv\u00e1ros<br \/>Sturm Graz<br \/>Brann Bergen\n  <\/p>\n<p class=\"mb-6 text-xs md:text-m lg:text-l font-serif group-[.font-sans]:font-sans \">\n    <strong class=\"font-bold\">Betis Sevilla<\/strong><br \/>Feyenoord Rotterdam<br \/>Olympique Lyon<br \/>Nottingham Forest<br \/>FC Utrecht<br \/>Dinamo Zagreb<br \/>PAOK Saloniki<br \/>Ludogorets Rasgrad<br \/>KRC Genk\n  <\/p>\n<p class=\"mb-6 text-xs md:text-m lg:text-l font-serif group-[.font-sans]:font-sans \">\n    <strong class=\"font-bold\">AS Rom<\/strong><br \/>OSC Lille<br \/>Viktoria Pilsen<br \/>FC Midtjylland<br \/>VfB Stuttgart<br \/>Glasgow Rangers<br \/>Celtic Glasgow<br \/>OGC Nizza<br \/>Panathinaikos Athen\n  <\/p>\n<p class=\"mb-6 text-xs md:text-m lg:text-l font-serif group-[.font-sans]:font-sans \">\n    <strong class=\"font-bold\">RB Salzburg<\/strong><br \/>FC Porto<br \/>Ferencv\u00e1ros<br \/>FC Basel<br \/>Go Ahead Eagles<br \/>Aston Villa<br \/>Olympique Lyon<br \/>SC Freiburg<br \/>FC Bologna\n  <\/p>\n<p class=\"mb-6 text-xs md:text-m lg:text-l font-serif group-[.font-sans]:font-sans \">\n    <strong class=\"font-bold\">Sturm Graz<\/strong><br \/>Glasgow Rangers<br \/>Roter Stern Belgrad<br \/>Nottingham Forest<br \/>Brann Bergen<br \/>Feyenoord Rotterdam<br \/>Celtic Glasgow<br \/>FC Midtjylland<br \/>Panathinaikos Athen\n  <\/p>\n<p class=\"mb-6 text-xs md:text-m lg:text-l font-serif group-[.font-sans]:font-sans \">\n    <strong class=\"font-bold\">VfB Stuttgart<\/strong><br \/>Feyenoord Rotterdam<br \/>Maccabi Tel-Aviv<br \/>Young Boys Bern<br \/>Celta Vigo<br \/>AS Rom<br \/>Fenerbahce Istanbul<br \/>FC Basel<br \/>Go Ahead Eagles\n  <\/p>\n<p class=\"mb-6 text-xs md:text-m lg:text-l font-serif group-[.font-sans]:font-sans \">\n    <strong class=\"font-bold\">FC Utrecht<\/strong><br \/>FC Porto<br \/>Olympique Lyon<br \/>Nottingham Forest<br \/>KRC Genk<br \/>Betis Sevilla<br \/>Celtic Glasgow<br \/>SC Freiburg<br \/>Brann Bergen\n  <\/p>\n<p class=\"mb-6 text-xs md:text-m lg:text-l font-serif group-[.font-sans]:font-sans \">\n    <strong class=\"font-bold\">Viktoria Pilsen<\/strong><br \/>FC Porto<br \/>Fenerbahce Istanbul<br \/>SC Freiburg<br \/>Malm\u00f6 FF<br \/>AS Rom<br \/>Ferencv\u00e1ros<br \/>FC Basel<br \/>Panathinaikos Athen\n  <\/p>\n<p class=\"mb-6 text-xs md:text-m lg:text-l font-serif group-[.font-sans]:font-sans \">\n    <strong class=\"font-bold\">Young Boys Bern<\/strong><br \/>OSC Lille<br \/>Olympique Lyon<br \/>Ludogorets Rasgrad<br \/>Panathinaikos Athen<br \/>Aston Villa<br \/>PAOK Saloniki<br \/>FCSB<br \/>VfB Stuttgart\n  <\/p>\n<ul data-module-id=\"DragDropModule\" class=\"flex flex-wrap justify-start group-[.no-bookmarks]:hidden\">\n<li class=\"mb-3 mr-3\">\n    Lea Selin Thomas<\/p>\n<p>      Icon Haken im Kreis gesetzt<\/p>\n<p>      Icon Plus im Kreis<\/p>\n<\/li>\n<li class=\"mb-3 mr-3\">\n    Europa League<\/p>\n<p>      Icon Haken im Kreis gesetzt<\/p>\n<p>      Icon Plus im Kreis<\/p>\n<\/li>\n<li class=\"mb-3 mr-3\">\n    Spielplan<\/p>\n<p>      Icon Haken im Kreis gesetzt<\/p>\n<p>      Icon Plus im Kreis<\/p>\n<\/li>\n<\/ul>\n","protected":false},"excerpt":{"rendered":"Die Europa League ist nach der Champions League der zweitgr\u00f6\u00dfte Wettbewerb auf Klubebene im europ\u00e4ischen Fu\u00dfball. Rekordsieger ist&hellip;\n","protected":false},"author":2,"featured_media":448807,"comment_status":"","ping_status":"","sticky":false,"template":"","format":"standard","meta":{"footnotes":"","_share_on_mastodon":"0"},"categories":[3933],"tags":[331,332,468,2362,548,663,5855,158,3934,3935,62973,13,182157,14,15,56289,12,21013,11896,1681,182158],"class_list":["post-810259","post","type-post","status-publish","format-standard","has-post-thumbnail","category-eu","tag-aktuelle-nachrichten","tag-aktuelle-news","tag-champions-league","tag-endspiel","tag-eu","tag-europa","tag-europa-league","tag-europaeische-union","tag-europe","tag-european-union","tag-fc-sevilla","tag-headlines","tag-klubebene","tag-nachrichten","tag-news","tag-premier-lease-loan-services-insurance-agency","tag-schlagzeilen","tag-spielplan","tag-tottenham-hotspur","tag-uefa","tag-uefa-pokal"],"share_on_mastodon":{"url":"https:\/\/pubeurope.com\/@de\/116098943403961342","error":""},"_links":{"self":[{"href":"https:\/\/www.europesays.com\/de\/wp-json\/wp\/v2\/posts\/810259","targetHints":{"allow":["GET"]}}],"collection":[{"href":"https:\/\/www.europesays.com\/de\/wp-json\/wp\/v2\/posts"}],"about":[{"href":"https:\/\/www.europesays.com\/de\/wp-json\/wp\/v2\/types\/post"}],"author":[{"embeddable":true,"href":"https:\/\/www.europesays.com\/de\/wp-json\/wp\/v2\/users\/2"}],"replies":[{"embeddable":true,"href":"https:\/\/www.europesays.com\/de\/wp-json\/wp\/v2\/comments?post=810259"}],"version-history":[{"count":0,"href":"https:\/\/www.europesays.com\/de\/wp-json\/wp\/v2\/posts\/810259\/revisions"}],"wp:featuredmedia":[{"embeddable":true,"href":"https:\/\/www.europesays.com\/de\/wp-json\/wp\/v2\/media\/448807"}],"wp:attachment":[{"href":"https:\/\/www.europesays.com\/de\/wp-json\/wp\/v2\/media?parent=810259"}],"wp:term":[{"taxonomy":"category","embeddable":true,"href":"https:\/\/www.europesays.com\/de\/wp-json\/wp\/v2\/categories?post=810259"},{"taxonomy":"post_tag","embeddable":true,"href":"https:\/\/www.europesays.com\/de\/wp-json\/wp\/v2\/tags?post=810259"}],"curies":[{"name":"wp","href":"https:\/\/api.w.org\/{rel}","templated":true}]}}