{"id":810336,"date":"2026-02-19T20:10:17","date_gmt":"2026-02-19T20:10:17","guid":{"rendered":"https:\/\/www.europesays.com\/de\/810336\/"},"modified":"2026-02-19T20:10:17","modified_gmt":"2026-02-19T20:10:17","slug":"beim-dschungelcamp-nachspiel-kracht-es-gewaltig","status":"publish","type":"post","link":"https:\/\/www.europesays.com\/de\/810336\/","title":{"rendered":"Beim Dschungelcamp-Nachspiel kracht es gewaltig"},"content":{"rendered":"<p>                                                                        Dschungelcamp-Star Ariel k\u00fcndigt an: &#8222;Das Wiedersehen war der reinste Fiebertraum&#8220;<\/p>\n<p>&#8222;Ihr k\u00f6nnt euch nicht vorstellen, wie der Dreh vom Nachspiel gestern war&#8220;, k\u00fcndigt Eva Benetatou (33) in dem sozialen Netzwerk an. &#8222;Ich f\u00fcrchte, dass sich einige damit keinen Gefallen getan haben und eventuell auch mal ein Gl\u00e4schen zu viel hatten&#8220;, so die ehemalige &#8222;Bachelor&#8220;-Kandidatin weiter.<\/p>\n<p>Und damit nicht genug: &#8222;Ja, da w\u00fcrde ich tats\u00e4chlich sagen, das war peinlich und \u00fcberheblich. [\u2026] Wie sagt man so sch\u00f6n: Hochmut kommt meist vor dem Fall.&#8220; Wen die 33-J\u00e4hrige damit genau meint, hat sie nicht verraten. Fakt ist aber, dass es beim Nachspiel wohl zu Auseinandersetzungen kommen wird.<\/p>\n<p>Auch Samira Yavuz (32) hat sich zu Wort gemeldet. &#8222;Ich fand den Dreh gestern echt am\u00fcsant. Gab doch nochmal das ein oder andere zu diskutieren, aber war ja klar, denke ich&#8220;, offenbart die Dschungel-Zweitplatzierte.<\/p>\n<p><a href=\"https:\/\/www.tvspielfilm.de\/news\/stars\/nach-dschungelcamp-aus-ariel-geht-wieder-auf-gil-ofarim-los,13265987,ApplicationArticle.html\" rel=\"nofollow noopener\" target=\"_blank\">Ariel (22), die im Dschungelcamp immer wieder auf Gil Ofarim losging<\/a>,\u00a0verr\u00e4t bei Instagram ebenfalls einige Details: &#8222;Macht euch auf was gefasst. [\u2026] Es wird auf jeden Fall spannend und auch peinlich!&#8220; Die Schweizer &#8222;Bachelorette&#8220; f\u00fcgt hinzu: &#8222;Das Wiedersehen war der reinste Fiebertraum.&#8220;<\/p>\n<p>Auf den neuen\u00a0<a href=\"https:\/\/www.tvspielfilm.de\/news\/tv\/zeigt-die-dummheit-der-heutigen-gesellschaft-zuschauer-reaktion-dschungelkoenig-gil-ofarim,13266540,ApplicationArticle.html\" rel=\"nofollow noopener\" target=\"_blank\">Dschungelk\u00f6nig Gil Ofarim gab es \u00fcbrigens derbe Zuschauer-Reaktionen<\/a>.<\/p>\n<p>Von KUKKSI REDAKTION<\/p>\n","protected":false},"excerpt":{"rendered":"Dschungelcamp-Star Ariel k\u00fcndigt an: &#8222;Das Wiedersehen war der reinste Fiebertraum&#8220; &#8222;Ihr k\u00f6nnt euch nicht vorstellen, wie der Dreh&hellip;\n","protected":false},"author":2,"featured_media":810337,"comment_status":"","ping_status":"","sticky":false,"template":"","format":"standard","meta":{"footnotes":"","_share_on_mastodon":"0"},"categories":[1773],"tags":[166130,29,933,214,30,21125,29781,640,471,1780,215],"class_list":["post-810336","post","type-post","status-publish","format-standard","has-post-thumbnail","category-serien","tag-ariel","tag-deutschland","tag-dschungelcamp","tag-entertainment","tag-germany","tag-gil-ofarim","tag-nachspiel","tag-rtl","tag-serien","tag-series","tag-unterhaltung"],"share_on_mastodon":{"url":"https:\/\/pubeurope.com\/@de\/116099116392707160","error":""},"_links":{"self":[{"href":"https:\/\/www.europesays.com\/de\/wp-json\/wp\/v2\/posts\/810336","targetHints":{"allow":["GET"]}}],"collection":[{"href":"https:\/\/www.europesays.com\/de\/wp-json\/wp\/v2\/posts"}],"about":[{"href":"https:\/\/www.europesays.com\/de\/wp-json\/wp\/v2\/types\/post"}],"author":[{"embeddable":true,"href":"https:\/\/www.europesays.com\/de\/wp-json\/wp\/v2\/users\/2"}],"replies":[{"embeddable":true,"href":"https:\/\/www.europesays.com\/de\/wp-json\/wp\/v2\/comments?post=810336"}],"version-history":[{"count":0,"href":"https:\/\/www.europesays.com\/de\/wp-json\/wp\/v2\/posts\/810336\/revisions"}],"wp:featuredmedia":[{"embeddable":true,"href":"https:\/\/www.europesays.com\/de\/wp-json\/wp\/v2\/media\/810337"}],"wp:attachment":[{"href":"https:\/\/www.europesays.com\/de\/wp-json\/wp\/v2\/media?parent=810336"}],"wp:term":[{"taxonomy":"category","embeddable":true,"href":"https:\/\/www.europesays.com\/de\/wp-json\/wp\/v2\/categories?post=810336"},{"taxonomy":"post_tag","embeddable":true,"href":"https:\/\/www.europesays.com\/de\/wp-json\/wp\/v2\/tags?post=810336"}],"curies":[{"name":"wp","href":"https:\/\/api.w.org\/{rel}","templated":true}]}}