{"id":810406,"date":"2026-02-19T20:47:22","date_gmt":"2026-02-19T20:47:22","guid":{"rendered":"https:\/\/www.europesays.com\/de\/810406\/"},"modified":"2026-02-19T20:47:22","modified_gmt":"2026-02-19T20:47:22","slug":"europa-league-fenerbahce-verliert-klar-tedesco-droht-das-aus","status":"publish","type":"post","link":"https:\/\/www.europesays.com\/de\/810406\/","title":{"rendered":"Europa League | Fenerbahce verliert klar: Tedesco droht das Aus"},"content":{"rendered":"<p>\tEuropa League | Fenerbahce verliert klar: Tedesco droht das Aus<\/p>\n<p>\t\t\t\t\t\t<a href=\"https:\/\/www.sport.de\/fussball\/uefa-europa-league\/magazin\/\" rel=\"nofollow noopener\" target=\"_blank\"><img decoding=\"async\" onerror=\"this.style.display='none'\" src=\"https:\/\/www.europesays.com\/de\/wp-content\/uploads\/2025\/09\/132.png\" alt=\"Europa League\" title=\"Europa League\"\/>Europa League<\/a><\/p>\n<p>Artikel teilen<\/p>\n<p>\n\t\tFu\u00dfball UEFA\u00a0Europa League\u00a0 News\n\t<\/p>\n<p>* Wir arbeiten in diesem Beitrag mit Affiliate-Links. Wenn Sie \u00fcber diese Links ein Produkt kaufen, erhalten wir vom Anbieter eine Provision. F\u00fcr Sie entstehen dabei keine Mehrkosten. Wo und wann Sie ein Produkt kaufen, bleibt nat\u00fcrlich Ihnen \u00fcberlassen.<\/p>\n","protected":false},"excerpt":{"rendered":"Europa League | Fenerbahce verliert klar: Tedesco droht das Aus Europa League Artikel teilen Fu\u00dfball UEFA\u00a0Europa League\u00a0 News&hellip;\n","protected":false},"author":2,"featured_media":810407,"comment_status":"","ping_status":"","sticky":false,"template":"","format":"standard","meta":{"footnotes":"","_share_on_mastodon":"0"},"categories":[3933],"tags":[331,332,548,663,5855,158,3934,3935,13918,347,13,14,15,24307,12,887],"class_list":["post-810406","post","type-post","status-publish","format-standard","has-post-thumbnail","category-eu","tag-aktuelle-nachrichten","tag-aktuelle-news","tag-eu","tag-europa","tag-europa-league","tag-europaeische-union","tag-europe","tag-european-union","tag-fenerbahce-istanbul","tag-fussball","tag-headlines","tag-nachrichten","tag-news","tag-nottingham-forest","tag-schlagzeilen","tag-top-fussball"],"share_on_mastodon":{"url":"https:\/\/pubeurope.com\/@de\/116099261808059546","error":""},"_links":{"self":[{"href":"https:\/\/www.europesays.com\/de\/wp-json\/wp\/v2\/posts\/810406","targetHints":{"allow":["GET"]}}],"collection":[{"href":"https:\/\/www.europesays.com\/de\/wp-json\/wp\/v2\/posts"}],"about":[{"href":"https:\/\/www.europesays.com\/de\/wp-json\/wp\/v2\/types\/post"}],"author":[{"embeddable":true,"href":"https:\/\/www.europesays.com\/de\/wp-json\/wp\/v2\/users\/2"}],"replies":[{"embeddable":true,"href":"https:\/\/www.europesays.com\/de\/wp-json\/wp\/v2\/comments?post=810406"}],"version-history":[{"count":0,"href":"https:\/\/www.europesays.com\/de\/wp-json\/wp\/v2\/posts\/810406\/revisions"}],"wp:featuredmedia":[{"embeddable":true,"href":"https:\/\/www.europesays.com\/de\/wp-json\/wp\/v2\/media\/810407"}],"wp:attachment":[{"href":"https:\/\/www.europesays.com\/de\/wp-json\/wp\/v2\/media?parent=810406"}],"wp:term":[{"taxonomy":"category","embeddable":true,"href":"https:\/\/www.europesays.com\/de\/wp-json\/wp\/v2\/categories?post=810406"},{"taxonomy":"post_tag","embeddable":true,"href":"https:\/\/www.europesays.com\/de\/wp-json\/wp\/v2\/tags?post=810406"}],"curies":[{"name":"wp","href":"https:\/\/api.w.org\/{rel}","templated":true}]}}