{"id":810722,"date":"2026-02-19T23:41:43","date_gmt":"2026-02-19T23:41:43","guid":{"rendered":"https:\/\/www.europesays.com\/de\/810722\/"},"modified":"2026-02-19T23:41:43","modified_gmt":"2026-02-19T23:41:43","slug":"trainer-thomas-stamm-wird-43-und-arbeitet-statt-zu-feiern","status":"publish","type":"post","link":"https:\/\/www.europesays.com\/de\/810722\/","title":{"rendered":"Trainer Thomas Stamm wird 43 und arbeitet statt zu feiern"},"content":{"rendered":"<p>Dynamo Dresden in der 2. Bundesliga \u2013 das Wichtigste in K\u00fcrze:Donnerstag, 19. Februar<\/p>\n<p class=\"Textstyled__Text-sc-1cqv9mi-0 dKgfuR\"><b>16.09 Uhr: Thomas Stamm wird 43 &#8211; und arbeitet statt zu feiern<\/b><\/p>\n<p>Weiterlesen nach der Anzeige<\/p>\n<p>Weiterlesen nach der Anzeige<\/p>\n<p class=\"Textstyled__Text-sc-1cqv9mi-0 dKgfuR\">Zum zweiten Mal als Dynamo-Trainer feiert Thomas Stamm Geburtstag &#8211; und wie vor einem Jahr verbringt er den vor allem mit Arbeit. Vor 43 Jahren wurde Stamm in Z\u00fcrich geboren, doch ein gro\u00dfes Fest hat er offensichtlich nicht geplant. \u201eJe \u00e4lter man wird, umso normaler wird solch ein Tag\u201c, hatte er 2025 kurz nach seinem 42. Geburtstag erz\u00e4hlt. \u201eAber ich freue mich nat\u00fcrlich \u00fcber die Gl\u00fcckw\u00fcnsche.\u201c Seine Spieler k\u00f6nnten ihm am Sonntag mit einem Sieg in Hannover wahrscheinlich das gr\u00f6\u00dfte Geschenk machen. <\/p>\n<p>Mittwoch, 18. Februar<\/p>\n<p class=\"Textstyled__Text-sc-1cqv9mi-0 dKgfuR\"><b>20.12 Uhr: Dynamo muss 113.600 Euro Strafe an den DFB zahlen<\/b><\/p>\n<p class=\"Textstyled__Text-sc-1cqv9mi-0 dKgfuR\">In vier F\u00e4llen hat das Sportgericht des Deutschen Fu\u00dfball-Bundes (DFB) Dynamo zur Zahlung von Strafen verurteilt &#8211; insgesamt zu 113.600 Euro. Geahndet wurde das Abbrennen von Pyrotechnik sowie das Werfen von Gegenst\u00e4nden in den Innenraum bei den Spielen aus der Hinrunde gegen den 1. FC N\u00fcrnberg (79.800 Euro), den FSV Mainz (28.500), den VfL Bochum (4800) und Darmstadt 98 (500). Damit musste Dynamo in dieser Saison bisher 121.100 Euro Strafe wegen des Fehlverhaltens von Fans bezahlen. <\/p>\n<p class=\"Textstyled__Text-sc-1cqv9mi-0 dKgfuR\"><b>17.27 Uhr: Nach Kopfverletzung trainiert Julian Pauli individuell<\/b><\/p>\n<p>Weiterlesen nach der Anzeige<\/p>\n<p>Weiterlesen nach der Anzeige<\/p>\n<p class=\"Textstyled__Text-sc-1cqv9mi-0 dKgfuR\">Anderthalb Wochen nach seinem Zusammensto\u00df mit Schalke-Profi Nikola Katic kann Dynamo-Verteidiger Julian Pauli nur ein individuelles Lauftraining absolvieren. Bei der \u00f6ffentlichen Einheit am Mittwochnachmittag drehte er f\u00fcr rund 20 Minuten seine Runden, trainierte aber nicht mit der Mannschaft. <\/p>\n<p class=\"Textstyled__Text-sc-1cqv9mi-0 dKgfuR\">Der 20-j\u00e4hrige Leihspieler vom 1. FC K\u00f6ln hatte beim Zusammenprall eine Platzwunde \u00fcber dem rechten Auge erlitten, fehlte vergangenen Samstag beim Duell gegen den SV Elversberg. Bei einem \u00e4hnlichen Zusammensto\u00df im Dezember 2024 musste Pauli wegen einer schweren Gehirnersch\u00fctterung vier Monate pausieren. <\/p>\n<p class=\"Textstyled__Text-sc-1cqv9mi-0 dKgfuR\"><b>11.54 Uhr: Lennart Grill arbeitet bei Verbandsligist am Comeback<\/b><\/p>\n<p class=\"Textstyled__Text-sc-1cqv9mi-0 dKgfuR\">Es ist ein ungewohntes Bild auf dem Platz der SG H\u00fcffelsheim. Wo sonst der Verbandsligist aus dem 1200-Einwohner-Ort in der N\u00e4he von Mainz spielt und trainiert, arbeitet mit Lennart Grill ein Zweitliga-Torh\u00fcter am Comeback. Der 27-j\u00e4hrige Keeper von Dynamo Dresden hatte sich Ende November beim Heimspiel gegen Fortuna D\u00fcsseldorf die Patellasehne im rechten Knie gerissen und f\u00e4llt f\u00fcr den Rest der Saison aus. <\/p>\n<p><img decoding=\"async\" alt=\"Dynamo-Torh\u00fcter Lennart Grill absolviert sein Aufbautraining bei der SG H\u00fcffelsheim in der N\u00e4he seines Geburtsortes. \" loading=\"lazy\"  src=\"https:\/\/www.europesays.com\/de\/wp-content\/uploads\/2026\/02\/1771544484_594_XX7JZSPOXFDVHPRUPRK5WRLIKY.jpg\" \/><\/p>\n<p>Weiterlesen nach der Anzeige<\/p>\n<p>Weiterlesen nach der Anzeige<\/p>\n<p class=\"Textstyled__Text-sc-1cqv9mi-0 dKgfuR\">Nach der Operation absolviert Grill das Aufbautraining in seiner Pf\u00e4lzer Heimat, berichtet die Allgemeine Zeitung. H\u00fcffelsheim liegt nur wenige Kilometer entfernt von Grills Geburtsort Idar-Oberstein. \u201eEs ist sch\u00f6n zu sehen, wie die Heimatn\u00e4he neue Energie f\u00fcr das Comeback gibt. Wir freuen uns schon jetzt darauf, dich bald wieder im Dynamo-Trikot zwischen den Pfosten zu sehen\u201c, schreibt die SG H\u00fcffelsheim auf ihrer Facebook-Seite. <\/p>\n<p>Dienstag, 17. Februar<\/p>\n<p class=\"Textstyled__Text-sc-1cqv9mi-0 dKgfuR\"><b>16.11 Uhr: Erst Spieler, dann Mannschaftsleiter &#8211; Wolfgang Pfeifer ist tot<\/b><\/p>\n<p class=\"Textstyled__Text-sc-1cqv9mi-0 dKgfuR\">Er geh\u00f6rte zu der Spielergeneration, die den Grundstein f\u00fcr die gro\u00dfen Erfolge von Dynamo in den 1970er-Jahren legte: Wolfgang Pfeifer absolvierte zwischen 1963 und 1969 insgesamt 172 Spiele f\u00fcr die Schwarz-Gelben. Wie erst jetzt bekannt wurde, ist der ehemalige Mittelfeldspieler und Mannschaftsleiter bereits am 30. Januar im Alter von 90 Jahren gestorben. <\/p>\n<p><img decoding=\"async\" alt=\"Wolfgang Pfeifer mit seiner Frau bei der Festveranstaltung zum 35. Vereinsjubil\u00e4um von Dynamo im April 1988. Nun starb der ehemalige Spieler und Mannschaftsleiter im Alter von 90 Jahren. \" loading=\"lazy\"  src=\"https:\/\/www.europesays.com\/de\/wp-content\/uploads\/2026\/02\/1771544485_892_YNR3S7RLU5HTTEXD3U7NAV3D2U.jpg\" \/><\/p>\n<p class=\"Textstyled__Text-sc-1cqv9mi-0 dKgfuR\">Mit dem Fu\u00dfballspielen begann Pfeifer bei der SG Mickten, wechselte 1954 zum Rotation-Nachfolger SC Einheit Dresden, damals die Nummer eins in der Stadt, und gewann vier Jahre sp\u00e4ter den FDGB-Pokal. 1963 ging der zweifache Nationalspieler zu Dynamo in die DDR-Liga, der zweith\u00f6chsten Spielklasse. Zweimal feierte er mit der Mannschaft den Aufstieg in die Oberliga, absolvierte dort 100 Spiele f\u00fcr Dynamo. Ein H\u00f6hepunkt war die Europapokal-Partie vor 60.000 Zuschauern im Ibrox-Park gegen Glasgow Rangers. 1970 beendet Pfeifer mit 35 Jahren seine Karriere, arbeitete danach unter Trainer Klaus Sammer als Mannschaftsleiter. <\/p>\n<p>Weiterlesen nach der Anzeige<\/p>\n<p>Weiterlesen nach der Anzeige<\/p>\n<p class=\"Textstyled__Text-sc-1cqv9mi-0 dKgfuR\"><b>12.22 Uhr: Ein Zuschauerrekord und 180.000 Euro aus dem Nachwuchsf\u00f6rdertopf<\/b><\/p>\n<p class=\"Textstyled__Text-sc-1cqv9mi-0 dKgfuR\">Die vergangene Saison war nicht nur sportlich mit dem Aufstieg eine erfolgreiche f\u00fcr Dynamo, auch auf anderen Gebieten konnte der Verein gl\u00e4nzen. So verbesserten die Schwarz-Gelben ihren erst in der Spielzeit 2023\/24 aufgestellten Zuschauerrekord f\u00fcr die 3. Liga erneut. Im Schnitt kamen 28.991 Fans zu den Heimspielen ins Rudolf-Harbig-Stadion. Das geht aus dem vom Deutschen Fu\u00dfball-Bund (DFB) ver\u00f6ffentlichten Saisonreport 2024\/25 der 3. Liga hervor. Damit lockte Dynamo mehr Zuschauer an als neun Zweitligisten und sechs Bundesligisten. <\/p>\n<p class=\"Textstyled__Text-sc-1cqv9mi-0 dKgfuR\">Der Verein nahm viel Geld durch Ticketverk\u00e4ufe ein, zus\u00e4tzlich zahlte der DFB an die Dresdner auch 183.822 Euro aus dem Nachwuchsf\u00f6rdertopf aus. Das Vorhandensein eines Leistungszentrums wird dabei mit 100.000 Euro belohnt. Die verbleibende Summe der insgesamt 2,36 Millionen Euro aus dem Topf wird dann an die Drittliga-Vereine ausgezahlt, die U21-Spieler mit deutscher Staatsangeh\u00f6rigkeit eingesetzt haben. Das traf bei Dynamo auf Mika Baur, Tony Menzel, Paul Lehmann und Jonas Oehmichen zu. Damit kassierte Dynamo aus dem Topf deutlich mehr als in den zwei Spielzeiten zuvor, als der DFB 108.399 Euro (2023\/24) und 149.955 Euro (2022\/23) \u00fcberwiesen hatte. Der Vereinsrekord stammt aus der Saison 2020\/21, als 306.000 Euro ausgezahlt wurden. <\/p>\n<p>Montag, 16. Februar<\/p>\n<p class=\"Textstyled__Text-sc-1cqv9mi-0 dKgfuR\"><b>16.27 Uhr: Marx ist schon Papa, Fr\u00f6ling wird es bald<\/b><\/p>\n<p class=\"Textstyled__Text-sc-1cqv9mi-0 dKgfuR\">Auf dem Punktekonto von Dynamo gab es zuletzt weniger Zuwachs als erhofft, doch in Sachen Nachwuchs legt die Mannschaft weiter kr\u00e4ftig zu. Auf seinem Instagram-Portal postete Jan-Hendrik Marx ein Baby-Foto und schrieb dazu: \u201e4.2.26 &#8211; Unsere Herzen sind voll\u201d. Ende Mai 2025 hatte der Au\u00dfenverteidiger in Mannheim seine Frau Paulina Rohr-Marx geheiratet, in den vergangenen Wochen besuchten sie in Dresden gemeinsam einen Geburtsvorbereitungskurs. <\/p>\n<p>Weiterlesen nach der Anzeige<\/p>\n<p>Weiterlesen nach der Anzeige<\/p>\n<p class=\"Textstyled__Text-sc-1cqv9mi-0 dKgfuR\">Ob das Nils Fr\u00f6ling mit seiner Frau Hanna Neselius auch macht, ist nicht bekannt. Die Schwedin postete ein Foto, das sie mit einem schwangeren Bauch zeigt. \u201eWe can\u00b4t wait to meet you litte one&#8220;, schrieb sie dazu. Vergangenen Juni hatte das Paar in Schweden geheiratet. Hanna wollte eigentlich Dynamos Frauen-Team verst\u00e4rken, daraus wird vorerst nichts. <\/p>\n<p class=\"Textstyled__Text-sc-1cqv9mi-0 dKgfuR\">In den vergangenen anderthalb Jahren wurden mehrere Dynamo-Profis V\u00e4ter, den Anfang machte im November Lukas Boeder, dann folgten Vinko Sapina, Sascha Risch und Alexander Rossipal. <\/p>\n<p class=\"Textstyled__Text-sc-1cqv9mi-0 dKgfuR\"><b>11.13 Uhr: Bereits dritte Berufung von Alexander Rosspipal in die Kicker-Elf<\/b><\/p>\n<p class=\"Textstyled__Text-sc-1cqv9mi-0 dKgfuR\">Es war wohl haupts\u00e4chlich sein Treffer zur 1:0-F\u00fchrung in der 12. Minute beim <a href=\"https:\/\/www.saechsische.de\/sport\/regional\/dynamo-dresden-bekommt-daempfer-wie-es-zur-ersten-niederlage-2026-kam-GG3VMGESMBEMZIA46BH3NWHQHY.html\" target=\"_self\" rel=\"nofollow noopener\" title=\"https:\/\/www.saechsische.de\/sport\/regional\/dynamo-dresden-bekommt-daempfer-wie-es-zur-ersten-niederlage-2026-kam-GG3VMGESMBEMZIA46BH3NWHQHY.html\" data-vars-event-category=\"intext_link\" data-vars-event-action=\"click\" data-vars-event-label=\"https:\/\/www.saechsische.de\/sport\/regional\/dynamo-dresden-bekommt-daempfer-wie-es-zur-ersten-niederlage-2026-kam-GG3VMGESMBEMZIA46BH3NWHQHY.html\">Heimspiel gegen den SV Elversberg (1:2)<\/a>, der f\u00fcr die Kicker-Redaktion den Ausschlag gab, Alexander Rosspial in die Elf des 22. Zweitliga-Spieltags zu w\u00e4hlen. Sein mit 114 Stundenkilometern gemessener Schuss ins rechte Eck war bereits sein vierter Saisontreffer &#8211; ein erstaunlicher Wert f\u00fcr einen Au\u00dfenverteidiger. <\/p>\n<p>Weiterlesen nach der Anzeige<\/p>\n<p>Weiterlesen nach der Anzeige<\/p>\n<p><img decoding=\"async\" alt=\"Alexander Rossipal wurde nach dem F\u00fchrungstreffer gegen Elversberg in die Kicker-Elf des Spieltags gew\u00e4hlt - und das bereits zum dritten Mal in dieser Saison. \" loading=\"lazy\"  src=\"https:\/\/www.europesays.com\/de\/wp-content\/uploads\/2026\/02\/1771544485_279_JCWVP72Z25ADLCRZQGQQJJAQH4.jpg\" \/><\/p>\n<p class=\"Textstyled__Text-sc-1cqv9mi-0 dKgfuR\">Erstaunlich ist auch, dass es bereits Rossipals dritte Nominierung in die Kicker-Elf war &#8211; kein Dynamo-Profi ist in dieser Statistik besser. Ohnehin wurden Spieler des Tabellen-Vorletzten erst siebenmal ausgezeichnet, neben Rossipal noch Thomas Keller (2), Kofi Amoako und Niklas Hauptmann (je 1).<\/p>\n<p>Samstag, 14. Februar<\/p>\n<p class=\"Textstyled__Text-sc-1cqv9mi-0 dKgfuR\"><b>22.32 Uhr: Dynamo verliert Heimspiel gegen Elversberg<\/b><\/p>\n<p class=\"Textstyled__Text-sc-1cqv9mi-0 dKgfuR\">Dynamo hat im f\u00fcnften Spiel des neuen Jahres die erste Niederlage kassiert. Das Team von Trainer Thomas Stamm verlor vor 29.155 Zuschauern im heimischen Rudolf-Harbig-Stadion ungl\u00fccklich mit 1:2 (1:0) gegen die SV Elversberg. Alexander Rossipal (12. Minute) hatte zun\u00e4chst die F\u00fchrung f\u00fcr die Schwarz-Gelben erzielt. Nicholas Mickelson (58.) und Lukas Petkov (78.) drehten die Partie zu Gunsten der G\u00e4ste. Durch den D\u00e4mpfer bleibt Dresden Tabellenvorletzter.<\/p>\n<p>Freitag, 13. Februar<\/p>\n<p class=\"Textstyled__Text-sc-1cqv9mi-0 dKgfuR\"><b>16.47 Uhr: Trainer Stamm nimmt an Menschenkette teil<\/b><\/p>\n<p>Weiterlesen nach der Anzeige<\/p>\n<p>Weiterlesen nach der Anzeige<\/p>\n<p class=\"Textstyled__Text-sc-1cqv9mi-0 dKgfuR\">Dresden erinnert an diesem Freitag an die Zerst\u00f6rung der Stadt am 13.\/14. Februar 1945. <a href=\"https:\/\/www.saechsische.de\/lokales\/dresden\/13-februar-2026-in-dresden-gedenken-menschenkette-demos-alle-infos-im-liveticker-EWUL6OYBBRG5HN5LBEGFHQHHGY.html\" target=\"_self\" rel=\"nofollow noopener\" title=\"https:\/\/www.saechsische.de\/lokales\/dresden\/13-februar-2026-in-dresden-gedenken-menschenkette-demos-alle-infos-im-liveticker-EWUL6OYBBRG5HN5LBEGFHQHHGY.html\" data-vars-event-category=\"intext_link\" data-vars-event-action=\"click\" data-vars-event-label=\"https:\/\/www.saechsische.de\/lokales\/dresden\/13-februar-2026-in-dresden-gedenken-menschenkette-demos-alle-infos-im-liveticker-EWUL6OYBBRG5HN5LBEGFHQHHGY.html\">Am Abend um 18 Uhr ist eine gro\u00dfe Menschenkette geplant<\/a> \u2013 mit dabei ist auch Dynamo-Trainer Thomas Stamm. \u201eSo wie der Verein mit der Stadt verwurzelt ist, finde ich es hervorragend, dass das thematisiert wird\u201c, sagt der 42-J\u00e4hrige, der seit eineinhalb Jahren bei Dynamo arbeitet. \u201eUnd noch viel wichtiger ist, dass wir als gro\u00dfer Bestandteil dieser Stadt mit dabei sind. Es gibt immer weniger Leute, die das miterlebt haben. Deshalb ist es wichtig, dass man daran erinnert und wir unseren Teil dazu beitragen.\u201c<\/p>\n<p><img decoding=\"async\" alt=\"Jedes Jahr gedenkt Dresden am 13. Februar mit einer Menschenkette der Zerst\u00f6rung der Stadt im Zweiten Weltkrieg.\" loading=\"lazy\"  src=\"https:\/\/www.europesays.com\/de\/wp-content\/uploads\/2026\/02\/1771544486_987_IVLL3IZDWZDYTPWLEUGSYA7MN4.jpg\" \/><\/p>\n<p class=\"Textstyled__Text-sc-1cqv9mi-0 dKgfuR\">Bereits im vergangenen Jahr nahmen Stamm, das Trainerteam, die Mannschaft und Teile der Dynamo-F\u00fchrungsebene an der Menschenkette teil. \u201eIch fand es damals sehr bewegend, auch wenn ich vorher keinen Bezug dazu hatte\u201c, sagt Stamm. \u201eWir haben uns bewusst nicht an dem offiziellen Ort bewegt, sondern einfach so probiert, in der gesamten Stadt in die Kette irgendwo einzureihen.\u201c Insgesamt werden rund 10.000 Teilnehmer zur Menschenkette erwartet.<\/p>\n<p>Donnerstag, 12. Februar<\/p>\n<p class=\"Textstyled__Text-sc-1cqv9mi-0 dKgfuR\"><b>12.50 Uhr: Mittelfeldchef verr\u00e4t Erfolgsgeheimnis<\/b><\/p>\n<p>Weiterlesen nach der Anzeige<\/p>\n<p>Weiterlesen nach der Anzeige<\/p>\n<p class=\"Textstyled__Text-sc-1cqv9mi-0 dKgfuR\">Dynamo ist in der R\u00fcckrunde noch ungeschlagen. Aus vier Spielen holten die Dresdner acht Punkte. Warum ist die Mannschaft, die in der Hinrunde lediglich 13 Punkte aus 17 Spielen einfahren konnte, pl\u00f6tzlich so erfolgreich? \u201eIm Wintertrainingslager haben wir den Fokus auf die Defensive gelegt\u201c, verr\u00e4t jetzt Winter-Leihgabe Robert Wagner das Erfolgsgeheimnis. <\/p>\n<p><img decoding=\"async\" alt=\"Robert Wagner ist Dynamos neuer Chef im Mittelfeld. Der 22-J\u00e4hrigen hat entscheidenden Anteil an der bisherigen Ungeschlagen-Serie in der R\u00fcckrunde.\" loading=\"lazy\"  src=\"https:\/\/www.europesays.com\/de\/wp-content\/uploads\/2026\/02\/1771544487_257_AVDCZLTJSNCHZA4F3EXBX4SAYQ.jpg\" \/><\/p>\n<p class=\"Textstyled__Text-sc-1cqv9mi-0 dKgfuR\">Dynamos neuer Mittelfeldchef, der zuletzt gesperrt fehlte und jetzt am Samstag wieder in die Mannschaft zur\u00fcckkehren d\u00fcrfte, betonte dabei: \u201eWir haben es zwar erst einmal geschafft, zu null zu spielen, aber die Defensive ist der Grundbaustein. Wir sind eine neue Mannschaft geworden. Wir feiern Zweik\u00e4mpfe, defensiv wie offensiv. Das gibt uns gerade Selbstvertrauen.\u201c<\/p>\n<p class=\"Textstyled__Text-sc-1cqv9mi-0 dKgfuR\"><b>11.43 Uhr: Dynamo bangt um zwei Stammspieler<\/b><\/p>\n<p class=\"Textstyled__Text-sc-1cqv9mi-0 dKgfuR\">Dynamo empf\u00e4ngt am Samstag um 20.30 Uhr die SV Elversberg. Dabei k\u00f6nnte es zu personellen \u00c4nderungen kommen. So sind weiterhin Mittelfeldspieler Kofi Amoako und Innenverteidiger Julian Pauli fraglich. <a href=\"https:\/\/www.saechsische.de\/sport\/regional\/dynamo-dresden-aergert-top-star-edin-dzeko-und-feiert-gegen-schalke-04-starkes-comeback-YOKJO7B75NDZDKWGE76AWL6RMQ.html\" rel=\"nofollow noopener\" title=\"https:\/\/www.saechsische.de\/sport\/regional\/dynamo-dresden-aergert-top-star-edin-dzeko-und-feiert-gegen-schalke-04-starkes-comeback-YOKJO7B75NDZDKWGE76AWL6RMQ.html\" data-vars-event-category=\"intext_link\" data-vars-event-action=\"click\" data-vars-event-label=\"https:\/\/www.saechsische.de\/sport\/regional\/dynamo-dresden-aergert-top-star-edin-dzeko-und-feiert-gegen-schalke-04-starkes-comeback-YOKJO7B75NDZDKWGE76AWL6RMQ.html\" target=\"_blank\">Beide Spieler verletzten sich beim 2:2 auf Schalke.<\/a> <\/p>\n<p>Weiterlesen nach der Anzeige<\/p>\n<p>Weiterlesen nach der Anzeige<\/p>\n<p class=\"Textstyled__Text-sc-1cqv9mi-0 dKgfuR\">Amoako plagen seitdem leichte Problem am Kn\u00f6chel. Pauli erlitt nach einem Zusammenprall eine Platzwunde \u00fcber dem Auge. \u201eEr hatte das schon einmal, wir sind bei ihm besonders vorsichtig. Die Gesundheit geht immer vor\u201c, sagt Trainer Thomas Stamm, der aber wieder auf Mittelfeldchef Robert Wagner zur\u00fcckgreifen kann. Der 22-J\u00e4hrige fehlte zuletzt gesperrt.<\/p>\n<p>Mittwoch, 11. Februar<\/p>\n<p class=\"Textstyled__Text-sc-1cqv9mi-0 dKgfuR\"><b>16.42 Uhr: Ex-Dynamo Arslan wechselt ins Ausland<\/b><\/p>\n<p class=\"Textstyled__Text-sc-1cqv9mi-0 dKgfuR\">Der ehemalige Dresdner Ahmet Arslan wird ab sofort f\u00fcr den australischen Erstligisten Sydney FC spielen. Der urspr\u00fcnglich noch bis zum Sommer g\u00fcltige Vertrag mit seinem bisherigen Verein Rot-Weiss Essen wurde aufgel\u00f6st. \u201eWir bedanken uns bei Ahmo f\u00fcr seinen Einsatz f\u00fcr den Verein. Seine F\u00fchrungsqualit\u00e4ten haben uns nicht nur auf, sondern auch neben dem Platz bereichert\u201c, sagte Marcus Steegmann, Direktor Profifu\u00dfball beim Drittligisten. <\/p>\n<p><img decoding=\"async\" alt=\"In der Saison 2022\/23 wurde Ahmet Arslan bei Dynamo Dresden Drittliga-Torsch\u00fctzenk\u00f6nig.\" loading=\"lazy\"  src=\"https:\/\/www.europesays.com\/de\/wp-content\/uploads\/2026\/02\/1771544488_479_QMPAS4V7A5TWCJPABOIRBWCU3U.jpg\" \/><\/p>\n<p class=\"Textstyled__Text-sc-1cqv9mi-0 dKgfuR\">In der aktuellen Drittliga-Spielzeit lief Arslan in 19 Partien f\u00fcr Essen auf, in denen er an sechs Toren direkt beteiligt war. Zuletzt waren seine Qualit\u00e4ten jedoch immer seltener gefragt. Arslan hinterlegte deshalb seinen Wechsel-Wunsch. Essen entsprach nun dem Anliegen des Spielers \u201enach einer sportlichen Ver\u00e4nderung\u201c. <\/p>\n<p>Weiterlesen nach der Anzeige<\/p>\n<p>Weiterlesen nach der Anzeige<\/p>\n<p class=\"Textstyled__Text-sc-1cqv9mi-0 dKgfuR\">F\u00fcr Arslan ist das Kapitel Down Under als Fu\u00dfball-Profi die erste Station im Ausland. Bei Dynamo stand der 31-J\u00e4hrige zweimal unter Vertrag.<a href=\"https:\/\/www.saechsische.de\/sport\/wohin-zieht-es-dynamos-top-torjaeger-ahmet-arslan-PJMDCSCLXZXYITP3IY4MC4ADFM.html\" target=\"_self\" rel=\"nofollow noopener\" title=\"https:\/\/www.saechsische.de\/sport\/wohin-zieht-es-dynamos-top-torjaeger-ahmet-arslan-PJMDCSCLXZXYITP3IY4MC4ADFM.html\" data-vars-event-category=\"intext_link\" data-vars-event-action=\"click\" data-vars-event-label=\"https:\/\/www.saechsische.de\/sport\/wohin-zieht-es-dynamos-top-torjaeger-ahmet-arslan-PJMDCSCLXZXYITP3IY4MC4ADFM.html\"> In der Saison 2022\/23 wurde er in Dresden Drittliga-Torsch\u00fctzenk\u00f6nig<\/a> und wechselte nach dem verpassten Aufstieg zum 1. FC Magdeburg in die zweite Liga. <a href=\"https:\/\/www.saechsische.de\/sport\/arslan-ist-zurueck-bei-dynamo-und-der-erwartungsdruck-riesig-45Q6ZCF2YNAHZBYGCOF334WZKI.html\" rel=\"nofollow noopener\" data-vars-event-category=\"intext_link\" data-vars-event-action=\"click\" data-vars-event-label=\"https:\/\/www.saechsische.de\/sport\/arslan-ist-zurueck-bei-dynamo-und-der-erwartungsdruck-riesig-45Q6ZCF2YNAHZBYGCOF334WZKI.html\" target=\"_blank\">Nach einem gl\u00fccklosen halben Jahr in Magdeburg kehrte er zur R\u00fcckrunde der Saison 2023\/24 zur\u00fcck zu Dynamo.<\/a> An seine fr\u00fcheren Leistungen konnte er jedoch nicht ankn\u00fcpfen.<\/p>\n<p>Dienstag, 10. Februar<\/p>\n<p class=\"Textstyled__Text-sc-1cqv9mi-0 dKgfuR\"><b>18.20 Uhr: Amoako und Pauli fehlen beim Training<\/b><\/p>\n<p class=\"Textstyled__Text-sc-1cqv9mi-0 dKgfuR\">Dynamo k\u00f6nnte der Ausfall zweier Stammspieler drohen. Beim \u00f6ffentlichen Training am Dienstag fehlten unter anderem Mittelfeldspieler Kofi Amoako und Innenverteidiger Julian Pauli. <a href=\"https:\/\/www.saechsische.de\/sport\/regional\/dynamo-dresden-aergert-top-star-edin-dzeko-und-feiert-gegen-schalke-04-starkes-comeback-YOKJO7B75NDZDKWGE76AWL6RMQ.html\" target=\"_self\" rel=\"nofollow noopener\" title=\"https:\/\/www.saechsische.de\/sport\/regional\/dynamo-dresden-aergert-top-star-edin-dzeko-und-feiert-gegen-schalke-04-starkes-comeback-YOKJO7B75NDZDKWGE76AWL6RMQ.html\" data-vars-event-category=\"intext_link\" data-vars-event-action=\"click\" data-vars-event-label=\"https:\/\/www.saechsische.de\/sport\/regional\/dynamo-dresden-aergert-top-star-edin-dzeko-und-feiert-gegen-schalke-04-starkes-comeback-YOKJO7B75NDZDKWGE76AWL6RMQ.html\">Beide Spieler verletzten sich beim 2:2 auf Schalke.<\/a> Amoako plagen seitdem leichte Problem am Kn\u00f6chel. <\/p>\n<p><img decoding=\"async\" alt=\"Kofi Amoako und Julian Pauli konnten am Dienstag nicht mit der Mannschaft trainieren.\" loading=\"lazy\"  src=\"https:\/\/www.europesays.com\/de\/wp-content\/uploads\/2026\/02\/1771544489_340_XGS6JEEPIFFZHPFAF27LXDEWXM.jpg\" \/><\/p>\n<p class=\"Textstyled__Text-sc-1cqv9mi-0 dKgfuR\">Pauli erlitt nach einem Zusammenprall mit Schalkes Verteidiger Nikola Katic eine Platzwunde. \u201eIch habe Kopfschmerzen, aber sonst wird alles in Ordnung sein\u201c, meinte der 20-J\u00e4hrige, der mit blauem Turban bis zum Abpfiff weiterspielte, nach der Partie. Ob beide am Samstag gegen Elversberg zur Verf\u00fcgung stehen, ist momentan fraglich. <\/p>\n<p>Weiterlesen nach der Anzeige<\/p>\n<p>Weiterlesen nach der Anzeige<\/p>\n<p>Montag, 9. Februar<\/p>\n<p class=\"Textstyled__Text-sc-1cqv9mi-0 dKgfuR\"><b>17.34 Uhr: Thomas Keller in der Kicker-Elf-des-Tages<\/b><\/p>\n<p class=\"Textstyled__Text-sc-1cqv9mi-0 dKgfuR\">Nach dem <a href=\"https:\/\/www.saechsische.de\/sport\/regional\/dynamo-dresden-aergert-top-star-edin-dzeko-und-feiert-gegen-schalke-04-starkes-comeback-YOKJO7B75NDZDKWGE76AWL6RMQ.html\" target=\"_self\" rel=\"nofollow noopener\" title=\"https:\/\/www.saechsische.de\/sport\/regional\/dynamo-dresden-aergert-top-star-edin-dzeko-und-feiert-gegen-schalke-04-starkes-comeback-YOKJO7B75NDZDKWGE76AWL6RMQ.html\" data-vars-event-category=\"intext_link\" data-vars-event-action=\"click\" data-vars-event-label=\"https:\/\/www.saechsische.de\/sport\/regional\/dynamo-dresden-aergert-top-star-edin-dzeko-und-feiert-gegen-schalke-04-starkes-comeback-YOKJO7B75NDZDKWGE76AWL6RMQ.html\">2:2 gegen Schalke 04<\/a> wurde Dynamos Abwehrchef Thomas Keller vom Sportmagazin Kicker in die Elf des 21. Spieltages berufen. Es war bereits die zweite Nominierung f\u00fcr die Winter-Leihgabe des 1. FC Heidenheim. <a href=\"https:\/\/www.saechsische.de\/sport\/regional\/dynamo-dresden-in-der-einzelkritik-gegen-schalke-04-keller-wird-wieder-zum-torjaeger-KEYU4L7A5ZC3JCSFP5IALMXE44.html\" target=\"_self\" rel=\"nofollow noopener\" title=\"https:\/\/www.saechsische.de\/sport\/regional\/dynamo-dresden-in-der-einzelkritik-gegen-schalke-04-keller-wird-wieder-zum-torjaeger-KEYU4L7A5ZC3JCSFP5IALMXE44.html\" data-vars-event-category=\"intext_link\" data-vars-event-action=\"click\" data-vars-event-label=\"https:\/\/www.saechsische.de\/sport\/regional\/dynamo-dresden-in-der-einzelkritik-gegen-schalke-04-keller-wird-wieder-zum-torjaeger-KEYU4L7A5ZC3JCSFP5IALMXE44.html\">Gegen Schalke erzielte der 26-J\u00e4hrige in der 87. Minute den Ausgleich f\u00fcr Dynamo. <\/a><\/p>\n<p><img decoding=\"async\" alt=\"Thomas Keller erzielte gegen Schalke 04 sein drittes Tor im vierten Spiel f\u00fcr Dynamo Dresden.\" loading=\"lazy\"  src=\"https:\/\/www.europesays.com\/de\/wp-content\/uploads\/2026\/02\/1771544491_191_YVNAOAZYCBG6BKJFWM4RU6NN44.jpg\" \/><\/p>\n<p class=\"Textstyled__Text-sc-1cqv9mi-0 dKgfuR\">\u201eIch war wieder zur richtigen Zeit, am richtigen Ort\u201c, sagte der Torsch\u00fctze. \u201eDer Ball ist mir auf meinen Kopf gefallen und dann musste ich ihn aus zwei Metern nur noch hineindr\u00fccken.\u201c F\u00fcr Keller war es bereits der dritte Treffer im vierten Spiel. \u201eIch muss mal mit S\u00f6ren Gonther reden, ob wir nachtr\u00e4glich noch eine Torpr\u00e4mie einbauen k\u00f6nnen\u201c, scherzte Keller.<\/p>\n<p>Sonntag, 8. Februar<\/p>\n<p class=\"Textstyled__Text-sc-1cqv9mi-0 dKgfuR\"><b>7.30 Uhr: Schrecksekunde und Brummsch\u00e4del f\u00fcr Dynamos Pauli<\/b><\/p>\n<p>Weiterlesen nach der Anzeige<\/p>\n<p>Weiterlesen nach der Anzeige<\/p>\n<p class=\"Textstyled__Text-sc-1cqv9mi-0 dKgfuR\">Mit einem hochverdienten Unentschieden kehrte Dynamo vom Ausw\u00e4rtsspiel beim inzwischen Nicht-mehr-Tabellenf\u00fchrer Schalke 04 zur\u00fcck &#8211; und Julian Pauli mit einem Brummsch\u00e4del. Bei einem Kopfballduell war der Innenverteidiger in der 60, Minute mit dem Schalker Nikola Katic zusammengeprallt. <\/p>\n<p class=\"Textstyled__Text-sc-1cqv9mi-0 dKgfuR\">\u201eIch bin einfach zum Kopfball hochgegangen, und dann hat es geknallt. Das kenne ich ja aus der vergangenen Saison\u201c, sagte Pauli, der sich damals noch im Trikot des 1. FC K\u00f6ln auch eine schwere Gehirnersch\u00fctterung zuzog und lange ausfiel. Diesmal zog er sich nach eigener Aussage eine Platzwunde zu, die Narbe aus der Vorsaison sei wieder aufgegangen. <\/p>\n<p><img decoding=\"async\" alt=\"&quot;Bisschen Kopfschmerzen&quot;: Julian Pauli verletzte sich bei einem Kopfballduell - und f\u00fchlte sich an die Vorsaison erinnert.\" loading=\"lazy\"  src=\"https:\/\/www.europesays.com\/de\/wp-content\/uploads\/2026\/02\/1771544492_93_G4JGLEJ4NJGGBDSYQO5Y4EWSWU.jpeg\" \/><\/p>\n<p class=\"Textstyled__Text-sc-1cqv9mi-0 dKgfuR\">\u201eIch habe Kopfschmerzen, aber sonst wird alles in Ordnung sein. In der vergangenen Saison hatte ich gar keine Orientierung mehr. Diesmal hat\u2018s nur ein bisschen gebrummt, also definitiv besser\u201c, meinte der 20-J\u00e4hrige, der in Schalke mit blauem Turban und bis zum Abpfiff weiterspielte. \u201eTrotzdem m\u00fcssen wir jetzt nat\u00fcrlich schauen, wie es mir in den n\u00e4chsten Stunden geht\u201c, so Pauli.<\/p>\n<p>Samstag, 7. Februar<\/p>\n<p class=\"Textstyled__Text-sc-1cqv9mi-0 dKgfuR\"><b>16.30 Uhr: Dynamo punktet auch bei Spitzenreiter Schalke<\/b><\/p>\n<p>Weiterlesen nach der Anzeige<\/p>\n<p>Weiterlesen nach der Anzeige<\/p>\n<p class=\"Textstyled__Text-sc-1cqv9mi-0 dKgfuR\">Dynamo bleibt 2026 weiter ungeschlagen. Beim Zweitliga-Spitzenreiter FC Schalke 04 schaffte der Tabellenletzte der Hinrunde ein hoch verdientes 2:2 (0:0). Edin Dzeko hatte Schalke vor 61.624 Zuschauern, darunter gut 6000 mitgereisten eigenen Fans, mit einem Doppelpack (52., 70.) scheinbar vorentscheidend in F\u00fchrung gebracht. <\/p>\n<p class=\"Textstyled__Text-sc-1cqv9mi-0 dKgfuR\">Ein Eigentor von Hassan Kurucay (78.) brachte noch einmal Spannung. Thomas Keller (87.) schaffte per Kopf den Ausgleich. \u201eWir haben gezeigt, was wir auch schon in den vergangenen Spielen gezeigt haben: Wir k\u00f6nnen immer wieder zur\u00fcckkommen\u201c, sagte der Torsch\u00fctze danach.<\/p>\n<p>Freitag, 6. Februar<\/p>\n<p class=\"Textstyled__Text-sc-1cqv9mi-0 dKgfuR\"><b>15.22 Uhr: Wer ersetzt Robert Wagner auf Schalke?<\/b><\/p>\n<p>Weiterlesen nach der Anzeige<\/p>\n<p>Weiterlesen nach der Anzeige<\/p>\n<p class=\"Textstyled__Text-sc-1cqv9mi-0 dKgfuR\">Dynamo muss am Samstag gegen Schalke 04 neben dem Langzeitverletzten Lennart Grill (Riss der Patellasehne) auch auf seinen neuen Mittelfeldchef Robert Wagner verzichten. Die Winter-Leihgabe des SC Freiburg sah <a href=\"https:\/\/www.saechsische.de\/sport\/regional\/dynamo-dresden-holt-gegen-bielefeld-einen-punkt-spieler-sind-wegen-des-strittigen-elfers-genervt-EIHRE7KGQBDDVJ7253ZAWYMDQE.html\" target=\"_self\" rel=\"nofollow noopener\" title=\"https:\/\/www.saechsische.de\/sport\/regional\/dynamo-dresden-holt-gegen-bielefeld-einen-punkt-spieler-sind-wegen-des-strittigen-elfers-genervt-EIHRE7KGQBDDVJ7253ZAWYMDQE.html\" data-vars-event-category=\"intext_link\" data-vars-event-action=\"click\" data-vars-event-label=\"https:\/\/www.saechsische.de\/sport\/regional\/dynamo-dresden-holt-gegen-bielefeld-einen-punkt-spieler-sind-wegen-des-strittigen-elfers-genervt-EIHRE7KGQBDDVJ7253ZAWYMDQE.html\">beim 1:1 gegen Arminia Bielefeld die Gelb-Rote Karte<\/a> und ist jetzt gesperrt. <\/p>\n<p class=\"Textstyled__Text-sc-1cqv9mi-0 dKgfuR\">Wer den 22-J\u00e4hrigen im defensiven Mittelfeld ersetzt, wollte Trainer Thomas Stamm auf der Spieltagspressekonferenz noch nicht verraten. \u201eEs ist nicht nur eine Option, die da infrage kommt\u201c, antwortete der Schweizer auf die Frage und grinste. M\u00f6gliche Optionen sind Tony Menzel und Vinko Sapina. Eine weitere kreative Variante w\u00e4re Lukas Boeder. <\/p>\n<p><img decoding=\"async\" alt=\"Beim 1:1 gegen Arminia Bielefeld sah Dynamos Mittelfeldspieler Robert Wagner die Gelb-Rote Karte und ist jetzt gegen Schalke 04 gesperrt. \" loading=\"lazy\"  src=\"https:\/\/www.europesays.com\/de\/wp-content\/uploads\/2026\/02\/1771544492_758_3ZBT7HRMHBFJLOI4UUNFNH3CME.jpeg\" \/><\/p>\n<p class=\"Textstyled__Text-sc-1cqv9mi-0 dKgfuR\">Der Innenverteidiger wurde in der vergangenen Saison h\u00e4ufig auch im Mittelfeld eingesetzt. \u201eEs wird knackige Entscheidungen geben. Wir brauchen alle Jungs, wichtig sind auch die, die reinkommen\u201c, betonte Stamm, der wieder auf die zuletzt angeschlagenen Niklas Hauptmann, Vinko Sapina und Vincent Vermeij zur\u00fcckgreifen kann. <\/p>\n<p>Donnerstag, 5. Februar<\/p>\n<p class=\"Textstyled__Text-sc-1cqv9mi-0 dKgfuR\"><b>17.33 Uhr: \u201eDas ist falsch\u201c &#8211; Magdeburgs Sportchef kontert Dynamos Kritik<\/b><\/p>\n<p>Weiterlesen nach der Anzeige<\/p>\n<p>Weiterlesen nach der Anzeige<\/p>\n<p class=\"Textstyled__Text-sc-1cqv9mi-0 dKgfuR\">Der geplatzte Transfer von Andi Hoti hat ein weiteres Nachspiel. Dynamos Sportchef S\u00f6ren Gonther hatte in einem Interview auf der Dynamo-Homepage erkl\u00e4rt: \u201eAm Ende ist es die Entscheidung der Verantwortlichen in Magdeburg, wenn der Spieler in keinem Fall in unseren Farben auflaufen soll.\u201c <\/p>\n<p class=\"Textstyled__Text-sc-1cqv9mi-0 dKgfuR\">Dies wollte sein Kollege Otmar Schork vom 1. FCM nicht auf sich sitzen lassen. \u201eDiese Darstellung ist komplett falsch\u201c, erkl\u00e4rte er auf einer Pressekonferenz. <\/p>\n<p class=\"Textstyled__Text-sc-1cqv9mi-0 dKgfuR\">Nach seinen Worten habe Dynamo am 4. Juni ein Angebot f\u00fcr Hoti abgegeben, das weit unter den Vorstellungen der Magdeburger lag. Die sollen 250.000 Euro aufgerufen haben. Schork erkl\u00e4rte, dass man nicht st\u00fcckchenweise verhandeln wolle, sondern die Summe \u201ein Stein gemei\u00dfelt ist\u201c. <\/p>\n<p><img decoding=\"async\" alt=\"Magdeburgs Gesch\u00e4ftsf\u00fchrer Otmar Schork widerspricht Dynamos Darstellung im Zusammenhang mit dem gescheiterten Transfer von Andi Hoti.\" loading=\"lazy\"  src=\"https:\/\/www.europesays.com\/de\/wp-content\/uploads\/2026\/02\/1771544493_7_YTTMXO3VJNBXZC4JQSOKY4KFMA.jpg\" \/><\/p>\n<p class=\"Textstyled__Text-sc-1cqv9mi-0 dKgfuR\">Vergangenen Dienstag habe Gonther signalisiert, dass man den Betrag nicht realisieren k\u00f6nne. Am Sonntagabend, 24 Stunden vor Transferschluss, wollte Dynamo dann doch den gew\u00fcnschten Betrag bezahlen. \u201eDas war es zu sp\u00e4t\u201c, so Schork. Hoti wechselte zu Eintracht Braunschweig, unterschrieb beim Ligakonkurrenten bis 2028. <\/p>\n<p>Weiterlesen nach der Anzeige<\/p>\n<p>Weiterlesen nach der Anzeige<\/p>\n<p class=\"Textstyled__Text-sc-1cqv9mi-0 dKgfuR\"><b>8.41 Uhr: Niklas Hauptmann vor Schalke-Spiel: \u201eIch traue uns alles zu\u201c<\/b><\/p>\n<p class=\"Textstyled__Text-sc-1cqv9mi-0 dKgfuR\">Das Heimspiel am vergangenen Sonntag gegen Arminia Bielefeld (1:1) musste Niklas Hauptmann von der heimischen Couch aus verfolgen. \u201eIch habe nat\u00fcrlich mitgefiebert\u201c, sagt Dynamos Vize-Kapit\u00e4n &#8211; was durchaus doppeldeutig gemeint sein kann. Der 29-J\u00e4hrige musste wegen eines grippalen Infekts pausieren. \u201eWenn man keinen Einfluss aufs Spiel nehmen kann, ist das f\u00fcr die Genesung nicht gerade f\u00f6rderlich.\u201c<\/p>\n<p class=\"Textstyled__Text-sc-1cqv9mi-0 dKgfuR\">Nun aber ist Hauptmann wieder fit &#8211; und das rechtzeitig vor der Ausw\u00e4rtspartie am Samstag bei Schalke 04. Dort hat er noch nie gespielt, sa\u00df lediglich im Oktober 2019 im Trikot des 1. FC K\u00f6ln auf der Bank. Gewonnen hat Dynamo noch nie in Gelsenkirchen. Das k\u00f6nnte sich \u00e4ndern, \u201eauch wenn die Tabellenkonstellation eindeutig ist\u201c, wie Hauptmann feststellt: Der Tabellenf\u00fchrer empf\u00e4ngt den 16. \u201eWir m\u00fcssen uns vor keinem Gegner verstecken, ich traue uns alles zu. Auch die Schalker werden wissen, dass es f\u00fcr sie ein schweres Spiel wird.\u201c<\/p>\n<p>Mittwoch, 4. Februar<\/p>\n<p class=\"Textstyled__Text-sc-1cqv9mi-0 dKgfuR\"><b>13.40 Uhr: Heimspiel gegen Preu\u00dfen M\u00fcnster am Samstag<\/b><\/p>\n<p class=\"Textstyled__Text-sc-1cqv9mi-0 dKgfuR\">Die Deutsche Fu\u00dfball-Liga (DFL) hat die Zweitliga-Spieltage 25 bis 27 terminiert. Demnach spielet Dynamo zweimal am Sonntag und einmal am Samstag. Das Heimspiel im Rudolf-Harbig-Stadion gegen Preu\u00dfen M\u00fcnster wurde auf Samstag (15. M\u00e4rz) gelegt. <\/p>\n<p>Weiterlesen nach der Anzeige<\/p>\n<p>Weiterlesen nach der Anzeige<\/p>\n<p class=\"Textstyled__Text-sc-1cqv9mi-0 dKgfuR\"><b>Hier die \u00dcbersicht:<\/b><\/p>\n<tr>\n<p class=\"Textstyled__Text-sc-1cqv9mi-0 btEcRZ\"><b>Spieltag<\/b><\/p>\n<p class=\"Textstyled__Text-sc-1cqv9mi-0 btEcRZ\"><b>Begegnung<\/b><\/p>\n<p class=\"Textstyled__Text-sc-1cqv9mi-0 btEcRZ\"><b>Datum<\/b><\/p>\n<p class=\"Textstyled__Text-sc-1cqv9mi-0 btEcRZ\"><b>Uhrzeit<\/b><\/p>\n<\/tr>\n<tr>\n<td class=\"Tablestyled__TableTd-sc-f7l84r-2 Epieo\">\n<p class=\"Textstyled__Text-sc-1cqv9mi-0 btEcRZ\">25<\/p>\n<\/td>\n<td class=\"Tablestyled__TableTd-sc-f7l84r-2 Epieo\">\n<p class=\"Textstyled__Text-sc-1cqv9mi-0 btEcRZ\">Karlsruher SC &#8211; Dynamo Dresden<\/p>\n<\/td>\n<td class=\"Tablestyled__TableTd-sc-f7l84r-2 Epieo\">\n<p class=\"Textstyled__Text-sc-1cqv9mi-0 btEcRZ\">Sonntag, 8. M\u00e4rz 2026<\/p>\n<\/td>\n<td class=\"Tablestyled__TableTd-sc-f7l84r-2 Epieo\">\n<p class=\"Textstyled__Text-sc-1cqv9mi-0 btEcRZ\">13.30 <\/p>\n<\/td>\n<\/tr>\n<tr>\n<td class=\"Tablestyled__TableTd-sc-f7l84r-2 Epieo\">\n<p class=\"Textstyled__Text-sc-1cqv9mi-0 btEcRZ\">26<\/p>\n<\/td>\n<td class=\"Tablestyled__TableTd-sc-f7l84r-2 Epieo\">\n<p class=\"Textstyled__Text-sc-1cqv9mi-0 btEcRZ\">SG Dynamo Dresden &#8211; Preu\u00dfen M\u00fcnster<\/p>\n<\/td>\n<td class=\"Tablestyled__TableTd-sc-f7l84r-2 Epieo\">\n<p class=\"Textstyled__Text-sc-1cqv9mi-0 btEcRZ\">Sonntag, 15. M\u00e4rz 2026<\/p>\n<\/td>\n<td class=\"Tablestyled__TableTd-sc-f7l84r-2 Epieo\">\n<p class=\"Textstyled__Text-sc-1cqv9mi-0 btEcRZ\">13.30 <\/p>\n<\/td>\n<\/tr>\n<tr>\n<td class=\"Tablestyled__TableTd-sc-f7l84r-2 Epieo\">\n<p class=\"Textstyled__Text-sc-1cqv9mi-0 btEcRZ\">27<\/p>\n<\/td>\n<td class=\"Tablestyled__TableTd-sc-f7l84r-2 Epieo\">\n<p class=\"Textstyled__Text-sc-1cqv9mi-0 btEcRZ\">SC Paderborn &#8211; Dynamo Dresden<\/p>\n<\/td>\n<td class=\"Tablestyled__TableTd-sc-f7l84r-2 Epieo\">\n<p class=\"Textstyled__Text-sc-1cqv9mi-0 btEcRZ\">Samstag, 21. M\u00e4rz 2026<\/p>\n<\/td>\n<td class=\"Tablestyled__TableTd-sc-f7l84r-2 Epieo\">\n<p class=\"Textstyled__Text-sc-1cqv9mi-0 btEcRZ\">13.00 <\/p>\n<\/td>\n<\/tr>\n<p class=\"Textstyled__Text-sc-1cqv9mi-0 dKgfuR\"><b>10.46 Uhr: Sportchef S\u00f6ren Gonther \u00e4u\u00dfert sich zu Andi Hoti<\/b><\/p>\n<p class=\"Textstyled__Text-sc-1cqv9mi-0 dKgfuR\">Nach dem Ende der Transferperiode ist Dynamos Sportchef S\u00f6ren Gonter \u201eim Gesamten sehr zufrieden. Wir sind jetzt auf jeder Position mindestens doppelt besetzt und k\u00f6nnen so jederzeit auf m\u00f6gliche Ausf\u00e4lle reagieren\u201c, erkl\u00e4rte er in einem Interview auf der Dynamo-Homepage. \u201eAu\u00dferdem hat dies nat\u00fcrlich den Konkurrenzkampf im Team auf ein neues Level gehoben. Das kann uns definitiv besser machen.\u201c<\/p>\n<p class=\"Textstyled__Text-sc-1cqv9mi-0 dKgfuR\">Die Schwarz-Gelben haben sechs Spieler verpflichtet und vier Spieler abgegeben. Damit stehen nun 28 im Profikader. Zudem \u00e4u\u00dferte sich Gonther zur geplatzten R\u00fcckholaktion von Innenverteidiger Andi Hoti: \u201eWir haben dem 1. FC Magdeburg im Schlussspurt ein sehr gutes Angebot unterbreitet, bei dem wir uns nichts vorzuwerfen haben. Am Ende ist es aber die Entscheidung der Verantwortlichen in Magdeburg, wenn der Spieler in keinem Fall in unseren Farben auflaufen soll.\u201c<\/p>\n<p class=\"Textstyled__Text-sc-1cqv9mi-0 dKgfuR\"><b>7.35 Uhr: Schwarz-Gelb-Podcast: Nach Dynamos Deadline Day ist vor Spitzenreiter Schalke<\/b><\/p>\n<p>Weiterlesen nach der Anzeige<\/p>\n<p>Weiterlesen nach der Anzeige<\/p>\n<p class=\"Textstyled__Text-sc-1cqv9mi-0 dKgfuR\">Dynamo hat im Heimspiel gegen Arminia Bielefeld mit dem 1:1 den dritten Sieg in Folge verpasst. In der neuen Folge \u201eSchwarz-Gelb, der Dynamo-Podcast\u201d sprechen die Moderatoren Jens Umbreit und Tino Meyer \u00fcber die Partie. Thema sind au\u00dferdem Standardsituationen und ein umstrittener Elfmeter, der das Spiel entscheidend beeinflusste. Zu Gast ist Sportjournalist Lucas B\u00f6hme (kicker, dpa). Er ordnet die Leistung ein und bewertet Dynamos aktuelle Lage in der 2. Bundesliga. <\/p>\n<p class=\"Textstyled__Text-sc-1cqv9mi-0 dKgfuR\">In der Folge kommen zudem Torsch\u00fctze Christoph Daferner und Alexander Rossipal zu Wort sowie Robert Wagner, der kurz vor Schluss die Gelb-Rote Karte sah. Und der Blick richtet sich auf das kommende Ausw\u00e4rtsspiel beim Tabellenf\u00fchrer Schalke 04. Dort wartet die n\u00e4chste schwere Aufgabe. <\/p>\n<p class=\"Textstyled__Text-sc-1cqv9mi-0 dKgfuR\">Ein weiteres Thema nat\u00fcrlich: der Deadline Day. Mit Dominik Kother, Jonas Oehmichen und Jakob Zickler hat Dynamo drei Spieler abgegeben.<\/p>\n<p>Dienstag, 3. Februar<\/p>\n<p class=\"Textstyled__Text-sc-1cqv9mi-0 dKgfuR\"><b>16.29 Uhr: Dynamo profitiert vom Drittliga-Rekordtransfer<\/b><\/p>\n<p>Weiterlesen nach der Anzeige<\/p>\n<p>Weiterlesen nach der Anzeige<\/p>\n<p class=\"Textstyled__Text-sc-1cqv9mi-0 dKgfuR\">F\u00fcr eine Drittliga-Rekordsumme hat Hansa Rostock seinen besten St\u00fcrmer Ryan Naderi an den schottischen Spitzenklub Glasgow Rangers abgegeben. Der Europa-League-Finalist von 2022 zahlt nach Informationen der Bild-Zeitung und des Senders Sky bis zu sechs Millionen Euro f\u00fcr den 22-j\u00e4hrigen Angreifer, der in Dresden geboren ist und von 2015 bis 2021 im Dynamo-Nachwuchs spielte. <\/p>\n<p><img decoding=\"async\" alt=\"Am Drittliga-Rekord-Transfer von Ryan Naderi von Hansa Rostock zu den Glasgow Rangers verdient auch Dynamo mit. \" loading=\"lazy\"  src=\"https:\/\/www.europesays.com\/de\/wp-content\/uploads\/2026\/02\/1771544494_704_FIDGXPGQ4ZAZTOCNUATIBEZ3V4.jpg\" \/><\/p>\n<p class=\"Textstyled__Text-sc-1cqv9mi-0 dKgfuR\">Naderi ist der teuerste Verkauf der Rostocker Vereinshistorie und auch in der Geschichte der 3. Liga. Laut Fifa-Regularien muss Dynamo eine Aufwandsentsch\u00e4digung f\u00fcr die Ausbildung erhalten &#8211; im konkreten Fall 2,25 Prozent der Abl\u00f6sesumme. Das w\u00e4ren 135.000 Euro. Bei den Rangers trifft Naderi auf den aus Zwickau stammenden Cheftrainer Danny R\u00f6hl und auf Performance Manager Saschsa Lense, Ex-Spieler und Ex-Sportpsychologe bei Dynamo.<\/p>\n<p class=\"Textstyled__Text-sc-1cqv9mi-0 dKgfuR\"><b>10.23 Uhr: Durfte Andi Hoti nicht zur\u00fcck nach Dresden wechseln? <\/b><\/p>\n<p class=\"Textstyled__Text-sc-1cqv9mi-0 dKgfuR\">Der Poker um Andi Hoti fand kurz vor dem Ende der Transferperiode ein \u00fcberraschendes Ende. Dynamo wollte den Innenverteidiger bereits vergangenen Sommer nach dem Ende der halbj\u00e4hrigen Leihe fest vom 1. FC Magdeburg verpflichten und unternahm nun einen erneuten Anlauf. Laut Sportchef S\u00f6ren Gonther wurde bereits Anfang Januar ein Angebot beim 1. FCM hinterlegt. Nach Informationen von S\u00e4chsische.de wurde das am Sonntag noch mal aufgestockt.<\/p>\n<p class=\"Textstyled__Text-sc-1cqv9mi-0 dKgfuR\">Letztlich wechselte Hoti allerdings zum Ligakonkurrenten Eintracht Braunschweig, der die gleiche Summe wie Dynamo geboten haben soll. Daraus l\u00e4sst sich schlussfolgern, dass der 22-j\u00e4hrige Abwehrspieler nicht nach Dresden wechseln durfte, Magdeburg auf ein Angebot eines anderen Vereins gewartet hatte. In Braunschweig unterschrieb Hoti einen Vertrag bis 2028, \u00fcber die Abl\u00f6sesumme wurde nichts bekannt, sie soll im mittleren sechsstelligen Bereich liegen. <\/p>\n<p>Weiterlesen nach der Anzeige<\/p>\n<p>Weiterlesen nach der Anzeige<\/p>\n<p>Montag, 2. Februar<\/p>\n<p class=\"Textstyled__Text-sc-1cqv9mi-0 dKgfuR\"><b>19.08 Uhr: Oehmichen wechselt in die 3. Liga, Jakob Zickler nach Gladbach<\/b><\/p>\n<p class=\"Textstyled__Text-sc-1cqv9mi-0 dKgfuR\">Dritter Abgang f\u00fcr Dynamo: Eigengew\u00e4chs Jonas Oehmichen wechselt leihweise zu Alemannia Aachen. Der 21-J\u00e4hrige soll beim Drittligisten Spielpraxis sammeln. \u201eJonas hat in der 3. Liga bereits nachgewiesen, welchen Input er auf eine Mannschaft haben kann\u201d, sagt Sportchef S\u00f6ren Gonther. \u201eWir sind \u00fcberzeugt, dass Oehmi den n\u00e4chsten Schritt in Aachen gehen kann, um dann gest\u00e4rkt im Sommer wieder nach Dresden zur\u00fcckzukehren.\u201c<\/p>\n<p><img decoding=\"async\" alt=\"Jonas Oehmichen wechselt leihweise zu Alemannia Aachen.\u00a0Sportgesch\u00e4ftsf\u00fchrer Rachid Azzouzi und Kaderplaner Sergio da Silva Pinto begr\u00fc\u00dfen den 21-J\u00e4hrigen beim Drittligisten.\" loading=\"lazy\"  src=\"https:\/\/www.europesays.com\/de\/wp-content\/uploads\/2026\/02\/1771544495_2_NC6AGKDRCRFF5KG44WT645DUCM.jpeg\" \/><\/p>\n<p class=\"Textstyled__Text-sc-1cqv9mi-0 dKgfuR\">Oehmichen begann bei Dynamo im Alter von sechs Jahren mit dem Fu\u00dfballspielen. Der Mittelfeldspieler durchlief alle Nachwuchsteams der SGD und unterschrieb 2021 seinen ersten Profivertrag bei Dynamo. F\u00fcr die Profis der Sportgemeinschaft absolvierte er bislang 67 Pflichtspiele, in denen ihm drei Tore und sieben Torvorlagen gelangen. <\/p>\n<p class=\"Textstyled__Text-sc-1cqv9mi-0 dKgfuR\">Kurz vor Transferschluss vermeldete Dynamo zudem den Abgang von Jakob Zickler. Das 19-j\u00e4hrige Offensiv-Talent l\u00f6ste seinen Vertrag in Dresden auf und unterschrieb einen bei Borussia M\u00f6nchengladbach. Dort soll er in der U23-Mannschaft in der Regionalliga zum Einsatz kommen. Sein Stiefvater und Ex-Bayern-St\u00fcrmer Alexander Zickler war zwischen 2019 und 2021 Co-Trainer bei der Borussia.<\/p>\n<p>Weiterlesen nach der Anzeige<\/p>\n<p>Weiterlesen nach der Anzeige<\/p>\n<p class=\"Textstyled__Text-sc-1cqv9mi-0 dKgfuR\"><b>16.04 Uhr: Dynamo best\u00e4tigt Kother-Abagng<\/b><\/p>\n<p class=\"Textstyled__Text-sc-1cqv9mi-0 dKgfuR\">Jetzt ist es fix: Dominik Kother verl\u00e4sst Dynamo und spielt ab sofort leihweise beim MSV Duisburg. Der 25-J\u00e4hrige war erst im Januar 2025 von Regensburg nach Dresden gewechselt. In der laufenden Saison war er zw\u00f6lfmal in der zweiten Liga zum Einsatz gekommen.<\/p>\n<p><img decoding=\"async\" alt=\"Spielen k\u00fcnftig gemeinsam f\u00fcr Duisburg: Dominik Kother (vorn) hat heute einen Vertrag beim MSV unterschrieben, Aljaz Casar ist bereits beim Drittliga-Dritten. \" loading=\"lazy\"  src=\"https:\/\/www.europesays.com\/de\/wp-content\/uploads\/2026\/02\/1771544495_748_QSZYUAFR3NA23IBIRXMSJQUI6Y.jpg\" \/><\/p>\n<p class=\"Textstyled__Text-sc-1cqv9mi-0 dKgfuR\">\u201eNach den Gespr\u00e4chen mit Dominik stand schnell fest, dass er nach einer neuen Herausforderung strebt. Wir sind froh, dass wir auf der Zielgeraden noch eine f\u00fcr alle Seiten zufriedenstellende L\u00f6sung finden konnten und er leihweise f\u00fcr einen ambitionierten Drittligisten auflaufen kann\u201c, sagte Sportchef S\u00f6ren Gonther.<\/p>\n<p class=\"Textstyled__Text-sc-1cqv9mi-0 dKgfuR\"><b>8.25 Uhr: Dominik Kother k\u00f6nnte zusammen mit Aljaz Casar spielen<\/b><\/p>\n<p class=\"Textstyled__Text-sc-1cqv9mi-0 dKgfuR\">Sein Abgang ist keine \u00dcberraschung, eher, dass es so lange gedauert hat: Bereits Ende vergangenen Jahres hatte Dominik Kother seinen Wechselwunsch bei Dynamo hinterlegt, nach dem Trainingslager in der T\u00fcrkei durfte der 25-J\u00e4hrige nur noch bei der U23-Landesliga-Elf der Schwarz-Gelben trainieren. Nach \u00fcbereinstimmenden Medienberichten hat der Linksau\u00dfen nun einen Verein gefunden &#8211; den MSV Duisburg. <\/p>\n<p>Weiterlesen nach der Anzeige<\/p>\n<p>Weiterlesen nach der Anzeige<\/p>\n<p class=\"Textstyled__Text-sc-1cqv9mi-0 dKgfuR\">Zum Drittliga-Dritten war vor einem Monat bereits Aljaz Casar gewechselt, Dynamos bisher einziger Winter-Abgang. Weitere k\u00f6nnten am letzten Tag des Transferfensters noch folgen, schlie\u00dflich hatten sich die Dresdner nach der ersten Saisonh\u00e4lfte gleich mit sechs neuen Spielern verst\u00e4rkt, der Kader ist entsprechend gro\u00df. Kother war vor einem Jahr von Jahn Regensburg gekommen, hatte in der Hinrunde jedoch keinen Stammplatz mehr. <\/p>\n<p>Sonntag, 1. Februar<\/p>\n<p class=\"Textstyled__Text-sc-1cqv9mi-0 dKgfuR\"><b>15.33 Uhr: Erster Startelf-Einsatz f\u00fcr Luca Herrmann in diesem Jahr &#8211; ausgerechnet gegen Bielefeld<\/b><\/p>\n<p class=\"Textstyled__Text-sc-1cqv9mi-0 dKgfuR\">Eine wirkliche Entt\u00e4uschung war es sicher nicht, als Luca Herrmann am Vorabend des Kellerduells gegen Arminia Bielefeld in der ARD-Sportschau das Ergebnis der Abstimmung zum Tor des Jahres gesehen hatte. Es gewann Bayern-Profi Luis Diaz vom FC Bayern mit 21,3 Prozent vor Luka Vuskovic vom Hamburger SV (18,8). Hermanns spektakul\u00e4rer Fallr\u00fcckzieher zum 2:1-Sieg in der zehnten Minute der Nachspielzeit des Hinspiels gegen Bielefeld schaffte es auf Platz acht.<\/p>\n<p><img decoding=\"async\" alt=\"Nicht nur akrobatisch, sondern auch erfolgreich: Luca Herrmann erzielte mit diesem Fallr\u00fcckzieher das Tor des Monats August. Nun steht der Treffer in der Auswahl zum Tor des Jahres 2025.\" loading=\"lazy\"  src=\"https:\/\/www.europesays.com\/de\/wp-content\/uploads\/2026\/02\/1771544496_495_4MPI7KTKNNBGDC2VVTW6SCJHSA.jpg\" \/><\/p>\n<p class=\"Textstyled__Text-sc-1cqv9mi-0 dKgfuR\">Am Sonntag dann stand Herrmann gegen die Arminia erstmals in der R\u00fcckrunde in der Startelf, ersetzte den erkrankten Niklas Hauptmann. Ein weiteres Traumtor gelang dem 26-J\u00e4hrigen beim 1:1 jedoch nicht. F\u00fcr Dynamo traf Christoph Daferner nach einer Ecke (43.) zum 1:0, Tim Handwerker sorgte mit einem verwandelten Foulelfmeter f\u00fcr den Ausgleich. Somit bleibt Dynamo auch im dritten Pflichtspiel des Jahres ungeschlagen und verbessert sich auf Relegationsrang 16.<\/p>\n<p>Weiterlesen nach der Anzeige<\/p>\n<p>Weiterlesen nach der Anzeige<\/p>\n<p>Freitag, 30. Januar<\/p>\n<p class=\"Textstyled__Text-sc-1cqv9mi-0 dKgfuR\"><b>16.43 Uhr: Bethke oder Schreiber: Wer steht gegen Bielefeld im Tor?<\/b><\/p>\n<p class=\"Textstyled__Text-sc-1cqv9mi-0 dKgfuR\">Wechselt Dynamo \u00fcberraschend den Torwart? Auf der Pressekonferenz vor der Partie gegen Arminia Bielefeld sprach Trainer Thomas Stamm ungefragt \u00fcber den Gesundheitszustand des neuen Torh\u00fcters Elias Bethke. \u201eEr kam aus einer langen Verletzung und hat jetzt trotzdem drei Spiele gemacht\u201c, erkl\u00e4rte der Schweizer, der eigentlich nach den Startelf-Chancen von Neuzugang Ben Bobzien gefragt wurde. <\/p>\n<p class=\"Textstyled__Text-sc-1cqv9mi-0 dKgfuR\">Stamm kam in seiner Antwort aber schnell auf den Bethke zu sprechen, den Dynamo im Winter von Energie Cottbus geholt hatte. \u201eEr hat zweimal bei der zweiten Mannschaft gespielt und jetzt 50 Minuten am Mittwoch gegen Zwickau\u201c, erkl\u00e4rte der 42-J\u00e4hrige und stellte auch einen Einsatz am Sonntag gegen Bielefeld in Aussicht: \u201eNach seiner Verletzung ist er vielleicht noch einmal mehr in der Spur, ein Thema f\u00fcr den Kader oder f\u00fcr die Startelf zu sein.\u201c<\/p>\n<p><img decoding=\"async\" alt=\"Tim Schreiber \u00fcberzeugte bei Dynamo zuletzt mit guten Leistungen.\" loading=\"lazy\"  src=\"https:\/\/www.europesays.com\/de\/wp-content\/uploads\/2026\/02\/1771544497_258_LFDCGQPA2RBGVEUCW77G75OBUE.jpg\" \/><\/p>\n<p>Weiterlesen nach der Anzeige<\/p>\n<p>Weiterlesen nach der Anzeige<\/p>\n<p class=\"Textstyled__Text-sc-1cqv9mi-0 dKgfuR\">Diese Aussage kommt \u00fcberraschend. Die bisherige Nummer eins Tim Schreiber konnte zuletzt gegen F\u00fcrth und Magdeburg mit guten Leistungen \u00fcberzeugen. Der Konkurrenzkampf mit Bethke schien den 23-J\u00e4hrigen, der in Dresden nicht immer unumstritten war, zu h\u00f6heren Leistungen angetrieben zu haben. \u201eIch wei\u00df nicht, ob Elias der Schl\u00fcssel ist, dass Tim gute Leistungen bringt. Das ist eine Vermutung\u201c, erkl\u00e4rte Stamm. \u201eIch habe aber schon ein paar Mal gesagt, dass Konkurrenzkampf befl\u00fcgeln kann.\u201c <\/p>\n<p class=\"Textstyled__Text-sc-1cqv9mi-0 dKgfuR\">Schreiber hatte sich zuletzt eher genervt von den Fragen rund um den Konkurrenzkampf mit Bethke gezeigt. \u201eIntern ist alles gekl\u00e4rt und klar. Ich muss meine Leistung auf den Platz bringen. Ihr macht die Schlagzeilen und nicht wir\u201c, erkl\u00e4rte der geb\u00fcrtige Freitaler nach dem 2:0-Sieg gegen F\u00fcrth. Die Entscheidung, wer am Sonntag im Tor steht, wird Stamm sp\u00e4testens am Samstag treffen. \u201eWir trainieren heute noch einmal, machen morgen noch etwas Wichtiges und dann treffen wir eine Entscheidung\u201c, erkl\u00e4rte er am Freitag. <\/p>\n<p>Donnerstag, 29. Januar<\/p>\n<p class=\"Textstyled__Text-sc-1cqv9mi-0 dKgfuR\"><b>17.40 Uhr: Zwei Geldstrafe f\u00fcr Dynamo <\/b><\/p>\n<p class=\"Textstyled__Text-sc-1cqv9mi-0 dKgfuR\">Dynamo ist vom Sportgericht des Deutschen Fu\u00dfball-Bundes (DFB) erneut zu einer Geldstrafe verurteilt worden. Wie der Verband mitteilt, m\u00fcssen die Dresdner f\u00fcr zwei Vergehen insgesamt 31.500 Euro zahlen. <\/p>\n<p class=\"Textstyled__Text-sc-1cqv9mi-0 dKgfuR\">Zum einen wurden beim Zweitliga-Heimspiel gegen Schalke 04 im August 2025 mindestens 40 pyrotechnische Gegenst\u00e4nde im Dresdner K-Block entz\u00fcndet. F\u00fcr das Fehlverhalten seiner Fans muss der Verein 24.000 Euro zahlen, 8000 Euro davon kann er f\u00fcr eigene sicherheitstechnische oder gewaltpr\u00e4ventive Ma\u00dfnahmen verwenden. <\/p>\n<p>Weiterlesen nach der Anzeige<\/p>\n<p>Weiterlesen nach der Anzeige<\/p>\n<p><img decoding=\"async\" alt=\"Bei Dynamos Heimspiel gegen Schalke 04 wurden im K-Block mehr als 40 Raucht\u00f6pfe gez\u00fcndet, daf\u00fcr m\u00fcssen die Dresdner jetzt zahlen.\" loading=\"lazy\"  src=\"https:\/\/www.europesays.com\/de\/wp-content\/uploads\/2026\/02\/1771544498_779_NM36DBZKJFEDFEYNGBDPS6IYCA.jpg\" \/><\/p>\n<p class=\"Textstyled__Text-sc-1cqv9mi-0 dKgfuR\">Zum anderen ist die Mannschaft beim Ausw\u00e4rtsspiel gegen den VfL Bochum zu sp\u00e4t zur Ausr\u00fcstungskontrolle erschienen. Daf\u00fcr muss der Verein 7500 Euro an den DFB zahlen. Beide Urteile sind rechtskr\u00e4ftig.<\/p>\n<p class=\"Textstyled__Text-sc-1cqv9mi-0 dKgfuR\"><b>9.57 Uhr: Geheimer Test gegen Zwickau &#8211; aber wer hat eigentlich gespielt?<\/b><\/p>\n<p class=\"Textstyled__Text-sc-1cqv9mi-0 dKgfuR\">Die h\u00f6chste Geheimhaltungsstufe wurde \u00fcber das Dynamo-Trainingszentrum verh\u00e4ngt. Beim Testspiel zwischen dem Zweitliga-Vorletzten und Regionalligist FSV Zwickau am Mittwochnachmittag waren keine Zuschauer und keine Presse zugelassen. Selbst der Gegner FSV wurde in seiner Berichterstattung eingeschr\u00e4nkt, er durfte zwar das Ergebnis, einen 3:0-Sieg f\u00fcr Zwickau und die Torsch\u00fctzen kommunizieren, nicht aber die Dynamo-Aufstellung. <\/p>\n<p><img decoding=\"async\" alt=\"Dynamo testete gegen den FSV Zwickau 60 Minuten mit Zweitliga-Profis (hier ein Archivbild). Das Spiel fand unter Ausschluss der \u00d6ffentlichkeit statt. \" loading=\"lazy\"  src=\"https:\/\/www.europesays.com\/de\/wp-content\/uploads\/2026\/02\/1771544499_441_C73LZVPALZEIHM4DHEPBKCPNEI.jpg\" \/><\/p>\n<p class=\"Textstyled__Text-sc-1cqv9mi-0 dKgfuR\">Der FSV teilte auf seiner Homepage lediglich mit, dass in der ersten H\u00e4lfte, die 60 Minuten dauerte, bei den Dresdnern ausschlie\u00dflich Zweitliga-Profis zum Einsatz kamen, in der auf 40 Minuten verk\u00fcrzten zweiten Halbzeit abgesehen vom Torh\u00fcter dann U23-Spieler. Offensichtlich wollte Dynamo-Trainer Thomas Stamm dem Sonntags-Gegner Arminia Bielefeld nicht zu viel verraten. Am Abend testete die U23-Landesliga-Elf der Schwarz-Gelben dann gegen Oberligist Budissa Bautzen und verlor 3:4. Zum Einsatz kam dort mit Dominik Kother lediglich ein Profi, der den Verein auf eigenen Wunsch verlassen will und nur noch bei der U23 trainieren darf. <\/p>\n<p>Weiterlesen nach der Anzeige<\/p>\n<p>Weiterlesen nach der Anzeige<\/p>\n<p>Mittwoch, 28. Januar<\/p>\n<p class=\"Textstyled__Text-sc-1cqv9mi-0 dKgfuR\"><b>14.03 Uhr: Spieler erinnern an die Opfer der Nationalsozialisten<\/b><\/p>\n<p class=\"Textstyled__Text-sc-1cqv9mi-0 dKgfuR\">81 Jahre nach der Befreiung des Konzentrationslagers Auschwitz-Birkenau gedachten zahlreiche Vereine im Rahmen des \u201eErinnerungstages im deutschen Fu\u00dfball\u201c der Opfer des Nationalsozialismus, darunter auch Dynamo Dresden. Der Verein ver\u00f6ffentlichte ein Schwarz-Wei\u00df-Video, in dem Tim Schreiber, Konrad Faber und Vinko Sapina wei\u00dfe Rosen auf Stolpersteine legen, die an den ehemaligen Wohnorten an verschleppte und ermordete Dresdner erinnern. <\/p>\n<p><img decoding=\"async\" alt=\"Vinko Sapina mit einer wei\u00dfen Rose, die er auf einem Stolperstein in Dresden niederlegt, der an die Opfer des Naziregimes erinnert.\" loading=\"lazy\"  src=\"https:\/\/www.europesays.com\/de\/wp-content\/uploads\/2026\/02\/1771544500_175_TOUFBCNVUJE7ZIVWZCTJIOXFLQ.jpg\" \/><\/p>\n<p class=\"Textstyled__Text-sc-1cqv9mi-0 dKgfuR\">Diese Stolpersteine \u201ein unmittelbarer N\u00e4he von Stadion und Trainingszentrum machen einmal mehr deutlich, dass diese B\u00fcrgerinnen und B\u00fcrger der Stadt unsere Nachbarinnen und Nachbarn waren\u201c, hei\u00dft es im Text auf der Homepage. Torh\u00fcter Tim Schreiber erkl\u00e4rt im Video: \u201eDie SG Dynamo Dresden steht daf\u00fcr ein, dass so etwas nie wieder passiert. Nie wieder!\u201c<\/p>\n<p class=\"Textstyled__Text-sc-1cqv9mi-0 dKgfuR\"><b>8.10 Uhr: Neue Folge Schwarz-Gelb-Podcast mit ganz viel Elb-Cl\u00e1sico<\/b><\/p>\n<p>Weiterlesen nach der Anzeige<\/p>\n<p>Weiterlesen nach der Anzeige<\/p>\n<p class=\"Textstyled__Text-sc-1cqv9mi-0 dKgfuR\">Dynamo gewinnt den Elb-Cl\u00e1sico in Magdeburg und holt drei wichtige Punkte in der 2. Bundesliga. In Folge 157 von \u201eSchwarz-Gelb, der Dynamo-Podcast\u201d sprechen die Moderatoren Tino Meyer und Jens Umbreit mit Sky-Kommentator Hansi K\u00fcpper, der das Spiel live begleitet hat, \u00fcber den Auftritt der SGD, die Schl\u00fcsselszenen und die Bedeutung des Sieges im Abstiegskampf.<\/p>\n<p class=\"Textstyled__Text-sc-1cqv9mi-0 dKgfuR\">Neben dem Sport thematisiert die Runde auch die Ausschreitungen rund um das Spiel in Magdeburg und ordnet die Ereignisse ein. Au\u00dferdem richtet sich der Blick auf die letzten Tage der Transferperiode. Sportchef S\u00f6ren Gonther erkl\u00e4rt, welche Entscheidungen noch m\u00f6glich sind.<\/p>\n<p>Dienstag, 27. Januar<\/p>\n<p class=\"Textstyled__Text-sc-1cqv9mi-0 dKgfuR\"><b>18.19 Uhr: Kofi Amoako wird f\u00fcr seine Derby-Leistung belohnt <\/b><\/p>\n<p class=\"Textstyled__Text-sc-1cqv9mi-0 dKgfuR\">Nach <a href=\"https:\/\/www.saechsische.de\/sport\/regional\/dynamo-dresden-feiert-sieg-mit-viel-zuendstoff-und-pyrotechnik-im-elb-clasico-beim-1-fc-magdeburg-L55AV7MCCJG5HKATSOXC7I5YVI.html\" target=\"_blank\" rel=\"nofollow noopener\" title=\"https:\/\/www.saechsische.de\/sport\/regional\/dynamo-dresden-feiert-sieg-mit-viel-zuendstoff-und-pyrotechnik-im-elb-clasico-beim-1-fc-magdeburg-L55AV7MCCJG5HKATSOXC7I5YVI.html\" data-vars-event-category=\"intext_link\" data-vars-event-action=\"click\" data-vars-event-label=\"https:\/\/www.saechsische.de\/sport\/regional\/dynamo-dresden-feiert-sieg-mit-viel-zuendstoff-und-pyrotechnik-im-elb-clasico-beim-1-fc-magdeburg-L55AV7MCCJG5HKATSOXC7I5YVI.html\">dem 2:1-Erfolg gegen Magdeburg<\/a> wurde Kofi Amoako vom Sportmagazin Kicker in die Elf des 19. Spieltages berufen. \u201eEs ist schon etwas Sch\u00f6nes\u201c, sagte Dynamos Mittelfeldspieler, <a href=\"https:\/\/www.saechsische.de\/sport\/regional\/dynamo-dresden-in-der-einzelkritik-kofi-amoako-sticht-gegen-magdeburg-heraus-H5WMTAT36RHLPMKYFKUPM7LKRY.html\" target=\"_self\" rel=\"nofollow noopener\" title=\"https:\/\/www.saechsische.de\/sport\/regional\/dynamo-dresden-in-der-einzelkritik-kofi-amoako-sticht-gegen-magdeburg-heraus-H5WMTAT36RHLPMKYFKUPM7LKRY.html\" data-vars-event-category=\"intext_link\" data-vars-event-action=\"click\" data-vars-event-label=\"https:\/\/www.saechsische.de\/sport\/regional\/dynamo-dresden-in-der-einzelkritik-kofi-amoako-sticht-gegen-magdeburg-heraus-H5WMTAT36RHLPMKYFKUPM7LKRY.html\">der am Samstag ein Tor und eine Vorlage beisteuern konnte<\/a>, und betonte: \u201eAber es gibt noch 15 Spieltage. Und da w\u00e4re es gut, wenn ich 15-mal in der Elf des Tages stehen w\u00fcrde.\u201c F\u00fcr Amoako war es die erste Nominierung. <\/p>\n<p>Weiterlesen nach der Anzeige<\/p>\n<p>Weiterlesen nach der Anzeige<\/p>\n<p><img decoding=\"async\" alt=\"Kofi Amoako geh\u00f6rte mit seinem Tor und seiner Vorlage zu Dynamos Besten gegen Magdeburg.\" loading=\"lazy\"  src=\"https:\/\/www.europesays.com\/de\/wp-content\/uploads\/2026\/02\/1771544501_331_T2L74EUPDVDW7PH2DZQBLQOPSA.jpg\" \/><\/p>\n<p class=\"Textstyled__Text-sc-1cqv9mi-0 dKgfuR\">Im Sommer kam der 20-J\u00e4hrige aus Wolfsburg nach Dresden und <a href=\"https:\/\/www.saechsische.de\/sport\/regional\/dynamo-dresden-das-erste-grosse-interview-mit-senkrechtstarter-kofi-amoako-QRFTJ2BAUJAZTL3DOTRHHICFEQ.html\" target=\"_self\" rel=\"nofollow noopener\" title=\"https:\/\/www.saechsische.de\/sport\/regional\/dynamo-dresden-das-erste-grosse-interview-mit-senkrechtstarter-kofi-amoako-QRFTJ2BAUJAZTL3DOTRHHICFEQ.html\" data-vars-event-category=\"intext_link\" data-vars-event-action=\"click\" data-vars-event-label=\"https:\/\/www.saechsische.de\/sport\/regional\/dynamo-dresden-das-erste-grosse-interview-mit-senkrechtstarter-kofi-amoako-QRFTJ2BAUJAZTL3DOTRHHICFEQ.html\">konnte beim Zweitligisten bisher \u00fcberzeugen.<\/a> Vor der Saison hatten nur <a href=\"https:\/\/www.saechsische.de\/sport\/regional\/dynamo-dresden-macht-neuzugang-mit-bundesliga-erfahrung-perfekt-XIX65BRXCBD57ESDXT4BJAZN3Q.html\" target=\"_self\" rel=\"nofollow noopener\" title=\"https:\/\/www.saechsische.de\/sport\/regional\/dynamo-dresden-macht-neuzugang-mit-bundesliga-erfahrung-perfekt-XIX65BRXCBD57ESDXT4BJAZN3Q.html\" data-vars-event-category=\"intext_link\" data-vars-event-action=\"click\" data-vars-event-label=\"https:\/\/www.saechsische.de\/sport\/regional\/dynamo-dresden-macht-neuzugang-mit-bundesliga-erfahrung-perfekt-XIX65BRXCBD57ESDXT4BJAZN3Q.html\">die Wenigsten bei ihm von einem Top-Transfer gesprochen.<\/a> Das \u00e4nderte sich jedoch im Verlauf der Saison. <a href=\"https:\/\/www.saechsische.de\/sport\/regional\/dynamo-dresden-statt-klub-weltmeister-chelsea-wird-er-der-ueberraschungstransfer-IX7QBM6UOBDLROHUNDJ7M4KPAU.html\" target=\"_self\" rel=\"nofollow noopener\" title=\"https:\/\/www.saechsische.de\/sport\/regional\/dynamo-dresden-statt-klub-weltmeister-chelsea-wird-er-der-ueberraschungstransfer-IX7QBM6UOBDLROHUNDJ7M4KPAU.html\" data-vars-event-category=\"intext_link\" data-vars-event-action=\"click\" data-vars-event-label=\"https:\/\/www.saechsische.de\/sport\/regional\/dynamo-dresden-statt-klub-weltmeister-chelsea-wird-er-der-ueberraschungstransfer-IX7QBM6UOBDLROHUNDJ7M4KPAU.html\">Mit seinen Leistungen geh\u00f6rt er zu den bisherigen \u00dcberraschungen.<\/a> Im Winter fragte deshalb der italienische Erstligist US Lecce bei Amoako an. Dynamo lehnte das Angebot \u00fcber 1,5 Millionen Euro jedoch vorzeitig ab. <\/p>\n<p class=\"Textstyled__Text-sc-1cqv9mi-0 dKgfuR\"><b>16.14 Uhr: Drei Spieler fehlen im Training<\/b><\/p>\n<p class=\"Textstyled__Text-sc-1cqv9mi-0 dKgfuR\">Dynamo ist am Dienstag mit einer Krafteinheit und einem \u00f6ffentlichen Training in die neue Woche gestartet. Drei Tage nach dem 2:1-Derbysieg am Samstag in Magdeburg konnten drei Spieler noch nicht mit der Mannschaft trainieren. <\/p>\n<p class=\"Textstyled__Text-sc-1cqv9mi-0 dKgfuR\">Vincent Vermeij, Niklas Hauptmann und Thomas Keller mussten am Dienstag aus Gr\u00fcnden der Belastungssteuerung pausieren. Die drei Leistungstr\u00e4ger sollen am Mittwoch wieder das Training aufnehmen. Der Einsatz am Sonntag gegen Arminia Bielefeld ist nicht gef\u00e4hrdet. <\/p>\n<p>Montag, 26. Januar<\/p>\n<p class=\"Textstyled__Text-sc-1cqv9mi-0 dKgfuR\"><b>11.47 Uhr: S\u00f6ren Gonther \u00e4u\u00dfert sich zur Personalie Andi Hoti<\/b><\/p>\n<p>Weiterlesen nach der Anzeige<\/p>\n<p>Weiterlesen nach der Anzeige<\/p>\n<p class=\"Textstyled__Text-sc-1cqv9mi-0 dKgfuR\">Im Kader des 1. FC Magdeburg stand Andi Hoti am Samstagabend beim Ost-Duell gegen Dynamo wie erwartet nicht. \u00dcber ihn gesprochen wurde nat\u00fcrlich trotzdem. Dresdens Sportchef S\u00f6ren Gonther \u00e4u\u00dferte sich nach dem 2:1-Sieg am Sky-Mikrofon sowie in der Mixed-Zone zum umworbenen Innenverteidiger, der bereits in der R\u00fcckrunde der vergangenen Saison an Dynamo ausgeliehen war und in Magdeburg nicht mehr mit den Profis trainieren darf. <\/p>\n<p><img decoding=\"async\" alt=\"Geht es nach Dynamo, soll Andi Hoti schon bald wieder das schwarz-gelbe Trikot tragen. \" loading=\"lazy\"  src=\"https:\/\/www.europesays.com\/de\/wp-content\/uploads\/2026\/02\/1771544502_517_TN53YT75JBFIRPFUJNSLJLWQ4I.jpg\" \/><\/p>\n<p class=\"Textstyled__Text-sc-1cqv9mi-0 dKgfuR\">\u201eWir machen kein Geheimnis daraus, dass wir uns bereits im Sommer mit Andi besch\u00e4ftigt hatten und es jetzt wieder tun\u201c, erkl\u00e4rte Gonther. \u201eAnfang Januar gab es ein Angebot von uns, nun liegt der Ball auf Magdeburger Seite.\u201c Die Transferperiode endet am 2. Februar. <\/p>\n<p>Sonntag, 25. Januar<\/p>\n<p class=\"Textstyled__Text-sc-1cqv9mi-0 dKgfuR\"><b>13.33 Uhr: Ministerium spricht von 64 verletzten Polizisten in Magdeburg<\/b><\/p>\n<p>Weiterlesen nach der Anzeige<\/p>\n<p>Weiterlesen nach der Anzeige<\/p>\n<p class=\"Textstyled__Text-sc-1cqv9mi-0 dKgfuR\">Zweiter Sieg im zweiten Spiel der R\u00fcckrunde: Durch den 2:1-Erfolg im Ost-Duell beim 1. FC Magdeburg hat Dynamo Anschluss an die Nichtabstiegs-R\u00e4nge geschafft, bleibt aber Tabellen-Vorletzter. Mateusz Zukowski hatte die Gastgeber nach 29 Minuten vor 27.815 Zuschauern in F\u00fchrung gebracht. Kofi Amoako (34.) mit seinem ersten Dynamo-Tor und Thomas Keller (45.+3) drehten vor der Pause die Partie. Die Dresdner liefen aus Anlass des 75. Geburtstages der 2022 verstorbenen Vereinslegende Hans-J\u00fcrgen \u201eDixie\u201c D\u00f6rner in einem schwarzen Sondertrikot auf. <\/p>\n<p class=\"Textstyled__Text-sc-1cqv9mi-0 dKgfuR\">\u00dcberschattet wurde die Partie durch das massive Abbrennen von Pyrotechnik im Stadion sowie Auseinandersetzungen hinter den Traversen. Dabei versuchte die Polizei, das Eindringen von Magdeburger Fans in den G\u00e4steblock zu verhindern. Nach Angaben des Innenministeriums von Sachsen-Anhalt seien bei dem Einsatz \u201emindestens 64 Polizisten verletzt worden\u201c, 17 mussten im Krankenhaus behandelt werden. Die Beamten seien mit Pyrotechnik beschossen, mit Absperrgittern und Steinen beworfen sowie mit einem Gullydeckel und Gehwegplatten angegriffen worden. Eine Ermittlungsgruppe wurde gegr\u00fcndet.<\/p>\n<p>Freitag, 23. Januar<\/p>\n<p class=\"Textstyled__Text-sc-1cqv9mi-0 dKgfuR\"><b>16.03 Uhr: \u201eDer Weg zum Klassenerhalt ist noch weit\u201c &#8211; sagt Geyer<\/b><\/p>\n<p class=\"Textstyled__Text-sc-1cqv9mi-0 dKgfuR\">Vor dem Ost-Duell zwischen dem 1. FC Magdeburg und Dynamo hat Eduard Geyer seinen Ex-Verein scharf kritisiert. Er sei vom Tabellenplatz der Dresdner entt\u00e4uscht, schrieb der 81-J\u00e4hrige in seiner Kolumne im Fachmagazin Kicker. Man sei mit zu wenig Mut in die Saison gestartet. \u201eBei Dynamo hat man sich zudem oft in die Tasche gelogen, weil man zwar gef\u00e4llig gespielt, aber mit zu wenig Leidenschaft und nicht effizient genug agiert hat. Der Weg zum Klassenerhalt ist jedenfalls noch weit\u201c, so der Ex-Trainer und Ex-Spieler von Dynamo. <\/p>\n<p>Weiterlesen nach der Anzeige<\/p>\n<p>Weiterlesen nach der Anzeige<\/p>\n<p class=\"Textstyled__Text-sc-1cqv9mi-0 dKgfuR\">Dagegen lobte er Magdeburgs Trainer Petrik Sander, mit dem er einst bei Energie Cottbus zusammengearbeitet hatte: \u201eEr hat den Spielern Halt gegeben und ihnen vermittelt, dass es in der aktuellen Lage auf Laufen, Einsatz und defensive Stabilit\u00e4t ankommt. Das 3:0 in Braunschweig war jedenfalls sehr beachtlich \u2013 wie 13 Punkte aus den letzten f\u00fcnf Spielen \u00fcberhaupt.\u201c<\/p>\n<p class=\"Textstyled__Text-sc-1cqv9mi-0 dKgfuR\"><b>13.15 Uhr: Bobzien wechselt aus Mainz zu Dynamo<\/b><\/p>\n<p class=\"Textstyled__Text-sc-1cqv9mi-0 dKgfuR\">Neuzugang Nummer sechs ist da. Dynamo hat Ben Bobzien leihweise verpflichtet. Der 22-j\u00e4hrige Offensivspieler kommt vom Bundesligisten FSV Mainz. \u201eEr ist in der vordersten Offensivreihe variabel einsetzbar, kann sowohl auf den Au\u00dfenbahnen als auch in der Sturmspitze agieren und macht unser Spiel so noch unberechenbarer\u201c, erkl\u00e4rte Sportchef S\u00f6ren Gonther.<\/p>\n<p><img decoding=\"async\" alt=\"Mindestens bis Saisonende in Dresden: Dynamo hat Ben Bobzien vom Bundesligisten FSV Mainz ausgeliehen.\" loading=\"lazy\"  src=\"https:\/\/www.europesays.com\/de\/wp-content\/uploads\/2026\/02\/1771544503_48_2EPBRL3YJJGKBMR5MSB7QFEDXI.jpeg\" \/><\/p>\n<p class=\"Textstyled__Text-sc-1cqv9mi-0 dKgfuR\">In den zur\u00fcckliegenden Jahren spielte Bobzien leihweise f\u00fcr die SV Elversberg sowie die \u00f6sterreichischen Bundesligisten SC Austria Lustenau und SK Austria Klagenfurt und bringt die Erfahrung aus 58 Spielen und zehn Toren in der ersten \u00f6sterreichischen Liga sowie drei internationalen Eins\u00e4tzen in der Conference League mit dem FSV Mainz 05 mit nach Elbflorenz.<\/p>\n<p class=\"Editorialstyled__Editorial-sc-1bfvh9l-0 cSmjnJ\">SZ<\/p>\n","protected":false},"excerpt":{"rendered":"Dynamo Dresden in der 2. Bundesliga \u2013 das Wichtigste in K\u00fcrze:Donnerstag, 19. Februar 16.09 Uhr: Thomas Stamm wird&hellip;\n","protected":false},"author":2,"featured_media":810723,"comment_status":"","ping_status":"","sticky":false,"template":"","format":"standard","meta":{"footnotes":"","_share_on_mastodon":"0"},"categories":[1835],"tags":[3364,29,2386,30,859],"class_list":["post-810722","post","type-post","status-publish","format-standard","has-post-thumbnail","category-dresden","tag-de","tag-deutschland","tag-dresden","tag-germany","tag-sachsen"],"share_on_mastodon":{"url":"https:\/\/pubeurope.com\/@de\/116099947244556631","error":""},"_links":{"self":[{"href":"https:\/\/www.europesays.com\/de\/wp-json\/wp\/v2\/posts\/810722","targetHints":{"allow":["GET"]}}],"collection":[{"href":"https:\/\/www.europesays.com\/de\/wp-json\/wp\/v2\/posts"}],"about":[{"href":"https:\/\/www.europesays.com\/de\/wp-json\/wp\/v2\/types\/post"}],"author":[{"embeddable":true,"href":"https:\/\/www.europesays.com\/de\/wp-json\/wp\/v2\/users\/2"}],"replies":[{"embeddable":true,"href":"https:\/\/www.europesays.com\/de\/wp-json\/wp\/v2\/comments?post=810722"}],"version-history":[{"count":0,"href":"https:\/\/www.europesays.com\/de\/wp-json\/wp\/v2\/posts\/810722\/revisions"}],"wp:featuredmedia":[{"embeddable":true,"href":"https:\/\/www.europesays.com\/de\/wp-json\/wp\/v2\/media\/810723"}],"wp:attachment":[{"href":"https:\/\/www.europesays.com\/de\/wp-json\/wp\/v2\/media?parent=810722"}],"wp:term":[{"taxonomy":"category","embeddable":true,"href":"https:\/\/www.europesays.com\/de\/wp-json\/wp\/v2\/categories?post=810722"},{"taxonomy":"post_tag","embeddable":true,"href":"https:\/\/www.europesays.com\/de\/wp-json\/wp\/v2\/tags?post=810722"}],"curies":[{"name":"wp","href":"https:\/\/api.w.org\/{rel}","templated":true}]}}