{"id":810741,"date":"2026-02-19T23:51:16","date_gmt":"2026-02-19T23:51:16","guid":{"rendered":"https:\/\/www.europesays.com\/de\/810741\/"},"modified":"2026-02-19T23:51:16","modified_gmt":"2026-02-19T23:51:16","slug":"rheinpegel-duesseldorf-steigt-erste-fusswege-gesperrt","status":"publish","type":"post","link":"https:\/\/www.europesays.com\/de\/810741\/","title":{"rendered":"Rheinpegel D\u00fcsseldorf steigt: Erste Fu\u00dfwege gesperrt"},"content":{"rendered":"<p>Nach Schnee und Regen <\/p>\n<p>Rheinpegel in D\u00fcsseldorf steigt an \u2013 erste Sperrungen<\/p>\n<p>19.02.2026 &#8211; 17:34 UhrLesedauer: 1 Min.<\/p>\n<p><a href=\"#focus-0\" class=\"transition-colors duration-200 block text-current relative\" data-sctrack=\"FocusGalleryImage.Reference\"><img fetchpriority=\"high\" data-testid=\"Opener.Image\" style=\"--lqipURL:url('https:\/\/images.t-online.de\/2026\/02\/f-2vAaEYcTgb\/0x208:4000x2250\/fit-in\/150x0\/filters:blur(25)\/rheinwiesen-oberkassel-und-fernsehturm-in-den-rheinauen-deutschland-nordrhein-westfalen-niederrhein-duesseldorf-rhine-meadows-in-oberkassel-and-television-tower-in-the-rhine-floodplains-germany-north-rhine-westphalia-lower-rhine-dusseldorf-blws742016-rheinwiesen-oberkassel-and-television-tower-in-the-rhine-floodplains-germany-north-rhine-westphalia-lower-rhine-duesseldorf-rhine-meadows-in-oberkassel-and-television-tower-in-the-rhine-floodplains-germany-north-rhine-westphalia-lower-rhine.jpg')\"   loading=\"eager\" src=\"https:\/\/www.europesays.com\/de\/wp-content\/uploads\/2026\/02\/rheinwiesen-oberkassel-und-fernsehturm-in-den-rheinauen-deutschland-nordrhein-westfalen-niederrhein-.jpeg\" alt=\"imago images 0847498489\" title=\"imago images 0847498489\" width=\"4000\" height=\"2250\" class=\"bg-[url:var(--lqipURL)] bg-cover bg-center flex h-full w-full max-w-full\" decoding=\"async\"\/><img style=\"--width:32;--height:32\" loading=\"lazy\" src=\"https:\/\/duesseldorf.t-online.de\/s\/paper\/_next\/static\/media\/zoom-in.f7dae02f.svg\" alt=\"Vergr\u00f6\u00dfern des Bildes\" title=\"Vergr\u00f6\u00dfern des Bildes\" class=\"block h-[calc(var(--height)_\/_16_*_1rem)] w-[calc(var(--width)_\/_16_*_1rem)] max-w-none absolute bottom-8 right-8 rounded-4 bg-snow p-8\" decoding=\"async\"\/><\/a><\/p>\n<p>Fernsehturm und Rheinwiesen (Archivbild): Bei einem Pegel von 4,5 Metern starten die ersten Schutzma\u00dfnahmen. (Quelle: IMAGO\/M. Woike\/imago)<\/p>\n<p class=\"font-bold text-18 leading-17 user-text-lg:text-22 user-text-xl:text-24\">Der Rheinpegel in D\u00fcsseldorf hat sich binnen einer Woche fast verdoppelt. Erste Fu\u00dfwege werden gesperrt. Der Wasserstand droht weiter zu steigen.<\/p>\n<p class=\"text-18 leading-17 user-text-lg:text-22 user-text-xl:text-24\">Der Rheinpegel in D\u00fcsseldorf ist seit dem vergangenen Wochenende stark angestiegen. Am Freitagmittag vergangener Woche lag der Wasserstand bei 3,46 Metern. Am Donnerstagmittag (19. Februar, Stand 13 Uhr) erreichte er einen Stand von 5,83 Meter.<\/p>\n<p class=\"text-18 leading-17 user-text-lg:text-22 user-text-xl:text-24\">In D\u00fcsseldorf beginnen die offiziellen Hochwasserschutzma\u00dfnahmen am Rhein in der Regel, sobald der Pegel die Marke von 6,00 Metern erreicht oder laut Vorhersage in K\u00fcrze erreichen wird.<\/p>\n<p class=\"text-18 leading-17 user-text-lg:text-22 user-text-xl:text-24\">Die Wasserstra\u00dfen- und Schifffahrtsverwaltung des Bundes (WSV) geht in ihren Prognosen davon aus, dass der Rheinpegel bei D\u00fcsseldorf weiter ansteigen wird. So sagt die WSV f\u00fcr Samstagmittag einen Pegel von 5,99 Metern vorher.<\/p>\n<p class=\"text-18 leading-17 user-text-lg:text-22 user-text-xl:text-24\">Der Pegel des Rheins steigt im Fr\u00fchjahr h\u00e4ufig. Das liegt am schmelzenden Schnee in den Alpen und an den Nebenfl\u00fcssen des Rheins. Das zus\u00e4tzliche Wasser flie\u00dft in den Fluss und l\u00e4sst den Pegel ansteigen.<\/p>\n","protected":false},"excerpt":{"rendered":"Nach Schnee und Regen Rheinpegel in D\u00fcsseldorf steigt an \u2013 erste Sperrungen 19.02.2026 &#8211; 17:34 UhrLesedauer: 1 Min.&hellip;\n","protected":false},"author":2,"featured_media":810742,"comment_status":"","ping_status":"","sticky":false,"template":"","format":"standard","meta":{"footnotes":"","_share_on_mastodon":"0"},"categories":[1831],"tags":[7887,3364,29,3405,7446,61044,30,1209,5206,5977,39177,2224],"class_list":["post-810741","post","type-post","status-publish","format-standard","has-post-thumbnail","category-duesseldorf","tag-alpen","tag-de","tag-deutschland","tag-duesseldorf","tag-fernsehturm","tag-fussweg","tag-germany","tag-nordrhein-westfalen","tag-rhein","tag-rheinpegel","tag-rheinwiese","tag-sperrung"],"share_on_mastodon":{"url":"","error":""},"_links":{"self":[{"href":"https:\/\/www.europesays.com\/de\/wp-json\/wp\/v2\/posts\/810741","targetHints":{"allow":["GET"]}}],"collection":[{"href":"https:\/\/www.europesays.com\/de\/wp-json\/wp\/v2\/posts"}],"about":[{"href":"https:\/\/www.europesays.com\/de\/wp-json\/wp\/v2\/types\/post"}],"author":[{"embeddable":true,"href":"https:\/\/www.europesays.com\/de\/wp-json\/wp\/v2\/users\/2"}],"replies":[{"embeddable":true,"href":"https:\/\/www.europesays.com\/de\/wp-json\/wp\/v2\/comments?post=810741"}],"version-history":[{"count":0,"href":"https:\/\/www.europesays.com\/de\/wp-json\/wp\/v2\/posts\/810741\/revisions"}],"wp:featuredmedia":[{"embeddable":true,"href":"https:\/\/www.europesays.com\/de\/wp-json\/wp\/v2\/media\/810742"}],"wp:attachment":[{"href":"https:\/\/www.europesays.com\/de\/wp-json\/wp\/v2\/media?parent=810741"}],"wp:term":[{"taxonomy":"category","embeddable":true,"href":"https:\/\/www.europesays.com\/de\/wp-json\/wp\/v2\/categories?post=810741"},{"taxonomy":"post_tag","embeddable":true,"href":"https:\/\/www.europesays.com\/de\/wp-json\/wp\/v2\/tags?post=810741"}],"curies":[{"name":"wp","href":"https:\/\/api.w.org\/{rel}","templated":true}]}}