{"id":810895,"date":"2026-02-20T01:21:17","date_gmt":"2026-02-20T01:21:17","guid":{"rendered":"https:\/\/www.europesays.com\/de\/810895\/"},"modified":"2026-02-20T01:21:17","modified_gmt":"2026-02-20T01:21:17","slug":"tierquaelerei-bei-reitturnier-psychologische-hilfe-fuer-kinder","status":"publish","type":"post","link":"https:\/\/www.europesays.com\/de\/810895\/","title":{"rendered":"Tierqu\u00e4lerei bei Reitturnier \u2013 psychologische Hilfe f\u00fcr Kinder"},"content":{"rendered":"<p>Tierqu\u00e4lerei in M\u00fcnchen <\/p>\n<p>Reitturnier abgebrochen \u2013 Kinder erhalten psychologische Hilfe<\/p>\n<p>19.02.2026 &#8211; 18:55 UhrLesedauer: 1 Min.<\/p>\n<p><a href=\"#focus-0\" class=\"transition-colors duration-200 block text-current relative\" data-sctrack=\"FocusGalleryImage.Reference\"><img fetchpriority=\"high\" data-testid=\"Opener.Image\" style=\"--lqipURL:url('https:\/\/images.t-online.de\/2026\/02\/NoZuBpkgplSk\/0x0:4000x2250\/fit-in\/150x0\/filters:blur(25)\/eine-person-sitzt-auf-einem-pferd-symbolbild-das-turnier-auf-der-olympia-reitanlage-in-riem-wurde-nach-den-vorfaellen-abgebrochen.jpg')\"   loading=\"eager\" src=\"https:\/\/www.europesays.com\/de\/wp-content\/uploads\/2026\/02\/eine-person-sitzt-auf-einem-pferd-symbolbild-das-turnier-auf-der-olympia-reitanlage-in-riem-wurde-na.jpeg\" alt=\"Eine Person sitzt auf einem Pferd (Symbolbild): Das Turnier auf der Olympia-Reitanlage in Riem wurde nach den Vorf\u00e4llen abgebrochen.\" title=\"Eine Person sitzt auf einem Pferd (Symbolbild): Das Turnier auf der Olympia-Reitanlage in Riem wurde nach den Vorf\u00e4llen abgebrochen.\" width=\"4000\" height=\"2250\" class=\"bg-[url:var(--lqipURL)] bg-cover bg-center flex h-full w-full max-w-full\" decoding=\"async\"\/><img style=\"--width:32;--height:32\" loading=\"lazy\" src=\"https:\/\/muenchen.t-online.de\/s\/paper\/_next\/static\/media\/zoom-in.f7dae02f.svg\" alt=\"Vergr\u00f6\u00dfern des Bildes\" title=\"Vergr\u00f6\u00dfern des Bildes\" class=\"block h-[calc(var(--height)_\/_16_*_1rem)] w-[calc(var(--width)_\/_16_*_1rem)] max-w-none absolute bottom-8 right-8 rounded-4 bg-snow p-8\" decoding=\"async\"\/><\/a><\/p>\n<p>Eine Person sitzt auf einem Pferd (Symbolbild): Das Turnier auf der Olympia-Reitanlage in Riem wurde nach den Vorf\u00e4llen abgebrochen. (Quelle: Imago\/Zoonar)<\/p>\n<p class=\"font-bold text-18 leading-17 user-text-lg:text-22 user-text-xl:text-24\">Bei einem Turnier auf der Olympia-Reitanlage M\u00fcnchen-Riem kommt es zu F\u00e4llen von Tierqu\u00e4lerei. Kinder sind verst\u00f6rt \u2013 der bayerische und der nationale Verband reagieren.<\/p>\n<p class=\"text-18 leading-17 user-text-lg:text-22 user-text-xl:text-24\">Nach dem Abbruch eines Reitturniers in M\u00fcnchen wegen mutma\u00dflicher Tierqu\u00e4lerei wird betroffenen Kindern psychologische Unterst\u00fctzung angeboten. Das teilte der Bayerische Reit- und Fahrverband (BRFV) mit. Die Betreuung erfolge parallel zur tier\u00e4rztlichen Versorgung der betroffenen Ponys und Pferde und werde von der Deutsche Reiterliche Vereinigung (FN) unterst\u00fctzt.<\/p>\n<p class=\"text-18 leading-17 user-text-lg:text-22 user-text-xl:text-24\">Zudem seien bei mehreren Pferden &#8222;die Zungen mit Gummib\u00e4ndern straff umwickelt&#8220; gewesen. Herkommer berichtete weiter: &#8222;Die Kinder waren zutiefst verst\u00f6rt. Keiner wollte unter diesen Umst\u00e4nden mehr reiten. Jeder wollte nur noch nach Hause.&#8220;<\/p>\n<p class=\"text-18 leading-17 user-text-lg:text-22 user-text-xl:text-24\">Die FN sprach von tierschutzrelevanten Vorf\u00e4llen und verwies auf laufende Ermittlungen der Polizei. Aus ermittlungstechnischen Gr\u00fcnden wurden zun\u00e4chst keine weiteren Details bekanntgegeben. Das zust\u00e4ndige Kreisveterin\u00e4ramt sei eingeschaltet worden, hie\u00df es.<\/p>\n<p class=\"text-18 leading-17 user-text-lg:text-22 user-text-xl:text-24\">FN-Vorstandschef Dennis Peiler sagte: &#8222;Wir sind tief ersch\u00fcttert \u00fcber die Vorf\u00e4lle in M\u00fcnchen-Riem. Wir verurteilen dieses Handeln auf das Sch\u00e4rfste.&#8220; Der BFRV versch\u00e4rft als Reaktion auf die Vorf\u00e4lle die Sicherheitsma\u00dfnahmen in Riem.<\/p>\n<p class=\"text-18 leading-17 user-text-lg:text-22 user-text-xl:text-24\">Gesch\u00e4ftsf\u00fchrer Thomas Schreder erkl\u00e4rte: &#8222;Damit sich die Teilnehmer w\u00e4hrend unserer Veranstaltungen sicher f\u00fchlen k\u00f6nnen, haben wir sofort reagiert und haben einen bei Pferdeveranstaltungen erfahrenen Sicherheitsdienst beauftragt und die Installation von Video\u00fcberwachungssystemen umgesetzt.&#8220;<\/p>\n","protected":false},"excerpt":{"rendered":"Tierqu\u00e4lerei in M\u00fcnchen Reitturnier abgebrochen \u2013 Kinder erhalten psychologische Hilfe 19.02.2026 &#8211; 18:55 UhrLesedauer: 1 Min. Eine Person&hellip;\n","protected":false},"author":2,"featured_media":810896,"comment_status":"","ping_status":"","sticky":false,"template":"","format":"standard","meta":{"footnotes":"","_share_on_mastodon":"0"},"categories":[1827],"tags":[722,772,29,30,1268,134937,121,70978,2956,10094],"class_list":["post-810895","post","type-post","status-publish","format-standard","has-post-thumbnail","category-muenchen","tag-722","tag-bayern","tag-deutschland","tag-germany","tag-muenchen","tag-muenchen-riem","tag-polizei","tag-reitturnier","tag-riem","tag-tierquaelerei"],"share_on_mastodon":{"url":"https:\/\/pubeurope.com\/@de\/116100339341676450","error":""},"_links":{"self":[{"href":"https:\/\/www.europesays.com\/de\/wp-json\/wp\/v2\/posts\/810895","targetHints":{"allow":["GET"]}}],"collection":[{"href":"https:\/\/www.europesays.com\/de\/wp-json\/wp\/v2\/posts"}],"about":[{"href":"https:\/\/www.europesays.com\/de\/wp-json\/wp\/v2\/types\/post"}],"author":[{"embeddable":true,"href":"https:\/\/www.europesays.com\/de\/wp-json\/wp\/v2\/users\/2"}],"replies":[{"embeddable":true,"href":"https:\/\/www.europesays.com\/de\/wp-json\/wp\/v2\/comments?post=810895"}],"version-history":[{"count":0,"href":"https:\/\/www.europesays.com\/de\/wp-json\/wp\/v2\/posts\/810895\/revisions"}],"wp:featuredmedia":[{"embeddable":true,"href":"https:\/\/www.europesays.com\/de\/wp-json\/wp\/v2\/media\/810896"}],"wp:attachment":[{"href":"https:\/\/www.europesays.com\/de\/wp-json\/wp\/v2\/media?parent=810895"}],"wp:term":[{"taxonomy":"category","embeddable":true,"href":"https:\/\/www.europesays.com\/de\/wp-json\/wp\/v2\/categories?post=810895"},{"taxonomy":"post_tag","embeddable":true,"href":"https:\/\/www.europesays.com\/de\/wp-json\/wp\/v2\/tags?post=810895"}],"curies":[{"name":"wp","href":"https:\/\/api.w.org\/{rel}","templated":true}]}}