{"id":810997,"date":"2026-02-20T02:21:25","date_gmt":"2026-02-20T02:21:25","guid":{"rendered":"https:\/\/www.europesays.com\/de\/810997\/"},"modified":"2026-02-20T02:21:25","modified_gmt":"2026-02-20T02:21:25","slug":"auftakt-der-reihe-gebet-und-musik-umkehr-orgelvesper-i","status":"publish","type":"post","link":"https:\/\/www.europesays.com\/de\/810997\/","title":{"rendered":"Auftakt der Reihe Gebet und Musik: Umkehr \u2013 Orgelvesper I"},"content":{"rendered":"<p style=\"font-weight: 400;\"><strong>Auftakt der Reihe zur Verbindung von Musik und Gebet in der <a href=\"https:\/\/www.hannover-entdecken.de\/tag\/basilika-st-clemens\/\" data-internallinksmanager029f6b8e52c=\"3797\" title=\"Basilika St. Clemens\" rel=\"nofollow noopener\" target=\"_blank\">Basilika St. Clemens<\/a><\/strong><\/p>\n<p>Orgelvespern verbinden in besonderem Ma\u00dfe Gebet und Musik. In diesem Jahr wird es in der Basilika St. Clemens eine besondere Reihe mit Orgelvespern geben, deren Gestaltung sich am Kirchenjahr orientiert.<\/p>\n<p>Den Auftakt bietet die Fastenzeit: \u201eUmkehr\u201c ist am Samstag, 21. Februar 2026, die erste Orgelvesper \u00fcberschrieben. Beginn ist um 18:30 Uhr (<a href=\"https:\/\/www.hannover-entdecken.de\/platz-an-der-basilika-hannover\/\" data-internallinksmanager029f6b8e52c=\"732\" title=\"Platz an der Basilika\" rel=\"nofollow noopener\" target=\"_blank\">Platz an der Basilika<\/a> 1, 30169 Hannover)<\/p>\n<p>\u201eMit dem Aschermittwoch hat die christliche Fastenzeit begonnen, eine Zeit der Umkehr und der Besinnung\u201c, erl\u00e4utert Regionalkantor Francesco Bernasconi, der am Samstag auch an der Orgel in der Basilika sitzen wird: \u201eDiesen Gedanken greifen wir in Form der Orgelvesper auf, die Gebet, Gesang und Musik verbindet.\u201c Als Vesper wird in der Katholischen Kirche das Abendgebet bezeichnet. Es dient gl\u00e4ubigen Menschen vor allem, sich der Gegenwart Gottes zu erinnern, das am Tag Erlebte und die Hoffnung f\u00fcr den neuen Morgen vor ihn zu bringen.<\/p>\n<p>\u201eDiese Sehnsucht nach Gott ist ein starkes Motiv in der Kirchenmusik und beschreibt genau diese Verbindung aus Gebet und Musik, die wir mit der Vesper aufgreifen\u201c, sagt Bernasconi. Beim Auftakt der Reihe werden Werke aus der deutschen Romantik gespielt und gesungen: Felix Mendelssohn-Bartholdy und Max Reger.<\/p>\n<p>Die Arien von Mendelssohn-Bartholdy entstammen Werken, die sich mit gro\u00dfen Bekehrungen auseinandersetzen oder das Bed\u00fcrfnis nach Bekehrung thematisieren. Sie vertonen den Psalm 42 (\u201eMeine Seele d\u00fcrstet nach Gott\u201c) oder wurden von Mendelssohn-Bartholdy f\u00fcr seine gro\u00dfen Oratorien, den kirchlichen \u201eOpern\u201c, komponiert: \u201eJerusalem! Die du t\u00f6test die Propheten!\u201c, \u201eLasst uns singen von der Gnaden des Herrn\u201c (beide aus \u201ePaulus\u201c), \u201eH\u00f6re, Israel, h\u00f6re des Herren Stimme!\u201c (aus \u201eElias\u201c). Es singt Anna Bernasconi (Sopran).<\/p>\n<p>\u201eErg\u00e4nzend erklingen die drei S\u00e4tze der Zweiten Orgelsonate von Max Reger\u201c, beschreibt es Francesco Bernasconi: \u201eReger stellt in seiner Klangsprache den Zorn Gottes und die Erl\u00f6sung durch ihn unvermittelt gegen\u00fcber.\u201c In diesem musikalischen Sturm lassen sich auch die eher leisen Elemente der Fastenzeit wiederfinden: Rechenschaft, Besinnung und Umkehr.<\/p>\n<p>Liturgisch wird die Vesper, das Abendgebet in der Katholischen Kirche, von Propst Wolfgang Semmet gestaltet. Die zweite Orgelvesper am Samstag, 21. M\u00e4rz, wird sich unter dem Titel \u201eDemut\u201c, der Passion, der Leidensgeschichte Christi, widmen.<\/p>\n<p>Katholische Kirche in der Region Hannover<\/p>\n<p>Der Katholischen Kirche in der <a href=\"https:\/\/www.hannover-entdecken.de\/region-hannover\/\" data-internallinksmanager029f6b8e52c=\"3756\" title=\"Region Hannover\" rel=\"nofollow noopener\" target=\"_blank\">Region Hannover<\/a> geh\u00f6ren \u00fcber 125 000 Katholik*innen an. Sie umfasst nicht nur die Landeshauptstadt, sondern reicht von Nienburg bis <a href=\"https:\/\/www.hannover-entdecken.de\/lehrte\/\" data-internallinksmanager029f6b8e52c=\"3747\" title=\"Lehrte\" rel=\"nofollow noopener\" target=\"_blank\">Lehrte<\/a> und von <a href=\"https:\/\/www.hannover-entdecken.de\/burgdorf\/\" data-internallinksmanager029f6b8e52c=\"3737\" title=\"Burgdorf\" rel=\"nofollow noopener\" target=\"_blank\">Burgdorf<\/a> bis <a href=\"https:\/\/www.hannover-entdecken.de\/springe\/\" data-internallinksmanager029f6b8e52c=\"3750\" title=\"Springe\" rel=\"nofollow noopener\" target=\"_blank\">Springe<\/a>. Gegliedert ist die Katholische Region in 23 Pfarrgemeinden mit insgesamt 60 Kirchen und vier Missionen f\u00fcr Katholik*innen anderer Muttersprache sowie mehrerer Verb\u00e4nde. In enger Kooperation mit der Katholischen Familienbildungsst\u00e4tte, der Caritas, den Maltesern und dem Sozialdienst katholischer Frauen (SkF) werden zahlreiche Begegnungs-, Beratungs-, Betreuungs- und Unterst\u00fctzungsm\u00f6glichkeiten angeboten. Die Haupt- und Mutterkirche ist die 1718 geweihte Basilika St. Clemens.<\/p>\n","protected":false},"excerpt":{"rendered":"Auftakt der Reihe zur Verbindung von Musik und Gebet in der Basilika St. Clemens Orgelvespern verbinden in besonderem&hellip;\n","protected":false},"author":2,"featured_media":810998,"comment_status":"","ping_status":"","sticky":false,"template":"","format":"standard","meta":{"footnotes":"","_share_on_mastodon":"0"},"categories":[1836],"tags":[182285,8284,172549,3364,29,30,46,3794,525,1411,104807],"class_list":["post-810997","post","type-post","status-publish","format-standard","has-post-thumbnail","category-hannover","tag-basilika-st-clemens","tag-burgdorf","tag-calenberger-neustadt","tag-de","tag-deutschland","tag-germany","tag-hannover","tag-lehrte","tag-mitte","tag-niedersachsen","tag-springe"],"share_on_mastodon":{"url":"https:\/\/pubeurope.com\/@de\/116100575136827211","error":""},"_links":{"self":[{"href":"https:\/\/www.europesays.com\/de\/wp-json\/wp\/v2\/posts\/810997","targetHints":{"allow":["GET"]}}],"collection":[{"href":"https:\/\/www.europesays.com\/de\/wp-json\/wp\/v2\/posts"}],"about":[{"href":"https:\/\/www.europesays.com\/de\/wp-json\/wp\/v2\/types\/post"}],"author":[{"embeddable":true,"href":"https:\/\/www.europesays.com\/de\/wp-json\/wp\/v2\/users\/2"}],"replies":[{"embeddable":true,"href":"https:\/\/www.europesays.com\/de\/wp-json\/wp\/v2\/comments?post=810997"}],"version-history":[{"count":0,"href":"https:\/\/www.europesays.com\/de\/wp-json\/wp\/v2\/posts\/810997\/revisions"}],"wp:featuredmedia":[{"embeddable":true,"href":"https:\/\/www.europesays.com\/de\/wp-json\/wp\/v2\/media\/810998"}],"wp:attachment":[{"href":"https:\/\/www.europesays.com\/de\/wp-json\/wp\/v2\/media?parent=810997"}],"wp:term":[{"taxonomy":"category","embeddable":true,"href":"https:\/\/www.europesays.com\/de\/wp-json\/wp\/v2\/categories?post=810997"},{"taxonomy":"post_tag","embeddable":true,"href":"https:\/\/www.europesays.com\/de\/wp-json\/wp\/v2\/tags?post=810997"}],"curies":[{"name":"wp","href":"https:\/\/api.w.org\/{rel}","templated":true}]}}