{"id":811085,"date":"2026-02-20T03:12:20","date_gmt":"2026-02-20T03:12:20","guid":{"rendered":"https:\/\/www.europesays.com\/de\/811085\/"},"modified":"2026-02-20T03:12:20","modified_gmt":"2026-02-20T03:12:20","slug":"nach-schneefall-kommen-milde-temperaturen","status":"publish","type":"post","link":"https:\/\/www.europesays.com\/de\/811085\/","title":{"rendered":"Nach Schneefall kommen milde Temperaturen"},"content":{"rendered":"<p class=\"text_ohne_einzug richtext text-em-55 !leading-serif mx-6 desktop:mx-0\"> Eisig kalt ist es \u00fcber die Karnevalstage gewesen. <a href=\"https:\/\/rp-online.de\/nrw\/panorama\/wettervorhersage-nrw-heute-schneefall-von-kurzer-dauer_aid-134041003\" target=\"_blank\" rel=\"nofollow noopener\">War es am Wochenende noch eher trocken und teilweise sonnig, setzten zum Wochenbeginn die Regenstunden ein.<\/a> Am Donnerstag, 19.\u2005Februar, folgte dann das vielleicht letzte Aufb\u00e4umen des Winters: <a href=\"https:\/\/rp-online.de\/thema\/schnee\/\" rel=\"nofollow noopener\" target=\"_blank\">Schnee<\/a> am Tag nach <a href=\"https:\/\/rp-online.de\/thema\/aschermittwoch\/\" rel=\"nofollow noopener\" target=\"_blank\">Aschermittwoch<\/a>. Die B\u00fcrgerinnen und B\u00fcrger wachten in einer wei\u00df gepuderten Vitusstadt auf. Leicht und fluffig war der Schnee, taute wegen der leichten Plusgrade aber wieder schnell an.<\/p>\n","protected":false},"excerpt":{"rendered":"Eisig kalt ist es \u00fcber die Karnevalstage gewesen. War es am Wochenende noch eher trocken und teilweise sonnig,&hellip;\n","protected":false},"author":2,"featured_media":811086,"comment_status":"","ping_status":"","sticky":false,"template":"","format":"standard","meta":{"footnotes":"","_share_on_mastodon":"0"},"categories":[1849],"tags":[3364,29,4906,548,663,3934,30,42751,140600,13,4455,14,15,1209,12,16406,137711,1781,23290],"class_list":["post-811085","post","type-post","status-publish","format-standard","has-post-thumbnail","category-moenchengladbach","tag-de","tag-deutschland","tag-dwd","tag-eu","tag-europa","tag-europe","tag-germany","tag-glaette","tag-glaettewarnung","tag-headlines","tag-moenchengladbach","tag-nachrichten","tag-news","tag-nordrhein-westfalen","tag-schlagzeilen","tag-schnee","tag-schneefall","tag-tag","tag-warnung"],"share_on_mastodon":{"url":"https:\/\/pubeurope.com\/@de\/116100775871344581","error":""},"_links":{"self":[{"href":"https:\/\/www.europesays.com\/de\/wp-json\/wp\/v2\/posts\/811085","targetHints":{"allow":["GET"]}}],"collection":[{"href":"https:\/\/www.europesays.com\/de\/wp-json\/wp\/v2\/posts"}],"about":[{"href":"https:\/\/www.europesays.com\/de\/wp-json\/wp\/v2\/types\/post"}],"author":[{"embeddable":true,"href":"https:\/\/www.europesays.com\/de\/wp-json\/wp\/v2\/users\/2"}],"replies":[{"embeddable":true,"href":"https:\/\/www.europesays.com\/de\/wp-json\/wp\/v2\/comments?post=811085"}],"version-history":[{"count":0,"href":"https:\/\/www.europesays.com\/de\/wp-json\/wp\/v2\/posts\/811085\/revisions"}],"wp:featuredmedia":[{"embeddable":true,"href":"https:\/\/www.europesays.com\/de\/wp-json\/wp\/v2\/media\/811086"}],"wp:attachment":[{"href":"https:\/\/www.europesays.com\/de\/wp-json\/wp\/v2\/media?parent=811085"}],"wp:term":[{"taxonomy":"category","embeddable":true,"href":"https:\/\/www.europesays.com\/de\/wp-json\/wp\/v2\/categories?post=811085"},{"taxonomy":"post_tag","embeddable":true,"href":"https:\/\/www.europesays.com\/de\/wp-json\/wp\/v2\/tags?post=811085"}],"curies":[{"name":"wp","href":"https:\/\/api.w.org\/{rel}","templated":true}]}}