{"id":811280,"date":"2026-02-20T05:01:26","date_gmt":"2026-02-20T05:01:26","guid":{"rendered":"https:\/\/www.europesays.com\/de\/811280\/"},"modified":"2026-02-20T05:01:26","modified_gmt":"2026-02-20T05:01:26","slug":"sek-einsatz-in-duisburg-mann-mit-messer-angeschossen-nrw","status":"publish","type":"post","link":"https:\/\/www.europesays.com\/de\/811280\/","title":{"rendered":"SEK-Einsatz in Duisburg: Mann mit Messer angeschossen | NRW"},"content":{"rendered":"<p>Ein SEK-Einsatz in Duisburg endet mit Sch\u00fcssen und einem Verletzten \u2013 doch warum eskalierte die Situation in der Wohneinrichtung f\u00fcr psychisch Erkrankte?<\/p>\n<p id=\"absatz1\" class=\"em_text\">Ein Spezialeinsatzkommando (SEK) der Polizei hat bei einem Einsatz in einer Wohneinrichtung f\u00fcr psychisch erkrankte Menschen in Duisburg einen Mann angeschossen. Der 30-J\u00e4hrige sei durch mehrere Sch\u00fcsse verletzt worden und ins Krankenhaus gekommen, teilten Polizei und Staatsanwaltschaft mit. Lebensgefahr k\u00f6nne nicht ausgeschlossen werden.<\/p>\n<p id=\"absatz2\" class=\"em_text\">Laut einer Polizeisprecherin war die Polizei gegen 8.00 Uhr morgens zu dem Einsatz gerufen worden. Der Mann war mutma\u00dflich mit einem Messer bewaffnet und hatte sich im Dachgeschoss verschanzt. Einer der ersten Beamten vor Ort wurde von dem Mann leicht verletzt.<\/p>\n<p>Keine Gefahr f\u00fcr weitere Personen<\/p>\n<p id=\"absatz4\" class=\"em_text\">Die Polizei rief das SEK zu Hilfe, das zun\u00e4chst \u00fcber eine Drehleiter der Feuerwehr Kontakt mit dem Mann durch ein Dachgeschossfenster aufnahm. Der weitere Verlauf des Einsatzes ist noch unklar, aber bei der Festnahme fielen laut Polizei Sch\u00fcsse.<\/p>\n<p id=\"absatz5\" class=\"em_text\">Das Motiv des 30-J\u00e4hrigen war nach Angaben der Polizei zun\u00e4chst unklar. Andere Menschen seien nicht in Gefahr gewesen. Zu den Sch\u00fcssen ermittelt aus Neutralit\u00e4tsgr\u00fcnden die Polizei Bochum. <\/p>\n","protected":false},"excerpt":{"rendered":"Ein SEK-Einsatz in Duisburg endet mit Sch\u00fcssen und einem Verletzten \u2013 doch warum eskalierte die Situation in der&hellip;\n","protected":false},"author":2,"featured_media":810854,"comment_status":"","ping_status":"","sticky":false,"template":"","format":"standard","meta":{"footnotes":"","_share_on_mastodon":"0"},"categories":[1838],"tags":[26198,3364,29,3715,59303,30,1209,121,14177,1997,10218],"class_list":["post-811280","post","type-post","status-publish","format-standard","has-post-thumbnail","category-duisburg","tag-alarm","tag-de","tag-deutschland","tag-duisburg","tag-erkrankte","tag-germany","tag-nordrhein-westfalen","tag-polizei","tag-spezialeinsatzkommando","tag-staatsanwaltschaft","tag-wohneinrichtung"],"share_on_mastodon":{"url":"https:\/\/pubeurope.com\/@de\/116101204123301245","error":""},"_links":{"self":[{"href":"https:\/\/www.europesays.com\/de\/wp-json\/wp\/v2\/posts\/811280","targetHints":{"allow":["GET"]}}],"collection":[{"href":"https:\/\/www.europesays.com\/de\/wp-json\/wp\/v2\/posts"}],"about":[{"href":"https:\/\/www.europesays.com\/de\/wp-json\/wp\/v2\/types\/post"}],"author":[{"embeddable":true,"href":"https:\/\/www.europesays.com\/de\/wp-json\/wp\/v2\/users\/2"}],"replies":[{"embeddable":true,"href":"https:\/\/www.europesays.com\/de\/wp-json\/wp\/v2\/comments?post=811280"}],"version-history":[{"count":0,"href":"https:\/\/www.europesays.com\/de\/wp-json\/wp\/v2\/posts\/811280\/revisions"}],"wp:featuredmedia":[{"embeddable":true,"href":"https:\/\/www.europesays.com\/de\/wp-json\/wp\/v2\/media\/810854"}],"wp:attachment":[{"href":"https:\/\/www.europesays.com\/de\/wp-json\/wp\/v2\/media?parent=811280"}],"wp:term":[{"taxonomy":"category","embeddable":true,"href":"https:\/\/www.europesays.com\/de\/wp-json\/wp\/v2\/categories?post=811280"},{"taxonomy":"post_tag","embeddable":true,"href":"https:\/\/www.europesays.com\/de\/wp-json\/wp\/v2\/tags?post=811280"}],"curies":[{"name":"wp","href":"https:\/\/api.w.org\/{rel}","templated":true}]}}