{"id":811346,"date":"2026-02-20T05:39:12","date_gmt":"2026-02-20T05:39:12","guid":{"rendered":"https:\/\/www.europesays.com\/de\/811346\/"},"modified":"2026-02-20T05:39:12","modified_gmt":"2026-02-20T05:39:12","slug":"das-sind-die-neuen-deutschrap-singles-alben-der-woche-41","status":"publish","type":"post","link":"https:\/\/www.europesays.com\/de\/811346\/","title":{"rendered":"Das sind die neuen Deutschrap-Singles &#038; Alben der Woche"},"content":{"rendered":"<p>Es ist wieder Freitag und das bedeutet: neue Musik! Wie immer gibt es heute wieder neue Singles, Alben, EPs und Mixtapes aus dem deutschsprachigen Rap-Kosmos. Die wichtigsten Releases haben wir f\u00fcr euch aufgelistet.<\/p>\n<p>Die neuen Deutschrap-Alben der Woche<\/p>\n<p><strong>$oho Bani<\/strong>\u00a0\u2013 listen carefully<\/p>\n<p><strong>Crystal F\u00a0<\/strong>\u2013 Fiebertrauma<\/p>\n<p><strong>longJ\u00a0<\/strong>\u2013 Schwarzer Anzug<\/p>\n<p><strong>Yako Ok\u00a0<\/strong>\u2013 Und dann kam Yako (Tape)<\/p>\n<p>Die neuen Deutschrap-Singles der Woche<\/p>\n<p><strong>Olexesh ft. Edin\u00a0<\/strong>\u2013 Kontrollieren<\/p>\n<p><strong>Eli Preiss ft. t-low\u00a0<\/strong>\u2013 St\u00fcck f\u00fcr St\u00fcck<\/p>\n<p><strong>Apsilon\u00a0<\/strong>\u2013 Titan<\/p>\n<p><strong>Luvre47\u00a0<\/strong>\u2013 Schweigen ist Gold<\/p>\n<p><strong>Yung Saint Paul\u00a0<\/strong>\u2013 mein cutie &lt;3<\/p>\n<p><strong>Dante YN\u00a0<\/strong>\u2013 PoloShirt<\/p>\n<p><strong>idolinjo\u00a0<\/strong>\u2013 G-Shock<\/p>\n<p><strong>Takt32 ft. PTK\u00a0<\/strong>\u2013 Payback<\/p>\n<p><strong>Outerspass ft. K.I.Z\u00a0<\/strong>\u2013 Psychose Maxxing<\/p>\n<p><strong>102 Boyz\u00a0<\/strong>\u2013 0,7 Jack<\/p>\n<p><strong>Vicky\u00a0<\/strong>\u2013\u00a0good girls<\/p>\n<p><strong>Haiyti ft. Mo Douzi\u00a0<\/strong>\u2013 Christian Dior<\/p>\n<p><strong>Olson\u00a0<\/strong>\u2013 Heller drehen<\/p>\n<p><strong>Stito\u00a0<\/strong>\u2013 Spectre<\/p>\n<p><strong>YFG Pave\u00a0<\/strong>\u2013 Low Life<\/p>\n<p><strong>Bobbyezz\u00a0<\/strong>\u2013 Matador<\/p>\n<p><strong>Navacha\u00a0<\/strong>\u2013 100 Mal<\/p>\n<p><strong>Jas ft. Luna\u00a0<\/strong>\u2013 Seelenruhig<\/p>\n<p><strong>D1NO\u00a0<\/strong>\u2013 Onderweg<\/p>\n<p><strong>Jaimy<\/strong><strong>\u00a0<\/strong>\u2013 Vielleicht<\/p>\n<p><strong>Rowli <\/strong>\u2013 Unterk\u00fchlt<\/p>\n<p><strong>Liaze ft. Zavet\u00a0<\/strong>\u2013 10 Grad<\/p>\n<p><strong>Torky Tork ft. TapeHead &amp; Noni\u00a0<\/strong>\u2013 Angst<\/p>\n<p><strong>Mika No\u00e9\u00a0<\/strong>\u2013 Ich geh heut nicht unter Leute<\/p>\n<p><strong>Herr Kuchen\u00a0<\/strong>\u2013 Hellblaues Fahrrad<\/p>\n<p><strong>Salah\u00a0<\/strong>\u2013 Star<\/p>\n<p><strong>Tommyn\u00a0<\/strong>\u2013 Kennst du das Gef\u00fchl?<\/p>\n<p><strong>Rasa<\/strong>\u00a0\u2013 Liebe ist h\u00e4sslich.<\/p>\n","protected":false},"excerpt":{"rendered":"Es ist wieder Freitag und das bedeutet: neue Musik! Wie immer gibt es heute wieder neue Singles, Alben,&hellip;\n","protected":false},"author":2,"featured_media":151182,"comment_status":"","ping_status":"","sticky":false,"template":"","format":"standard","meta":{"footnotes":"","_share_on_mastodon":"0"},"categories":[1772],"tags":[153605,6363,47083,182399,182404,29,2131,182401,182402,214,6364,6359,30,182403,120370,182400,6348,6365,1779,810,4632,6358,6361,15,20806,2138,6357,6360,6362,5853,132076,144764,215,138197,75115],"class_list":["post-811346","post","type-post","status-publish","format-standard","has-post-thumbnail","category-musik","tag-oho-bani","tag-album","tag-apsilon","tag-crystal-f","tag-dante-yn","tag-deutschland","tag-deutschrap","tag-edin","tag-eli-preiss","tag-entertainment","tag-ep","tag-freitag","tag-germany","tag-idolinjo","tag-k-i-z","tag-longj","tag-luvre47","tag-mixtape","tag-music","tag-musik","tag-musikvideo","tag-neu","tag-neuerscheinung","tag-news","tag-olexesh","tag-rap","tag-release","tag-release-friday","tag-single","tag-songs","tag-t-low","tag-takt32","tag-unterhaltung","tag-yako-ok","tag-yung-saint-paul"],"share_on_mastodon":{"url":"https:\/\/pubeurope.com\/@de\/116101353625822567","error":""},"_links":{"self":[{"href":"https:\/\/www.europesays.com\/de\/wp-json\/wp\/v2\/posts\/811346","targetHints":{"allow":["GET"]}}],"collection":[{"href":"https:\/\/www.europesays.com\/de\/wp-json\/wp\/v2\/posts"}],"about":[{"href":"https:\/\/www.europesays.com\/de\/wp-json\/wp\/v2\/types\/post"}],"author":[{"embeddable":true,"href":"https:\/\/www.europesays.com\/de\/wp-json\/wp\/v2\/users\/2"}],"replies":[{"embeddable":true,"href":"https:\/\/www.europesays.com\/de\/wp-json\/wp\/v2\/comments?post=811346"}],"version-history":[{"count":0,"href":"https:\/\/www.europesays.com\/de\/wp-json\/wp\/v2\/posts\/811346\/revisions"}],"wp:featuredmedia":[{"embeddable":true,"href":"https:\/\/www.europesays.com\/de\/wp-json\/wp\/v2\/media\/151182"}],"wp:attachment":[{"href":"https:\/\/www.europesays.com\/de\/wp-json\/wp\/v2\/media?parent=811346"}],"wp:term":[{"taxonomy":"category","embeddable":true,"href":"https:\/\/www.europesays.com\/de\/wp-json\/wp\/v2\/categories?post=811346"},{"taxonomy":"post_tag","embeddable":true,"href":"https:\/\/www.europesays.com\/de\/wp-json\/wp\/v2\/tags?post=811346"}],"curies":[{"name":"wp","href":"https:\/\/api.w.org\/{rel}","templated":true}]}}