{"id":811399,"date":"2026-02-20T06:10:11","date_gmt":"2026-02-20T06:10:11","guid":{"rendered":"https:\/\/www.europesays.com\/de\/811399\/"},"modified":"2026-02-20T06:10:11","modified_gmt":"2026-02-20T06:10:11","slug":"leben-im-krieg-es-gibt-kinder-die-nichts-anderes-kennen-als-den-krieg","status":"publish","type":"post","link":"https:\/\/www.europesays.com\/de\/811399\/","title":{"rendered":"Leben im Krieg: &#8222;Es gibt Kinder, die nichts anderes kennen als den Krieg&#8220;"},"content":{"rendered":"<p class=\"paragraph article__item\">Was macht der brutale russische Krieg in der <a class=\"rtr-entity\" href=\"https:\/\/www.zeit.de\/politik\/ausland\/ukraine-krieg-news-liveblog\" rel=\"nofollow noopener\" target=\"_blank\">Ukraine<\/a>, der vor ziemlich genau vier Jahren, am Morgen des 24. Februar 2022, begann, mit den Menschen im Land? Mit den Kindern? Wie ver\u00e4ndert er die ukrainische Gesellschaft \u2013 und die Natur?\u00a0\n<\/p>\n<p class=\"paragraph article__item\">Dar\u00fcber sprechen wir diese Woche in\u00a0Das Politikteil, dem politischen Podcast der ZEIT, mit einer der kl\u00fcgsten und aufmerksamsten Beobachterinnen der Ukraine: Zu Gast bei Tina Hildebrandt und Heinrich Wefing ist die Schriftstellerin, Essayistin und Verlegerin Kateryna Mishchenko, die seit 2022 in Berlin lebt. &#8222;Das Wort Migration&#8220;, sagt sie, &#8222;ist zu meiner Realit\u00e4t geworden.&#8220;\n<\/p>\n<p class=\"paragraph article__item\">Mishchenko sagt: &#8222;Ich kann mir die Zukunft gar nicht vorstellen.&#8220; Der Krieg zwinge sie und alle Menschen in der Ukraine in eine radikale Gegenwart. Noch nie seit den ersten Tagen der Vollinvasion habe die Zivilbev\u00f6lkerung so stark gelitten wie im Jahr 2025 und jetzt, im eisigen Februar 2026. Mishchenko spricht von einem gezielten &#8222;Ersch\u00f6pfungskrieg&#8220;, Erm\u00fcdung sei eine Kriegswaffe: Die Armee und die Bev\u00f6lkerung sollten ersch\u00f6pft werden, &#8222;damit sie nicht widerstehen k\u00f6nnen&#8220;. Auch sie kenne diese Momente der M\u00fcdigkeit, sagt die <a class=\"rtr-entity\" href=\"https:\/\/www.zeit.de\/thema\/schriftsteller\" rel=\"nofollow noopener\" target=\"_blank\">Schriftstellerin<\/a>. Aber: &#8222;Wenn ich m\u00fcde und verzweifelt bin, dann gewinnt diese faschistische Macht.&#8220;\n<\/p>\n<p class=\"paragraph article__item\">Wie dieses Widerstehen die Menschen ver\u00e4ndere, das k\u00f6nne noch niemand sagen. &#8222;Es ist so viel passiert, so viele Trag\u00f6dien, dass ich nicht wei\u00df, wann die Trauer mich trifft.&#8220;\u00a0Keiner wisse auch, was der Krieg mit den Kindern der Ukraine mache. Manche von ihnen, sagt Mishchenko, vor allem die im Osten des Landes, &#8222;kennen gar nichts anderes als den Krieg&#8220;, der seit 2014 gef\u00fchrt wird.\n<\/p>\n<p class=\"paragraph article__item\">Im Podcast\u00a0Das Politikteil\u00a0sprechen wir jede Woche \u00fcber das, was die Politik besch\u00e4ftigt, erkl\u00e4ren die Hintergr\u00fcnde, diskutieren die Zusammenh\u00e4nge. Immer freitags mit zwei Moderatoren, einem Gast \u2013 und einem Ger\u00e4usch. Im Wechsel sind als Gastgeber Tina Hildebrandt und Heinrich Wefing oder Ileana Grabitz und Peter Dausend zu h\u00f6ren.\u00a0\n<\/p>\n<p class=\"paragraph article__item\">Der im Podcast erw\u00e4hnte Essayband hei\u00dft: Geteilter Horizont. Die Zukunft der Ukraine, herausgegeben von Kateryna Mishchenko und Katharina Raabe, erschienen bei Suhrkamp.\u00a0<\/p>\n","protected":false},"excerpt":{"rendered":"Was macht der brutale russische Krieg in der Ukraine, der vor ziemlich genau vier Jahren, am Morgen des&hellip;\n","protected":false},"author":2,"featured_media":811400,"comment_status":"","ping_status":"","sticky":false,"template":"","format":"standard","meta":{"footnotes":"","_share_on_mastodon":"0"},"categories":[4012],"tags":[331,332,182410,13,169892,182409,1435,26827,182407,14,15,2043,16,12,5472,182408,317,164358,2021],"class_list":["post-811399","post","type-post","status-publish","format-standard","has-post-thumbnail","category-ukraine","tag-aktuelle-nachrichten","tag-aktuelle-news","tag-ermuedung","tag-headlines","tag-heinrich-wefing","tag-kateryna-mishchenko","tag-krieg-in-der-ukraine","tag-kriegswaffe","tag-leben-im-krieg","tag-nachrichten","tag-news","tag-podcast","tag-politik","tag-schlagzeilen","tag-schriftstellerin","tag-tina-hildebrandt","tag-ukraine","tag-vollinvasion","tag-zeit"],"share_on_mastodon":{"url":"https:\/\/pubeurope.com\/@de\/116101475581218143","error":""},"_links":{"self":[{"href":"https:\/\/www.europesays.com\/de\/wp-json\/wp\/v2\/posts\/811399","targetHints":{"allow":["GET"]}}],"collection":[{"href":"https:\/\/www.europesays.com\/de\/wp-json\/wp\/v2\/posts"}],"about":[{"href":"https:\/\/www.europesays.com\/de\/wp-json\/wp\/v2\/types\/post"}],"author":[{"embeddable":true,"href":"https:\/\/www.europesays.com\/de\/wp-json\/wp\/v2\/users\/2"}],"replies":[{"embeddable":true,"href":"https:\/\/www.europesays.com\/de\/wp-json\/wp\/v2\/comments?post=811399"}],"version-history":[{"count":0,"href":"https:\/\/www.europesays.com\/de\/wp-json\/wp\/v2\/posts\/811399\/revisions"}],"wp:featuredmedia":[{"embeddable":true,"href":"https:\/\/www.europesays.com\/de\/wp-json\/wp\/v2\/media\/811400"}],"wp:attachment":[{"href":"https:\/\/www.europesays.com\/de\/wp-json\/wp\/v2\/media?parent=811399"}],"wp:term":[{"taxonomy":"category","embeddable":true,"href":"https:\/\/www.europesays.com\/de\/wp-json\/wp\/v2\/categories?post=811399"},{"taxonomy":"post_tag","embeddable":true,"href":"https:\/\/www.europesays.com\/de\/wp-json\/wp\/v2\/tags?post=811399"}],"curies":[{"name":"wp","href":"https:\/\/api.w.org\/{rel}","templated":true}]}}