{"id":811592,"date":"2026-02-20T08:04:12","date_gmt":"2026-02-20T08:04:12","guid":{"rendered":"https:\/\/www.europesays.com\/de\/811592\/"},"modified":"2026-02-20T08:04:12","modified_gmt":"2026-02-20T08:04:12","slug":"apotheken-und-approbierte-in-nrw-im-fokus","status":"publish","type":"post","link":"https:\/\/www.europesays.com\/de\/811592\/","title":{"rendered":"&#8222;Apotheken und Approbierte in NRW&#8220; im Fokus"},"content":{"rendered":"<p class=\"date\">20.02.2026 \u2013 08:05<\/p>\n<p class=\"customer\">\n                        <a class=\"story-customer\" title=\"weiter zum newsroom von Apothekerkammer Nordrhein\" href=\"https:\/\/www.presseportal.de\/nr\/15266\" rel=\"nofollow noopener\" target=\"_blank\">Apothekerkammer Nordrhein<\/a>\n                    <\/p>\n<p><a data-category=\"citylink-story-view\" data-action=\"click\" data-label=\"Citylink in Meldungsansicht\" class=\"story-city event-trigger\" href=\"https:\/\/www.presseportal.de\/regional\/D%FCsseldorf\" title=\"News aus D\u00fcsseldorf \" rel=\"nofollow noopener\" target=\"_blank\">D\u00fcsseldorf<\/a> (ots)<\/p>\n<p> Die fl\u00e4chendeckende Versorgung der Bev\u00f6lkerung mit \u00f6ffentlichen Apotheken in Nordrhein-Westfalen steht seit Jahren unter zunehmendem Druck. Die gemeinsame Studie &#8222;Apotheken und Approbierte in NRW&#8220; der Apothekerkammern Westfalen-Lippe und Nordrhein nimmt diese Entwicklung seit 2022 systematisch in den Blick. Zu zentralen Fragestellungen arbeiten die beiden Kammern dabei eng mit dem Ministerium f\u00fcr Arbeit, Gesundheit und Soziales des Landes Nordrhein-Westfalen zusammen. <\/p>\n<p> Die jetzt vorliegende Fortschreibung der Studie, die j\u00e4hrlich durch das Institut f\u00fcr Handelsforschung (IFH K\u00f6ln) erstellt wird, zeichnet erneut ein deutliches Bild der angespannten Versorgungslage. Zwar verf\u00fcgen weiterhin alle Kommunen in Nordrhein-Westfalen \u00fcber mindestens eine Apotheke, doch die strukturellen Risiken nehmen weiter zu. Seit dem Jahr 2010 ist die Zahl der Apotheken im Land um rund ein Viertel zur\u00fcckgegangen. Allein im Jahr 2025 standen 97 Apothekenschlie\u00dfungen lediglich zw\u00f6lf Neuer\u00f6ffnungen gegen\u00fcber. Damit liegt die Zahl der Apotheken aktuell nur noch bei 3.510 gegen\u00fcber 4.673 vor 15 Jahren. <\/p>\n<p> &#8222;Noch k\u00f6nnen wir gl\u00fccklicherweise knapp von einem fl\u00e4chendeckenden System sprechen. Seit 2010 haben wir jedoch jede vierte Apotheke in Nordrhein-Westfalen verloren. Das ist eine Entwicklung, die wir uns langfristig nicht mehr leisten k\u00f6nnen&#8220;, res\u00fcmiert Michael Schmitz, Hauptgesch\u00e4ftsf\u00fchrer der Apothekerkammer Westfalen-Lippe. Besonders besorgniserregend ist dabei, dass Schlie\u00dfungen l\u00e4ngst nicht mehr ausschlie\u00dflich kleinere Apotheken betreffen. Zunehmend geben auch wirtschaftlich gr\u00f6\u00dfere Einheiten auf &#8211; mit sp\u00fcrbaren Folgen f\u00fcr die Erreichbarkeit der n\u00e4chsten ge\u00f6ffneten Apotheke, insbesondere in l\u00e4ndlichen und strukturschw\u00e4cheren Regionen. <\/p>\n<p> Die Studie zeigt zudem, dass sich die Zahl der Kommunen mit nur noch einer Apotheke in den vergangenen zehn Jahren um fast 80 Prozent erh\u00f6ht hat. &#8222;In einzelnen Kommunen zeigen sich inzwischen deutliche Unterschiede in der Apothekendichte. Gerade auf die Kommunen mit nur noch einer ge\u00f6ffneten Apotheke legen wir ein besonderes Augenmerk&#8220;, betont Dr. Stefan Derix, Hauptgesch\u00e4ftsf\u00fchrer der Apothekerkammer Nordrhein. Diese sogenannten Solit\u00e4r-Apotheken \u00fcbernehmen h\u00e4ufig eine \u00fcberdurchschnittliche Versorgungs- und Notdienstfunktion und sind zugleich besonders vulnerabel gegen\u00fcber wirtschaftlichen und personellen Belastungen. <\/p>\n<p> Neben der Apothekenstruktur beleuchtet die Studie auch die Entwicklung der pharmazeutischen Fachkr\u00e4fte. W\u00e4hrend der Bedarf an Pharmazeutinnen und Pharmazeuten in unterschiedlichen Versorgungsbereichen steigt, geht die Zahl der in \u00f6ffentlichen Apotheken t\u00e4tigen Offizin-Apothekerinnen und -Apotheker seit mehreren Jahren zur\u00fcck. Gleichzeitig ver\u00e4ndern sich Arbeitszeitmodelle, Altersstrukturen und Verantwortungsprofile &#8211; Entwicklungen, die die Stabilit\u00e4t der wohnortnahen Arzneimittelversorgung zus\u00e4tzlich beeinflussen. <\/p>\n<p> Die Apothekerkammern Westfalen-Lippe und Nordrhein sehen die Ergebnisse der Fortschreibung als klaren Handlungsauftrag. Ziel bleibt es, gemeinsam mit der Landespolitik verl\u00e4ssliche Rahmenbedingungen zu schaffen, um die wohnortnahe Arzneimittelversorgung nachhaltig zu sichern und den Apothekerberuf in der \u00f6ffentlichen Apotheke zukunftsfest aufzustellen. <\/p>\n<p class=\"contact-headline\">Pressekontakt:<\/p>\n<p class=\"contact-text\">Jens A. Kr\u00f6mer<br \/>Leiter Presse- und \u00d6ffentlichkeitsarbeit<br \/>Apothekerkammer Nordrhein<br \/>Poststr. 4<br \/>40213 D\u00fcsseldorf<br \/>Tel. 0211 8388-119<br \/><a target=\"_blank\" class=\"uri-ext outbound\" rel=\"noopener nofollow\" href=\"https:\/\/www.aknr.de\/presse\">https:\/\/www.aknr.de\/presse<\/a><\/p>\n<p class=\"originator\">Original-Content von: Apothekerkammer Nordrhein, \u00fcbermittelt durch news aktuell<\/p>\n","protected":false},"excerpt":{"rendered":"20.02.2026 \u2013 08:05 Apothekerkammer Nordrhein D\u00fcsseldorf (ots) Die fl\u00e4chendeckende Versorgung der Bev\u00f6lkerung mit \u00f6ffentlichen Apotheken in Nordrhein-Westfalen steht&hellip;\n","protected":false},"author":2,"featured_media":386213,"comment_status":"","ping_status":"","sticky":false,"template":"","format":"standard","meta":{"footnotes":"","_share_on_mastodon":"0"},"categories":[1831],"tags":[19041,3279,182443,182442,116266,630,3364,29,3405,30,141,4612,5027,1209,178,180,179,181,11748],"class_list":["post-811592","post","type-post","status-publish","format-standard","has-post-thumbnail","category-duesseldorf","tag-rzte","tag-apotheken","tag-apothekenschlieungen","tag-apothekenstruktur","tag-arzneimittelversorgung","tag-beruf","tag-de","tag-deutschland","tag-duesseldorf","tag-germany","tag-gesundheit","tag-gesundheitspolitik","tag-kommune","tag-nordrhein-westfalen","tag-presse","tag-pressemeldung","tag-pressemitteilung","tag-pressemitteilungen","tag-studie"],"share_on_mastodon":{"url":"https:\/\/pubeurope.com\/@de\/116101923864812841","error":""},"_links":{"self":[{"href":"https:\/\/www.europesays.com\/de\/wp-json\/wp\/v2\/posts\/811592","targetHints":{"allow":["GET"]}}],"collection":[{"href":"https:\/\/www.europesays.com\/de\/wp-json\/wp\/v2\/posts"}],"about":[{"href":"https:\/\/www.europesays.com\/de\/wp-json\/wp\/v2\/types\/post"}],"author":[{"embeddable":true,"href":"https:\/\/www.europesays.com\/de\/wp-json\/wp\/v2\/users\/2"}],"replies":[{"embeddable":true,"href":"https:\/\/www.europesays.com\/de\/wp-json\/wp\/v2\/comments?post=811592"}],"version-history":[{"count":0,"href":"https:\/\/www.europesays.com\/de\/wp-json\/wp\/v2\/posts\/811592\/revisions"}],"wp:featuredmedia":[{"embeddable":true,"href":"https:\/\/www.europesays.com\/de\/wp-json\/wp\/v2\/media\/386213"}],"wp:attachment":[{"href":"https:\/\/www.europesays.com\/de\/wp-json\/wp\/v2\/media?parent=811592"}],"wp:term":[{"taxonomy":"category","embeddable":true,"href":"https:\/\/www.europesays.com\/de\/wp-json\/wp\/v2\/categories?post=811592"},{"taxonomy":"post_tag","embeddable":true,"href":"https:\/\/www.europesays.com\/de\/wp-json\/wp\/v2\/tags?post=811592"}],"curies":[{"name":"wp","href":"https:\/\/api.w.org\/{rel}","templated":true}]}}