{"id":811649,"date":"2026-02-20T08:35:21","date_gmt":"2026-02-20T08:35:21","guid":{"rendered":"https:\/\/www.europesays.com\/de\/811649\/"},"modified":"2026-02-20T08:35:21","modified_gmt":"2026-02-20T08:35:21","slug":"fuenf-deutsche-biathleten-muessen-im-massenstart-zuschauen","status":"publish","type":"post","link":"https:\/\/www.europesays.com\/de\/811649\/","title":{"rendered":"F\u00fcnf deutsche Biathleten m\u00fcssen im Massenstart zuschauen"},"content":{"rendered":"<p>Kein Einsatz im Massenstart <\/p>\n<p>Olympia ist f\u00fcr f\u00fcnf deutsche Biathleten vorbei<\/p>\n<ul class=\"grid grid-flow-col gap-4\" aria-label=\"Autorenbilder\">\n<li class=\"leading-0\"><img data-tb-author-image=\"\"  loading=\"lazy\" src=\"https:\/\/www.europesays.com\/de\/wp-content\/uploads\/2026\/01\/1769653816_549_image.jpg\" alt=\"\" title=\"\" width=\"40\" height=\"40\" class=\"\" decoding=\"async\"\/><\/li>\n<\/ul>\n<p>20.02.2026 &#8211; 06:29 UhrLesedauer: 2 Min.<\/p>\n<p><a href=\"#focus-0\" class=\"transition-colors duration-200 block text-current relative\" data-sctrack=\"FocusGalleryImage.Reference\"><img fetchpriority=\"high\" data-testid=\"Opener.Image\" style=\"--lqipURL:url('https:\/\/images.t-online.de\/2026\/02\/39A4f9G739bl\/531x300:2842x1599\/fit-in\/150x0\/filters:blur(25)\/julia-tannheimer-die-talentierte-biathletin-stellte-in-der-staffel-ihre-qualitaeten-unter-beweis-fuer-den-massenstart-reichte-es-aber-nicht.jpg')\"   loading=\"eager\" src=\"https:\/\/www.europesays.com\/de\/wp-content\/uploads\/2026\/02\/julia-tannheimer-die-talentierte-biathletin-stellte-in-der-staffel-ihre-qualitaeten-unter-beweis-fue.jpeg\" alt=\"Julia Tannheimer: Die talentierte Biathletin stellte in der Staffel ihre Qualit\u00e4ten unter Beweis, f\u00fcr den Massenstart reichte es aber nicht.\" title=\"Julia Tannheimer: Die talentierte Biathletin stellte in der Staffel ihre Qualit\u00e4ten unter Beweis, f\u00fcr den Massenstart reichte es aber nicht.\" width=\"2842\" height=\"1599\" class=\"bg-[url:var(--lqipURL)] bg-cover bg-center flex h-full w-full max-w-full\" decoding=\"async\"\/><img style=\"--width:32;--height:32\" loading=\"lazy\" src=\"https:\/\/www.t-online.de\/s\/paper\/_next\/static\/media\/zoom-in.f7dae02f.svg\" alt=\"Vergr\u00f6\u00dfern des Bildes\" title=\"Vergr\u00f6\u00dfern des Bildes\" class=\"block h-[calc(var(--height)_\/_16_*_1rem)] w-[calc(var(--width)_\/_16_*_1rem)] max-w-none absolute bottom-8 right-8 rounded-4 bg-snow p-8\" decoding=\"async\"\/><\/a><\/p>\n<p>Julia Tannheimer: Die talentierte Biathletin stellte in der Staffel ihre Qualit\u00e4ten unter Beweis, f\u00fcr den Massenstart reichte es aber nicht. (Quelle: IMAGO\/Zoonar.com\/Joachim Hahne)<\/p>\n<p class=\"font-bold text-18 leading-17 user-text-lg:text-22 user-text-xl:text-24\">Am Freitag und Samstag steht in Antholz der Massenstart der Herren und der Damen an. Daf\u00fcr sind insgesamt sechs DSV-Biathleten qualifiziert.<\/p>\n<p class=\"text-18 leading-17 user-text-lg:text-22 user-text-xl:text-24\">Von den Olympischen Spielen berichtet Benjamin Zurm\u00fchl<\/p>\n<p class=\"text-18 leading-17 user-text-lg:text-22 user-text-xl:text-24\">Da waren es nur noch zwei Wettk\u00e4mpfe. Nach den zwei vierten Pl\u00e4tzen in den Staffeln hat das deutsche Biathlon-Team noch zwei weitere Chancen auf Medaillen. Im Massenstart der Herren (Freitag) und im Massenstart der Damen (Samstag) geht es bei den Olympischen Spielen in Antholz noch einmal zur Sache.<\/p>\n<p class=\"text-18 leading-17 user-text-lg:text-22 user-text-xl:text-24\">Anders als bei den bisherigen Wettk\u00e4mpfen nominiert der DSV aber hierf\u00fcr kein Aufgebot. Denn \u00fcber die Teilnahme am Massenstart entscheiden nicht die Verb\u00e4nde, sondern die Ergebnisse in der bisherigen Weltcup-Saison sowie bei <a class=\"transition-colors duration-200 cursor-pointer text-inherit no-underline text-salemsfur md:hover:text-magenta md:hover:border-magenta md:focus:text-magenta border-current border-b border-solid break-words\" href=\"https:\/\/www.t-online.de\/sport\/olympia\/\" data-sctrack=\"BodyAnchor\" rel=\"nofollow noopener\" target=\"_blank\">Olympia<\/a>.<\/p>\n<p>Video | &#8222;Franziska Preu\u00df braucht keine Medaille&#8220;<\/p>\n<p><img style=\"--width:32;--height:32\" loading=\"lazy\" src=\"https:\/\/www.t-online.de\/s\/paper\/_next\/static\/media\/loading-indicator-video.1f35d8de.svg\" alt=\"Video l\u00e4dt\" title=\"Video l\u00e4dt\" class=\"block h-[calc(var(--height)_\/_16_*_1rem)] w-[calc(var(--width)_\/_16_*_1rem)] max-w-none undefined\" decoding=\"async\"\/>Player wird geladenQuelle: t-online<\/p>\n<p class=\"text-18 leading-17 user-text-lg:text-22 user-text-xl:text-24\">Zum einen sind die 15 besten Biathleten und die 15 besten Biathletinnen des bisherigen Gesamtweltcups qualifiziert. Damit hatten <strong class=\"font-bold\">Franziska Preu\u00df<\/strong> (Platz 13) und <strong class=\"font-bold\">Philipp Nawrath<\/strong> (Platz 12) ihren Platz sicher.<\/p>\n<p class=\"text-18 leading-17 user-text-lg:text-22 user-text-xl:text-24\">Zum anderen haben die Medaillengewinner aus den Einzelwettbewerben der <a class=\"transition-colors duration-200 cursor-pointer text-inherit no-underline text-salemsfur md:hover:text-magenta md:hover:border-magenta md:focus:text-magenta border-current border-b border-solid break-words\" href=\"https:\/\/www.t-online.de\/sport\/olympia\/\" data-sctrack=\"BodyAnchor\" rel=\"nofollow noopener\" target=\"_blank\">Olympischen Spiele<\/a>, die nicht schon \u00fcber den Gesamtweltcup qualifiziert waren, ein Ticket. Aufgef\u00fcllt wird das Teilnehmerfeld anhand der diesj\u00e4hrigen Olympia-Ergebnisse. Dadurch haben es <strong class=\"font-bold\">Philipp Horn<\/strong> (unter anderem Platz 10 im Sprint und Platz 11 in der Verfolgung) und <strong class=\"font-bold\">David Zobel<\/strong> (unter anderem Platz 21 im Einzel und Platz 19 im Sprint) bei den Herren geschafft. Bei den Frauen sind <strong class=\"font-bold\">Vanessa Voigt<\/strong> (Platz 4 im Einzel, Platz 12 im Sprint) und <strong class=\"font-bold\">Janina Hettich-Walz<\/strong> (Platz 8 im Einzel) dabei.<\/p>\n<p class=\"text-18 leading-17 user-text-lg:text-22 user-text-xl:text-24\">Damit haben es nur sechs der insgesamt elf deutschen Olympioniken im Biathlon geschafft. F\u00fcr f\u00fcnf andere sind die Olympischen Spiele vorzeitig vorbei. <a class=\"transition-colors duration-200 cursor-pointer text-inherit no-underline text-salemsfur md:hover:text-magenta md:hover:border-magenta md:focus:text-magenta border-current border-b border-solid break-words\" href=\"https:\/\/www.t-online.de\/themen\/lucas-fratzscher\/\" data-sctrack=\"BodyAnchor\" rel=\"nofollow noopener\" target=\"_blank\">Lucas Fratzscher<\/a>, der nur im Einzel an den Start durfte, fehlt ebenso wie <a class=\"transition-colors duration-200 cursor-pointer text-inherit no-underline text-salemsfur md:hover:text-magenta md:hover:border-magenta md:focus:text-magenta border-current border-b border-solid break-words\" href=\"https:\/\/www.t-online.de\/themen\/justus-strelow\/\" data-sctrack=\"BodyAnchor\" rel=\"nofollow noopener\" target=\"_blank\">Justus Strelow<\/a>, der lange auf Kurs war, sich aber in der Verfolgung zu viele Fehler am Schie\u00dfstand leistete. Immerhin: Sollte noch ein Athlet kurzfristig ausfallen, w\u00fcrde Strelow nachr\u00fccken.<\/p>\n","protected":false},"excerpt":{"rendered":"Kein Einsatz im Massenstart Olympia ist f\u00fcr f\u00fcnf deutsche Biathleten vorbei 20.02.2026 &#8211; 06:29 UhrLesedauer: 2 Min. Julia&hellip;\n","protected":false},"author":2,"featured_media":811650,"comment_status":"","ping_status":"","sticky":false,"template":"","format":"standard","meta":{"footnotes":"","_share_on_mastodon":"0"},"categories":[5],"tags":[100802,179131,31894,865,13,179129,151432,182455,14,15,656,13025,125881,12,145282,10,8,9,11],"class_list":["post-811649","post","type-post","status-publish","format-standard","has-post-thumbnail","category-nachrichten","tag-100802","tag-antholz","tag-dsv","tag-franziska-preuss","tag-headlines","tag-julia-tannheimer","tag-justus-strelow","tag-massenstart","tag-nachrichten","tag-news","tag-olympia","tag-olympische-spiele","tag-philipp-nawrath","tag-schlagzeilen","tag-selina-grotian","tag-top-news","tag-top-meldungen","tag-topmeldungen","tag-topnews"],"share_on_mastodon":{"url":"https:\/\/pubeurope.com\/@de\/116102046007854816","error":""},"_links":{"self":[{"href":"https:\/\/www.europesays.com\/de\/wp-json\/wp\/v2\/posts\/811649","targetHints":{"allow":["GET"]}}],"collection":[{"href":"https:\/\/www.europesays.com\/de\/wp-json\/wp\/v2\/posts"}],"about":[{"href":"https:\/\/www.europesays.com\/de\/wp-json\/wp\/v2\/types\/post"}],"author":[{"embeddable":true,"href":"https:\/\/www.europesays.com\/de\/wp-json\/wp\/v2\/users\/2"}],"replies":[{"embeddable":true,"href":"https:\/\/www.europesays.com\/de\/wp-json\/wp\/v2\/comments?post=811649"}],"version-history":[{"count":0,"href":"https:\/\/www.europesays.com\/de\/wp-json\/wp\/v2\/posts\/811649\/revisions"}],"wp:featuredmedia":[{"embeddable":true,"href":"https:\/\/www.europesays.com\/de\/wp-json\/wp\/v2\/media\/811650"}],"wp:attachment":[{"href":"https:\/\/www.europesays.com\/de\/wp-json\/wp\/v2\/media?parent=811649"}],"wp:term":[{"taxonomy":"category","embeddable":true,"href":"https:\/\/www.europesays.com\/de\/wp-json\/wp\/v2\/categories?post=811649"},{"taxonomy":"post_tag","embeddable":true,"href":"https:\/\/www.europesays.com\/de\/wp-json\/wp\/v2\/tags?post=811649"}],"curies":[{"name":"wp","href":"https:\/\/api.w.org\/{rel}","templated":true}]}}