{"id":81178,"date":"2025-05-03T12:56:10","date_gmt":"2025-05-03T12:56:10","guid":{"rendered":"https:\/\/www.europesays.com\/de\/81178\/"},"modified":"2025-05-03T12:56:10","modified_gmt":"2025-05-03T12:56:10","slug":"steffi-grafs-sohn-teilt-neues-paerchenfoto","status":"publish","type":"post","link":"https:\/\/www.europesays.com\/de\/81178\/","title":{"rendered":"Steffi Grafs Sohn teilt neues P\u00e4rchenfoto"},"content":{"rendered":"<p>Steffi Grafs Sohn <\/p>\n<p>Jaden Agassi teilt neues P\u00e4rchenfoto<\/p>\n<p>03.05.2025 &#8211; 14:10 UhrLesedauer: 2 Min.<\/p>\n<p><a href=\"#focus-0\" class=\"transition-colors duration-200 focus-within:text-magenta block text-current relative\" data-sctrack=\"FocusGalleryImage.Reference\"><img fetchpriority=\"high\" data-testid=\"Opener.Image\" style=\"--lqipURL:url('https:\/\/images.t-online.de\/2025\/03\/dg1WVfboNRJx\/0x107:800x450\/fit-in\/150x0\/filters:blur(25)\/jaden-agassi-waehrend-seine-eltern-im-tennis-legenden-wurden-spielt-er-lieber-baseball.jpg')\"   loading=\"eager\" src=\"https:\/\/www.europesays.com\/de\/wp-content\/uploads\/2025\/05\/jaden-agassi-waehrend-seine-eltern-im-tennis-legenden-wurden-spielt-er-lieber-baseball.jpg\" alt=\"Jaden Agassi: Er ist genau wie seine ber\u00fchmten Eltern als Sportler t\u00e4tig.\" title=\"Jaden Agassi: Er ist genau wie seine ber\u00fchmten Eltern als Sportler t\u00e4tig.\" width=\"800\" height=\"450\" class=\"bg-[url:var(--lqipURL)] bg-cover bg-center flex w-full max-w-full h-full\" decoding=\"async\"\/><img style=\"--width:32;--height:32\" loading=\"lazy\" src=\"https:\/\/www.europesays.com\/de\/wp-content\/uploads\/2025\/03\/zoom-in.f7dae02f.svg.svg+xml\" alt=\"Vergr\u00f6\u00dfern des Bildes\" title=\"Vergr\u00f6\u00dfern des Bildes\" class=\"&#10;        block&#10;        h-[calc(var(--height)_\/_16_*_1rem)]&#10;        w-[calc(var(--width)_\/_16_*_1rem)]&#10;        max-w-none&#10;        absolute bottom-8 right-8 rounded-4 bg-snow p-8\" decoding=\"async\"\/><\/a><\/p>\n<p>Jaden Agassi: Er ist genau wie seine ber\u00fchmten Eltern als Sportler t\u00e4tig. (Quelle: Thomas Sch\u00f6nenborn)<\/p>\n<p class=\"font-bold text-18 leading-17\">Seit \u00fcber zwei Jahren ist Jaden Agassi mit seiner Partnerin Catherine Holt liiert. Jetzt gab der 23-J\u00e4hrige einen Einblick in das junge Liebesgl\u00fcck.<\/p>\n<p class=\"text-18 leading-17\">Lange hielten die ehemaligen Tennisprofis <a class=\"transition-colors duration-200 cursor-pointer text-inherit no-underline text-salemsfur md:hover:text-magenta md:hover:border-magenta md:focus:text-magenta border-current border-b border-solid break-words\" href=\"https:\/\/www.t-online.de\/themen\/steffi-graf\/\" data-sctrack=\"BodyAnchor\" rel=\"nofollow noopener\" target=\"_blank\">Steffi Graf<\/a> und <a class=\"transition-colors duration-200 cursor-pointer text-inherit no-underline text-salemsfur md:hover:text-magenta md:hover:border-magenta md:focus:text-magenta border-current border-b border-solid break-words\" href=\"https:\/\/www.t-online.de\/themen\/andre-agassi\/\" data-sctrack=\"BodyAnchor\" rel=\"nofollow noopener\" target=\"_blank\">Andre Agassi<\/a> ihre Kinder aus der \u00d6ffentlichkeit heraus. Mittlerweile sind Jaz und Jaden Agassi jedoch selbst erwachsen und d\u00fcrfen diesbez\u00fcglich ihre eigenen Entscheidungen treffen. So geben die Geschwister immer mal wieder Einblicke in ihr Privatleben, Jaden etwa h\u00e4lt \u00fcberwiegend seine Karriere als Baseballer und die Beziehung mit seiner Freundin fest. Jetzt zeigte er ein neues Foto.<\/p>\n<p class=\"text-18 leading-17\">In seiner Instagram-Story hat er einen Beitrag seiner Partnerin Catherine Holt geteilt, auf dem das Paar vor einem Spiegel posiert. Sie tr\u00e4gt ein wei\u00dfes Crop-top und eine helle Hose mit floralen Details, er steht in einer blauen Shorts und einem dunklen Shirt neben ihr, tr\u00e4gt eine Cap. Die K\u00f6pfe aneinander gelehnt l\u00e4cheln beide in die Kamera. Das Foto hat Jaden Agassi mit Herzchen-Emojis versehen.<\/p>\n<p class=\"text-18 leading-17\">Den Gef\u00fchlen f\u00fcr seine Freundin verlieh der 23-J\u00e4hrige erst im September vergangenen Jahres Ausdruck. &#8222;Das waren die besten zwei Jahre meines Lebens und das verdanke ich nur dir. Ich liebe dich so sehr, ich kann es kaum erwarten, dass noch so viele weitere kommen&#8220;, schrieb Jaden Agassi auf seinem Instagram-Kanal zu mehreren P\u00e4rchenfotos, die Sie sehen k\u00f6nnen, wenn Sie bei dem Instagram-Beitrag nach rechts klicken. In einem anderen Beitrag nannte er sie &#8222;meine Welt&#8220;.<\/p>\n<p class=\"text-18 leading-17\">Jaden Agassi kam am 26. Oktober 2001 als erstes Kind von Steffi Graf und Andre Agassi zur Welt, im selben Jahr heirateten seine Eltern. Fast genau zwei Jahre sp\u00e4ter, am 3. Oktober 2003, wurde dann ihr zweites Kind, eine Tochter namens Jaz, geboren.<\/p>\n<p class=\"text-18 leading-17\">W\u00e4hrend die Ehe mit Andre Agassi, die mittlerweile bereits seit fast 25 Jahren h\u00e4lt, f\u00fcr Steffi Graf die erste ist, war ihr Mann zuvor schon einmal verheiratet. Von 1997 bis 1999 war Agassi offiziell mit US-Schauspielerin <a class=\"transition-colors duration-200 cursor-pointer text-inherit no-underline text-salemsfur md:hover:text-magenta md:hover:border-magenta md:focus:text-magenta border-current border-b border-solid break-words\" href=\"https:\/\/www.t-online.de\/themen\/brooke-shields\/\" data-sctrack=\"BodyAnchor\" rel=\"nofollow noopener\" target=\"_blank\">Brooke Shields<\/a> verheiratet. Die Ehe blieb kinderlos.<\/p>\n","protected":false},"excerpt":{"rendered":"Steffi Grafs Sohn Jaden Agassi teilt neues P\u00e4rchenfoto 03.05.2025 &#8211; 14:10 UhrLesedauer: 2 Min. Jaden Agassi: Er ist&hellip;\n","protected":false},"author":2,"featured_media":81179,"comment_status":"","ping_status":"","sticky":false,"template":"","format":"standard","meta":{"footnotes":"","_share_on_mastodon":"0"},"categories":[1776],"tags":[1615,34341,1801,29,214,30,152,1460,34342,17502,1802,1616,215],"class_list":["post-81178","post","type-post","status-publish","format-standard","has-post-thumbnail","category-prominente","tag-andre-agassi","tag-catherine-holt","tag-celebrities","tag-deutschland","tag-entertainment","tag-germany","tag-instagram","tag-kind","tag-liebesglueck","tag-paerchenfoto","tag-prominente","tag-steffi-graf","tag-unterhaltung"],"share_on_mastodon":{"url":"https:\/\/pubeurope.com\/@de\/114444014986606112","error":""},"_links":{"self":[{"href":"https:\/\/www.europesays.com\/de\/wp-json\/wp\/v2\/posts\/81178","targetHints":{"allow":["GET"]}}],"collection":[{"href":"https:\/\/www.europesays.com\/de\/wp-json\/wp\/v2\/posts"}],"about":[{"href":"https:\/\/www.europesays.com\/de\/wp-json\/wp\/v2\/types\/post"}],"author":[{"embeddable":true,"href":"https:\/\/www.europesays.com\/de\/wp-json\/wp\/v2\/users\/2"}],"replies":[{"embeddable":true,"href":"https:\/\/www.europesays.com\/de\/wp-json\/wp\/v2\/comments?post=81178"}],"version-history":[{"count":0,"href":"https:\/\/www.europesays.com\/de\/wp-json\/wp\/v2\/posts\/81178\/revisions"}],"wp:featuredmedia":[{"embeddable":true,"href":"https:\/\/www.europesays.com\/de\/wp-json\/wp\/v2\/media\/81179"}],"wp:attachment":[{"href":"https:\/\/www.europesays.com\/de\/wp-json\/wp\/v2\/media?parent=81178"}],"wp:term":[{"taxonomy":"category","embeddable":true,"href":"https:\/\/www.europesays.com\/de\/wp-json\/wp\/v2\/categories?post=81178"},{"taxonomy":"post_tag","embeddable":true,"href":"https:\/\/www.europesays.com\/de\/wp-json\/wp\/v2\/tags?post=81178"}],"curies":[{"name":"wp","href":"https:\/\/api.w.org\/{rel}","templated":true}]}}