{"id":81181,"date":"2025-05-03T12:58:09","date_gmt":"2025-05-03T12:58:09","guid":{"rendered":"https:\/\/www.europesays.com\/de\/81181\/"},"modified":"2025-05-03T12:58:09","modified_gmt":"2025-05-03T12:58:09","slug":"kult-baecker-guenther-weber-liest-in-winnenden-aus-seinem-druckfrischen-buch-nachrichten-aus-winnenden","status":"publish","type":"post","link":"https:\/\/www.europesays.com\/de\/81181\/","title":{"rendered":"Kult-B\u00e4cker G\u00fcnther Weber liest in Winnenden aus seinem druckfrischen Buch &#8211; Nachrichten aus Winnenden"},"content":{"rendered":"<p><strong>Winnenden.<\/strong> Wenn G\u00fcnther Weber in seiner Heimatstadt zu Gast ist und aus einem seiner B\u00fccher vorliest, gehen die Pl\u00e4tze weg wie warme Semmeln. Vermutlich erst recht, wenn er mit seinem neuesten Werk kommt, das so frisch aus der Druckerpresse kommt wie ein Brot aus dem Ofen. Am Sonntag, 4. Mai, verl\u00e4sst Weber seinen Lorettohof bei Zwiefalten und schl\u00e4gt um 17 Uhr auf der B\u00fchne im Theater Alte Kelter das Buch \u201eBr\u00f6sel\u201c auf. Untertitel: \u201eMein Leben vor und nach dem Holzofen.\u201c Der<\/p>\n","protected":false},"excerpt":{"rendered":"Winnenden. Wenn G\u00fcnther Weber in seiner Heimatstadt zu Gast ist und aus einem seiner B\u00fccher vorliest, gehen die&hellip;\n","protected":false},"author":2,"featured_media":81182,"comment_status":"","ping_status":"","sticky":false,"template":"","format":"standard","meta":{"footnotes":""},"categories":[1774],"tags":[34343,1784,1785,29,214,30,34344,80,101,34345,215,33067,34346],"class_list":{"0":"post-81181","1":"post","2":"type-post","3":"status-publish","4":"format-standard","5":"has-post-thumbnail","7":"category-buecher","8":"tag-bio-backerei-weber","9":"tag-books","10":"tag-buecher","11":"tag-deutschland","12":"tag-entertainment","13":"tag-germany","14":"tag-guenther-weber","15":"tag-kultur","16":"tag-lesung","17":"tag-lorettohof","18":"tag-unterhaltung","19":"tag-veranstaltungsreihe","20":"tag-winnenden"},"share_on_mastodon":{"url":"https:\/\/pubeurope.com\/@de\/114444022973812981","error":""},"_links":{"self":[{"href":"https:\/\/www.europesays.com\/de\/wp-json\/wp\/v2\/posts\/81181","targetHints":{"allow":["GET"]}}],"collection":[{"href":"https:\/\/www.europesays.com\/de\/wp-json\/wp\/v2\/posts"}],"about":[{"href":"https:\/\/www.europesays.com\/de\/wp-json\/wp\/v2\/types\/post"}],"author":[{"embeddable":true,"href":"https:\/\/www.europesays.com\/de\/wp-json\/wp\/v2\/users\/2"}],"replies":[{"embeddable":true,"href":"https:\/\/www.europesays.com\/de\/wp-json\/wp\/v2\/comments?post=81181"}],"version-history":[{"count":0,"href":"https:\/\/www.europesays.com\/de\/wp-json\/wp\/v2\/posts\/81181\/revisions"}],"wp:featuredmedia":[{"embeddable":true,"href":"https:\/\/www.europesays.com\/de\/wp-json\/wp\/v2\/media\/81182"}],"wp:attachment":[{"href":"https:\/\/www.europesays.com\/de\/wp-json\/wp\/v2\/media?parent=81181"}],"wp:term":[{"taxonomy":"category","embeddable":true,"href":"https:\/\/www.europesays.com\/de\/wp-json\/wp\/v2\/categories?post=81181"},{"taxonomy":"post_tag","embeddable":true,"href":"https:\/\/www.europesays.com\/de\/wp-json\/wp\/v2\/tags?post=81181"}],"curies":[{"name":"wp","href":"https:\/\/api.w.org\/{rel}","templated":true}]}}