{"id":811827,"date":"2026-02-20T10:18:20","date_gmt":"2026-02-20T10:18:20","guid":{"rendered":"https:\/\/www.europesays.com\/de\/811827\/"},"modified":"2026-02-20T10:18:20","modified_gmt":"2026-02-20T10:18:20","slug":"wuppertal-muss-sparen-was-die-kuerzungen-fuer-vohwinkel-und-elberfeld-west-bedeuten","status":"publish","type":"post","link":"https:\/\/www.europesays.com\/de\/811827\/","title":{"rendered":"Wuppertal muss sparen \u2013 was die K\u00fcrzungen f\u00fcr Vohwinkel und Elberfeld-West bedeuten"},"content":{"rendered":"<p class=\"text_ohne_einzug richtext text-em-55 !leading-serif mx-6 desktop:mx-0\">Wenn Thorsten Bunte zu Haushalt und Finanzen Stellung nimmt, empfiehlt es sich, den Ausf\u00fchrungen des K\u00e4mmerers die volle Aufmerksamkeit zu widmen. Die Themen m\u00f6gen komplex und von eher trockener Natur sein, werden aber auch die Stadtteile in den n\u00e4chsten Jahren entscheidend beeinflussen. Entsprechend gro\u00df war in der gemeinsamen Sondersitzung der Bezirksvertretungen Vohwinkel und Elberfeld-West das Interesse an den Erl\u00e4uterungen Buntes zu den Entw\u00fcrfen des Haushaltsplans 2026\/2027 und des Haushaltssicherungskonzepts. Deren Kernbotschaft: Wuppertal muss angesichts eines Defizits von 158 Millionen Euro allein f\u00fcr dieses Jahr sparen und es k\u00f6nnen nicht alle von der Politik gew\u00fcnschten Ma\u00dfnahmen finanziert werden.<\/p>\n","protected":false},"excerpt":{"rendered":"Wenn Thorsten Bunte zu Haushalt und Finanzen Stellung nimmt, empfiehlt es sich, den Ausf\u00fchrungen des K\u00e4mmerers die volle&hellip;\n","protected":false},"author":2,"featured_media":811828,"comment_status":"","ping_status":"","sticky":false,"template":"","format":"standard","meta":{"footnotes":"","_share_on_mastodon":"0"},"categories":[1840],"tags":[41102,242,177199,20151,3364,29,26931,30,1109,77169,27212,1209,19933,19466,4418],"class_list":["post-811827","post","type-post","status-publish","format-standard","has-post-thumbnail","category-wuppertal","tag-haushaltssicherungskonzept","tag-242","tag-bemerkbar","tag-bezirksvertretung","tag-de","tag-deutschland","tag-elberfeld-west","tag-germany","tag-haushalt","tag-haushaltsplan","tag-kaemmerer","tag-nordrhein-westfalen","tag-thorsten","tag-vohwinkel","tag-wuppertal"],"share_on_mastodon":{"url":"https:\/\/pubeurope.com\/@de\/116102450776332177","error":""},"_links":{"self":[{"href":"https:\/\/www.europesays.com\/de\/wp-json\/wp\/v2\/posts\/811827","targetHints":{"allow":["GET"]}}],"collection":[{"href":"https:\/\/www.europesays.com\/de\/wp-json\/wp\/v2\/posts"}],"about":[{"href":"https:\/\/www.europesays.com\/de\/wp-json\/wp\/v2\/types\/post"}],"author":[{"embeddable":true,"href":"https:\/\/www.europesays.com\/de\/wp-json\/wp\/v2\/users\/2"}],"replies":[{"embeddable":true,"href":"https:\/\/www.europesays.com\/de\/wp-json\/wp\/v2\/comments?post=811827"}],"version-history":[{"count":0,"href":"https:\/\/www.europesays.com\/de\/wp-json\/wp\/v2\/posts\/811827\/revisions"}],"wp:featuredmedia":[{"embeddable":true,"href":"https:\/\/www.europesays.com\/de\/wp-json\/wp\/v2\/media\/811828"}],"wp:attachment":[{"href":"https:\/\/www.europesays.com\/de\/wp-json\/wp\/v2\/media?parent=811827"}],"wp:term":[{"taxonomy":"category","embeddable":true,"href":"https:\/\/www.europesays.com\/de\/wp-json\/wp\/v2\/categories?post=811827"},{"taxonomy":"post_tag","embeddable":true,"href":"https:\/\/www.europesays.com\/de\/wp-json\/wp\/v2\/tags?post=811827"}],"curies":[{"name":"wp","href":"https:\/\/api.w.org\/{rel}","templated":true}]}}