{"id":811868,"date":"2026-02-20T10:40:07","date_gmt":"2026-02-20T10:40:07","guid":{"rendered":"https:\/\/www.europesays.com\/de\/811868\/"},"modified":"2026-02-20T10:40:07","modified_gmt":"2026-02-20T10:40:07","slug":"seltene-schale-kunstschaetze-in-dresden-erneut-im-visier-von-kriminellen","status":"publish","type":"post","link":"https:\/\/www.europesays.com\/de\/811868\/","title":{"rendered":"Seltene Schale &#8211; Kunstsch\u00e4tze in Dresden erneut im Visier von Kriminellen"},"content":{"rendered":"<p>                    <img decoding=\"async\" loading=\"lazy\" class=\"internal-image\" title=\"Blick in den Zwinger. Der Innenhof des ber\u00fchmten Dresdner Zwingers, einem der touristischen Hotspots der Elbestadt, steht vor dem Abschluss der Sanierungsarbeiten.\" alt=\"Blick in den Zwinger. Der Innenhof des ber\u00fchmten Dresdner Zwingers, einem der touristischen Hotspots der Elbestadt, steht vor dem Abschluss der Sanierungsarbeiten.\" src=\"https:\/\/www.europesays.com\/de\/wp-content\/uploads\/2026\/02\/dresden-zwinger-100-1920x1080.jpg\" \/><\/p>\n<p>                  Blick in den Innenhof des Dresdner Zwingers &#8211; erneut sind Kunstsch\u00e4tze im Vidier von Kriminellen. (picture alliance \/ Robert Michael)<\/p>\n<p>Wie die &#8222;Bild&#8220;-Zeitung berichtete, haben es Diebe auf wertvolle Objekte der ber\u00fchmten Porzellansammlung der Staatlichen Kunstsammlungen Dresden (SKD) im Zwinger abgesehen. Dazu habe Hinweise von ausl\u00e4ndischen Sicherheitsbeh\u00f6rden gegeben. Demnach sei der Diebstahl einer chinesischen Drachenvase und einer mehr als 1.000 Jahre alte Ru-Schale aus China geplant. Die Versteigerung einer vergleichbaren Schale hatte demnach 2017 beim Auktionshaus Sotheby\u2019s 37,7 Millionen Dollar erbracht. Laut &#8222;Bild&#8220; wurden die gef\u00e4hrdeten St\u00fccke aus der Sammlung entfernt und in Sicherheit gebracht. Das Geb\u00e4ude stehe nun rund um die Uhr unter Polizeischutz, hie\u00df es.<\/p>\n<p>Am 21. Januar hatte es einen Cyberangriff auf die digitale Infrastruktur der SKD gegeben. Deshalb wurde eine Sonderkommission eingerichtet. Aus ermittlungstaktischen Gr\u00fcnden geben derzeit die Ermittler keine weitere Auskunft. Ob die Hinweise auf den m\u00f6glichen Diebstahl im Zusammenhang mit dem Cyberangriff, sei noch unklar.<\/p>\n<p>Der Angriff hatte das Museumsnetzwerk lahmgelegt. Betroffen waren den damaligen Angaben zufolge weite Teile der digitalen Infrastruktur, der Onlineshop und der Besucherservice, nicht jedoch das Sicherheitssystem.<\/p>\n<p>                Spektakul\u00e4rer Einbruch in Gr\u00fcnem Gew\u00f6lbe<\/p>\n<p>Vor mehr als sechs Jahren hatte ein spektakul\u00e4rer Einbruch in das ber\u00fchmte Schatzkammermuseum f\u00fcr Aufsehen gesorgt. Am 25. November 2019 erbeuteten die T\u00e4ter 21 Schmuckst\u00fccke aus Diamanten und Brillanten und verursachten zudem mehr als eine Million Euro Schaden im &#8222;G\u00fcnen gew\u00f6lbe&#8220;. Ein Teil der Beute fehlt noch immer. F\u00fcnf M\u00e4nner wurden im Mai 2023 zu mehrj\u00e4hrigen Freiheitsstrafen verurteilt.<\/p>\n<p>Die Staatlichen Kunstsammlungen Dresden sind ein Verbund von 15 Museen. Dazu geh\u00f6ren unter anderem die Gem\u00e4ldegalerie Alte Meister im Zwinger sowie die Galerie Neue Meister im Albertinum und das Gr\u00fcne Gew\u00f6lbe im Dresdner Residenzschloss.<\/p>\n<p>Diese Nachricht wurde am 20.02.2026 im Programm Deutschlandfunk gesendet.<\/p>\n","protected":false},"excerpt":{"rendered":"Blick in den Innenhof des Dresdner Zwingers &#8211; erneut sind Kunstsch\u00e4tze im Vidier von Kriminellen. (picture alliance \/&hellip;\n","protected":false},"author":2,"featured_media":811869,"comment_status":"","ping_status":"","sticky":false,"template":"","format":"standard","meta":{"footnotes":"","_share_on_mastodon":"0"},"categories":[1835],"tags":[3364,29,2386,30,859],"class_list":["post-811868","post","type-post","status-publish","format-standard","has-post-thumbnail","category-dresden","tag-de","tag-deutschland","tag-dresden","tag-germany","tag-sachsen"],"share_on_mastodon":{"url":"https:\/\/pubeurope.com\/@de\/116102537268689882","error":""},"_links":{"self":[{"href":"https:\/\/www.europesays.com\/de\/wp-json\/wp\/v2\/posts\/811868","targetHints":{"allow":["GET"]}}],"collection":[{"href":"https:\/\/www.europesays.com\/de\/wp-json\/wp\/v2\/posts"}],"about":[{"href":"https:\/\/www.europesays.com\/de\/wp-json\/wp\/v2\/types\/post"}],"author":[{"embeddable":true,"href":"https:\/\/www.europesays.com\/de\/wp-json\/wp\/v2\/users\/2"}],"replies":[{"embeddable":true,"href":"https:\/\/www.europesays.com\/de\/wp-json\/wp\/v2\/comments?post=811868"}],"version-history":[{"count":0,"href":"https:\/\/www.europesays.com\/de\/wp-json\/wp\/v2\/posts\/811868\/revisions"}],"wp:featuredmedia":[{"embeddable":true,"href":"https:\/\/www.europesays.com\/de\/wp-json\/wp\/v2\/media\/811869"}],"wp:attachment":[{"href":"https:\/\/www.europesays.com\/de\/wp-json\/wp\/v2\/media?parent=811868"}],"wp:term":[{"taxonomy":"category","embeddable":true,"href":"https:\/\/www.europesays.com\/de\/wp-json\/wp\/v2\/categories?post=811868"},{"taxonomy":"post_tag","embeddable":true,"href":"https:\/\/www.europesays.com\/de\/wp-json\/wp\/v2\/tags?post=811868"}],"curies":[{"name":"wp","href":"https:\/\/api.w.org\/{rel}","templated":true}]}}