{"id":811876,"date":"2026-02-20T10:44:12","date_gmt":"2026-02-20T10:44:12","guid":{"rendered":"https:\/\/www.europesays.com\/de\/811876\/"},"modified":"2026-02-20T10:44:12","modified_gmt":"2026-02-20T10:44:12","slug":"baby-led-weaning-wie-babys-selbstaendig-essen-lernen-fuerstenfeldbruck","status":"publish","type":"post","link":"https:\/\/www.europesays.com\/de\/811876\/","title":{"rendered":"Baby-led Weaning: Wie Babys selbst\u00e4ndig essen lernen &#8211; F\u00fcrstenfeldbruck"},"content":{"rendered":"<p data-manual=\"paragraph\" data-schema-org-speakable=\"true\" class=\"css-1ygz9cx\">Wenn S\u00e4uglinge etwa ein halbes Jahr alt sind, beginnt die Phase, in der zur Mutter- oder Flaschenmilch zugef\u00fcttert wird. Lange war Brei, selbst gekocht oder aus dem Gl\u00e4schen, dabei die erste Wahl. Doch diese Zeiten sind vorbei. Jetzt wird in Kursen und auch von Krankenkassen \u201e<a href=\"https:\/\/www.sueddeutsche.de\/thema\/Baby\" rel=\"nofollow noopener\" target=\"_blank\">Baby<\/a>-led Weaning\u201c empfohlen. Simone Haas gibt solche Kurse und ber\u00e4t im Rahmen des Programms \u201eWillkommen im Leben\u201c im <a href=\"https:\/\/www.sueddeutsche.de\/thema\/Landkreis_F%C3%BCrstenfeldbruck\" rel=\"nofollow noopener\" target=\"_blank\">Landkreis F\u00fcrstenfeldbruck<\/a> Familien mit Kindern bis zu einem Jahr. Im Interview erkl\u00e4rt sie, was es mit dem Trend auf sich hat.<\/p>\n","protected":false},"excerpt":{"rendered":"Wenn S\u00e4uglinge etwa ein halbes Jahr alt sind, beginnt die Phase, in der zur Mutter- oder Flaschenmilch zugef\u00fcttert&hellip;\n","protected":false},"author":2,"featured_media":811877,"comment_status":"","ping_status":"","sticky":false,"template":"","format":"standard","meta":{"footnotes":"","_share_on_mastodon":"0"},"categories":[1834],"tags":[1290,3364,29,5763,3688,25219,30,35588,25217,2057,1209,2339,57825,149],"class_list":["post-811876","post","type-post","status-publish","format-standard","has-post-thumbnail","category-essen","tag-baby","tag-de","tag-deutschland","tag-ernaehrung","tag-essen","tag-fuerstenfeldbruck","tag-germany","tag-graefrath","tag-landkreis-fuerstenfeldbruck","tag-leben-und-gesellschaft","tag-nordrhein-westfalen","tag-oberbayern","tag-stillen","tag-sueddeutsche-zeitung"],"share_on_mastodon":{"url":"https:\/\/pubeurope.com\/@de\/116102552910747860","error":""},"_links":{"self":[{"href":"https:\/\/www.europesays.com\/de\/wp-json\/wp\/v2\/posts\/811876","targetHints":{"allow":["GET"]}}],"collection":[{"href":"https:\/\/www.europesays.com\/de\/wp-json\/wp\/v2\/posts"}],"about":[{"href":"https:\/\/www.europesays.com\/de\/wp-json\/wp\/v2\/types\/post"}],"author":[{"embeddable":true,"href":"https:\/\/www.europesays.com\/de\/wp-json\/wp\/v2\/users\/2"}],"replies":[{"embeddable":true,"href":"https:\/\/www.europesays.com\/de\/wp-json\/wp\/v2\/comments?post=811876"}],"version-history":[{"count":0,"href":"https:\/\/www.europesays.com\/de\/wp-json\/wp\/v2\/posts\/811876\/revisions"}],"wp:featuredmedia":[{"embeddable":true,"href":"https:\/\/www.europesays.com\/de\/wp-json\/wp\/v2\/media\/811877"}],"wp:attachment":[{"href":"https:\/\/www.europesays.com\/de\/wp-json\/wp\/v2\/media?parent=811876"}],"wp:term":[{"taxonomy":"category","embeddable":true,"href":"https:\/\/www.europesays.com\/de\/wp-json\/wp\/v2\/categories?post=811876"},{"taxonomy":"post_tag","embeddable":true,"href":"https:\/\/www.europesays.com\/de\/wp-json\/wp\/v2\/tags?post=811876"}],"curies":[{"name":"wp","href":"https:\/\/api.w.org\/{rel}","templated":true}]}}