{"id":812054,"date":"2026-02-20T12:18:28","date_gmt":"2026-02-20T12:18:28","guid":{"rendered":"https:\/\/www.europesays.com\/de\/812054\/"},"modified":"2026-02-20T12:18:28","modified_gmt":"2026-02-20T12:18:28","slug":"schnee-in-muenchen-eindruecke-aus-der-eingepuderten-stadt-kommt-jetzt-der-fruehling-muenchen","status":"publish","type":"post","link":"https:\/\/www.europesays.com\/de\/812054\/","title":{"rendered":"Schnee in M\u00fcnchen: Eindr\u00fccke aus der eingepuderten Stadt &#8211; kommt jetzt der Fr\u00fchling? &#8211; M\u00fcnchen"},"content":{"rendered":"<p data-manual=\"paragraph\" data-schema-org-speakable=\"true\" class=\"css-1vw426e\">Was tags\u00fcber begann, setzte sich in der Nacht fort: In <a href=\"https:\/\/www.sueddeutsche.de\/thema\/M%C3%BCnchen\" rel=\"nofollow noopener\" target=\"_blank\">M\u00fcnchen<\/a> hat es bis Freitagmorgen unabl\u00e4ssig geschneit. Um 7.40 Uhr meldete der Hochwassernachrichtendienst des Bayerischen Landesamt f\u00fcr Umwelt 16 Zentimeter <a href=\"https:\/\/www.sueddeutsche.de\/thema\/Schnee\" rel=\"nofollow noopener\" target=\"_blank\">Schnee<\/a> in der Stadt. Wege, Stra\u00dfenschilder, Spielpl\u00e4tze sind in Wei\u00df geh\u00fcllt. Trotz des anhaltenden Schneefalls verzeichnete die Feuerwehr insgesamt nur wenige unwetterbedingte Eins\u00e4tze.<\/p>\n<p data-manual=\"paragraph\" data-schema-org-speakable=\"true\" class=\"css-1eosz7k\">Der gegen 13 Uhr einsetzende Niederschlag ging stellenweise in sehr nassen, schweren Schnee \u00fcber, der sich auf B\u00e4umen und Str\u00e4uchern ablagerte und einzelne \u00c4ste stark belastete. Von Donnerstag, 15 Uhr, bis Freitag, 9.30 Uhr, r\u00fcckte die Feuerwehr zu insgesamt 15 schneebedingten Eins\u00e4tzen im Stadtgebiet aus. Der Gro\u00dfteil der Eins\u00e4tze betraf abgebrochene oder abzubrechen drohende \u00c4ste, die Stra\u00dfen und Gehwege blockierten.<\/p>\n<p data-manual=\"paragraph\" data-schema-org-speakable=\"true\" class=\"css-1eosz7k\">Schon in der Nacht mussten sich die M\u00fcnchnerinnen und M\u00fcnchner ihren Weg \u00fcber schneebedeckte Stra\u00dfen bahnen, wie hier im Englischen Garten.<\/p>\n<p><img decoding=\"async\" src=\"https:\/\/www.europesays.com\/de\/wp-content\/uploads\/2026\/02\/9e472a04-ad76-45c1-9391-563ed6857a4e.jpg\"   alt=\"\" loading=\"lazy\" class=\"css-8atqhb\"\/> (Foto: Stephan Rumpf)<img decoding=\"async\" src=\"https:\/\/www.europesays.com\/de\/wp-content\/uploads\/2026\/02\/977a9409-f76e-43fd-855b-212e33884c66.jpg\"   alt=\"\" loading=\"lazy\" class=\"css-8atqhb\"\/> (Foto: Stephan Rumpf)<\/p>\n<p data-manual=\"paragraph\" data-schema-org-speakable=\"true\" class=\"css-1eosz7k\">Die Einsatzkr\u00e4fte der Feuerwehr M\u00fcnchen konnten alle Eins\u00e4tze z\u00fcgig und mit geringem Aufwand abarbeiten. Es kam zu keinen Einschr\u00e4nkungen des Einsatzbetriebs, da die Anzahl an Eins\u00e4tzen vergleichsweise gering war. Verletzt wurde bei den Eins\u00e4tzen niemand. Angaben zur H\u00f6he des entstandenen Sachschadens konnte die Feuerwehr nicht machen.<\/p>\n<p data-manual=\"paragraph\" data-schema-org-speakable=\"true\" class=\"css-1eosz7k\">Am Morgen versuchten die Menschen mit allerhand R\u00e4ummaschinen, der Schneemassen Herr zu werden.<\/p>\n<p><img decoding=\"async\" src=\"https:\/\/www.europesays.com\/de\/wp-content\/uploads\/2026\/02\/33e3e00d-6758-487f-a2b3-afffdc6493a0.jpg\"   alt=\"\" loading=\"lazy\" class=\"css-8atqhb\"\/> (Foto: Robert Haas)<\/p>\n<p data-manual=\"paragraph\" data-schema-org-speakable=\"true\" class=\"css-1eosz7k\">Oder sie genossen die Schneepracht einfach beim Gassigehen mit dem Hund oder bei einem Spaziergang, wie hier an der Isar.<\/p>\n<p><img decoding=\"async\" src=\"https:\/\/www.europesays.com\/de\/wp-content\/uploads\/2026\/02\/7e892bb3-5967-4472-9d10-3e9f052b22a6.jpg\"   alt=\"\" loading=\"lazy\" class=\"css-8atqhb\"\/> (Foto: Robert Haas)<img decoding=\"async\" src=\"https:\/\/www.europesays.com\/de\/wp-content\/uploads\/2026\/02\/f1334a5f-af06-4bf0-8443-b71232d144cc.jpg\"   alt=\"\" loading=\"lazy\" class=\"css-8atqhb\"\/> (Foto: Robert Haas)<\/p>\n<p data-manual=\"paragraph\" data-schema-org-speakable=\"true\" class=\"css-1eosz7k\">Ein paar motivierte Menschen wagten sich sogar zum Eisbaden an die Isar. Wer daf\u00fcr in den Fluss steigt, f\u00fcr den hat so eine Schneedecke wom\u00f6glich sogar etwas W\u00e4rmendes.<\/p>\n<p><img decoding=\"async\" src=\"https:\/\/www.europesays.com\/de\/wp-content\/uploads\/2026\/02\/7c4c23e0-ef4a-4e7a-b2fd-2658b1928c92.jpg\"   alt=\"\" loading=\"lazy\" class=\"css-8atqhb\"\/> (Foto: Robert Haas)<\/p>\n<p data-manual=\"paragraph\" data-schema-org-speakable=\"true\" class=\"css-1eosz7k\">Auch Rutschen, Schaukeln und Basketballk\u00f6rbe auf Spielpl\u00e4tzen sind derzeit komplett eingeschneit. Aber der Schnee ist f\u00fcr Kinder ja \u201eSpielzeug\u201c genug.<\/p>\n<p><img decoding=\"async\" src=\"https:\/\/www.europesays.com\/de\/wp-content\/uploads\/2026\/02\/17adc291-8fb0-41b9-8cc5-25a58fc823dc.jpg\"   alt=\"\" loading=\"lazy\" class=\"css-8atqhb\"\/> (Foto: Ren\u00e9 Hofmann)<\/p>\n<p data-manual=\"paragraph\" data-schema-org-speakable=\"true\" class=\"css-1eosz7k\">Am Flughafen sind derweil die Schneepfl\u00fcge im Einsatz, um den Flugverkehr aufrechtzuerhalten.<\/p>\n<p><img decoding=\"async\" src=\"https:\/\/www.europesays.com\/de\/wp-content\/uploads\/2026\/02\/eb139546-15a0-4d3f-9aa7-be259671d7e4.jpg\"   alt=\"\" loading=\"lazy\" class=\"css-8atqhb\"\/> (Foto: Ren\u00e9 Hofmann)<\/p>\n<p data-manual=\"paragraph\" data-schema-org-speakable=\"true\" class=\"css-1eosz7k\">Bei anderen Verkehrsmitteln herrscht dagegen Stillstand. Diese Fahrr\u00e4der \u00e4chzen unter der wei\u00dfen Last. Der DWD r\u00e4t von unn\u00f6tigen Fahrten im Stra\u00dfenverkehr ab.<\/p>\n<p><img decoding=\"async\" src=\"https:\/\/www.europesays.com\/de\/wp-content\/uploads\/2026\/02\/29b69464-c320-4446-a64f-a4c04b09b6c4.jpg\"   alt=\"\" loading=\"lazy\" class=\"css-8atqhb\"\/> (Foto: Ren\u00e9 Hofmann)<img decoding=\"async\" src=\"https:\/\/www.europesays.com\/de\/wp-content\/uploads\/2026\/02\/05bbca32-ea7a-439e-a75e-c78945d9573e.jpg\"   alt=\"\" loading=\"lazy\" class=\"css-8atqhb\"\/> (Foto: Ren\u00e9 Hofmann)<img decoding=\"async\" src=\"https:\/\/www.europesays.com\/de\/wp-content\/uploads\/2026\/02\/4cb3e9a8-afac-4d26-a365-ef6a1f9edb81.jpg\"   alt=\"\" loading=\"lazy\" class=\"css-8atqhb\"\/> (Foto: Rene Hofmann)<img decoding=\"async\" src=\"https:\/\/www.europesays.com\/de\/wp-content\/uploads\/2026\/02\/aa5594ca-47b8-4a13-8d79-d6da1a9e737c.jpg\"   alt=\"\" loading=\"lazy\" class=\"css-8atqhb\"\/> (Foto: Ren\u00e9 Hofmann)<img decoding=\"async\" src=\"https:\/\/www.europesays.com\/de\/wp-content\/uploads\/2026\/02\/882b66c4-82b7-4a02-a25a-3754b9715fc1.jpg\"   alt=\"\" loading=\"lazy\" class=\"css-8atqhb\"\/> (Foto: Ren\u00e9 Hofmann)<\/p>\n<p data-manual=\"paragraph\" data-schema-org-speakable=\"true\" class=\"css-1eosz7k\">Zwar d\u00fcrften sich die M\u00fcnchnerinnen und M\u00fcnchner der wei\u00dfen Pracht den ganzen Freitag \u00fcber erfreuen (oder dar\u00fcber \u00e4rgern), es sind Temperaturen von maximal 2,8 Grad vorhergesagt, doch mit Anbruch des Wochenendes verschwindet der Schnee dann voraussichtlich wieder.<\/p>\n<p><img decoding=\"async\" src=\"https:\/\/www.europesays.com\/de\/wp-content\/uploads\/2026\/02\/05cc8a31-1266-4731-8e8c-3f62f9224667.jpg\"   alt=\"\" loading=\"lazy\" class=\"css-8atqhb\"\/> (Foto: Ren\u00e9 Hofmann)<img decoding=\"async\" src=\"https:\/\/www.europesays.com\/de\/wp-content\/uploads\/2026\/02\/2fb52c3e-6bb2-4bf7-aa6d-87c190e85da4.jpg\"   alt=\"\" loading=\"lazy\" class=\"css-8atqhb\"\/> (Foto: Ren\u00e9 Hofmann)<img decoding=\"async\" src=\"https:\/\/www.europesays.com\/de\/wp-content\/uploads\/2026\/02\/3ec01cf4-0daf-49a4-a437-c95498ef5813.jpg\"   alt=\"\" loading=\"lazy\" class=\"css-8atqhb\"\/> (Foto: Ren\u00e9 Hofmann)<\/p>\n<p data-manual=\"paragraph\" data-schema-org-speakable=\"true\" class=\"css-1eosz7k\">Dann steigen die Temperaturen in Bayern allm\u00e4hlich wieder an. Bis zu 15 Grad sollen laut DWD am Sonntag m\u00f6glich sein. Das bedeutet auch, dass der Schnee fast im ganzen Freistaat in Regen \u00fcbergeht. In M\u00fcnchen werden f\u00fcr Samstag H\u00f6chstwerte von sieben Grad und am Sonntag von bis zu elf Grad erwartet. Zudem soll es zu starken B\u00f6en kommen.<\/p>\n","protected":false},"excerpt":{"rendered":"Was tags\u00fcber begann, setzte sich in der Nacht fort: In M\u00fcnchen hat es bis Freitagmorgen unabl\u00e4ssig geschneit. Um&hellip;\n","protected":false},"author":2,"featured_media":812055,"comment_status":"","ping_status":"","sticky":false,"template":"","format":"standard","meta":{"footnotes":"","_share_on_mastodon":"0"},"categories":[1827],"tags":[772,950,29,30,3311,1268,2339,16406,137711,149,1973],"class_list":["post-812054","post","type-post","status-publish","format-standard","has-post-thumbnail","category-muenchen","tag-bayern","tag-deutscher-wetterdienst","tag-deutschland","tag-germany","tag-leben-und-gesellschaft-in-muenchen","tag-muenchen","tag-oberbayern","tag-schnee","tag-schneefall","tag-sueddeutsche-zeitung","tag-wetter"],"share_on_mastodon":{"url":"https:\/\/pubeurope.com\/@de\/116102923535582559","error":""},"_links":{"self":[{"href":"https:\/\/www.europesays.com\/de\/wp-json\/wp\/v2\/posts\/812054","targetHints":{"allow":["GET"]}}],"collection":[{"href":"https:\/\/www.europesays.com\/de\/wp-json\/wp\/v2\/posts"}],"about":[{"href":"https:\/\/www.europesays.com\/de\/wp-json\/wp\/v2\/types\/post"}],"author":[{"embeddable":true,"href":"https:\/\/www.europesays.com\/de\/wp-json\/wp\/v2\/users\/2"}],"replies":[{"embeddable":true,"href":"https:\/\/www.europesays.com\/de\/wp-json\/wp\/v2\/comments?post=812054"}],"version-history":[{"count":0,"href":"https:\/\/www.europesays.com\/de\/wp-json\/wp\/v2\/posts\/812054\/revisions"}],"wp:featuredmedia":[{"embeddable":true,"href":"https:\/\/www.europesays.com\/de\/wp-json\/wp\/v2\/media\/812055"}],"wp:attachment":[{"href":"https:\/\/www.europesays.com\/de\/wp-json\/wp\/v2\/media?parent=812054"}],"wp:term":[{"taxonomy":"category","embeddable":true,"href":"https:\/\/www.europesays.com\/de\/wp-json\/wp\/v2\/categories?post=812054"},{"taxonomy":"post_tag","embeddable":true,"href":"https:\/\/www.europesays.com\/de\/wp-json\/wp\/v2\/tags?post=812054"}],"curies":[{"name":"wp","href":"https:\/\/api.w.org\/{rel}","templated":true}]}}