{"id":812442,"date":"2026-02-20T16:00:14","date_gmt":"2026-02-20T16:00:14","guid":{"rendered":"https:\/\/www.europesays.com\/de\/812442\/"},"modified":"2026-02-20T16:00:14","modified_gmt":"2026-02-20T16:00:14","slug":"ex-hannover-96-torwart-joerg-sievers-will-buergermeister-in-springe-werden","status":"publish","type":"post","link":"https:\/\/www.europesays.com\/de\/812442\/","title":{"rendered":"Ex-Hannover-96-Torwart J\u00f6rg Sievers will B\u00fcrgermeister in Springe werden"},"content":{"rendered":"<p>        <img decoding=\"async\" src=\"https:\/\/www.europesays.com\/de\/wp-content\/uploads\/2026\/02\/sievers-102.webp.webp\" alt=\"J\u00f6rg Sievers, ehemalige Torwart von Hannover 96.\" title=\"J\u00f6rg Sievers, ehemalige Torwart von Hannover 96. | picture alliance\/dpa, Peter Steffen\" class=\"responsive\"\/><\/p>\n<p>\n                Stand: 20.02.2026 15:28 Uhr<\/p>\n<p class=\"preface\">Der ehemalige Torwart von Hannover 96, J\u00f6rg Sievers, will bei der B\u00fcrgermeister-Wahl in Springe (Region Hannover) f\u00fcr die CDU kandidieren. Die Kommunalwahlen in Niedersachsen finden am 13. September statt.<\/p>\n<p class=\"\">Seinen Wunsch, als Kandidat aufgestellt zu werden, best\u00e4tigte der 60-j\u00e4hrige Sievers dem NDR Niedersachsen. Er habe sich schon immer politisch interessiert und sei seit Jahren Mitglied in der CDU. Offiziell will die CDU ihren Kandidaten Anfang M\u00e4rz verk\u00fcnden. Eine parteiinterne Konkurrenz gibt es laut Sievers aber nicht. Amtsinhaber ist aktuell der parteilose Christian Springfeld, der nach eigenen Angaben nicht noch einmal kandidieren will. Zuerst hatte die <a href=\"https:\/\/www.ndr.de\/nachrichten\/niedersachsen\/textlink-309860~splash.html\" title=\"96-Torwartlegende J\u00f6rg Sievers will B\u00fcrgermeister in Springe werden\" data-url=\"https:\/\/www.haz.de\/lokales\/hannover\/hannover-96-legende-joerg-sievers-will-cdu-buergermeister-in-springe-werden-LFEGFFLYKJGS5I7B7VQZBKE5YI.html\" class=\"js-link-dialog\" data-type=\"external\" rel=\"nofollow noopener\" target=\"_blank\">&#8222;Hannoversche Allgemeine Zeitung&#8220;<\/a> berichtet.<\/p>\n<p>    DFB-Pokal 1992: Zwei Elfmeter gegen M\u00f6nchengladbach gehalten<\/p>\n<p class=\"\">J\u00f6rg Sievers war von 1989 bis 2003 Torwart von Hannover 96. 1992 gewann der Club <a href=\"https:\/\/www.ndr.de\/sport\/fussball\/Aufstieg-2002-Als-Hannover-96-Fussball-Deutschland-berauschte,hannover16822.html\" title=\"Aufstieg 2002: Als Hannover 96 Fu\u00dfball-Deutschland berauschte\" rel=\"nofollow noopener\" target=\"_blank\">als Zweitligist den DFB-Pokal<\/a>. Bei dem Spiel hielt <a href=\"https:\/\/www.ndr.de\/sport\/fussball\/23-Mai-1992-Als-Hannover-96-als-Zweitligist-DFB-Pokalsieger-wurde,hannover4767.html\" title=\"23. Mai 1992: Als Hannover 96 als Zweitligist DFB-Pokalsieger wurde\" rel=\"nofollow noopener\" target=\"_blank\">Sievers<\/a> zwei Elfmeter von M\u00f6nchengladbach. Der inzwischen 60-J\u00e4hrige arbeitet als Immobilienmakler und trainiert in seiner Freizeit Kinder und Jugendliche an einer Fu\u00dfball-Schule in der Region.<\/p>\n<p>        <img decoding=\"async\" src=\"https:\/\/www.europesays.com\/de\/wp-content\/uploads\/2026\/02\/screenshot813670.webp.webp\" alt=\"J\u00f6rg Sievers (l.) und Daniel Stendel (hinten) beim Training von Heart of Midlothian.\" title=\"J\u00f6rg Sievers (l.) und Daniel Stendel (hinten) beim Training von Heart of Midlothian. | Screenshot\" class=\"responsive\" loading=\"lazy\"\/><\/p>\n<p>96-Legende J\u00f6rg Sievers ist seinem Freund Daniel Stendel zu den Heart of Midlothian gefolgt. Als Assistent von Hannovers Ex-Trainer soll er mithelfen, den schottischen Traditionsclub vor dem Abstieg retten.<\/p>\n<p>        <img decoding=\"async\" src=\"https:\/\/www.europesays.com\/de\/wp-content\/uploads\/2026\/02\/hannover16824.webp.webp\" alt=\"Hannovers Trainer Ralf Rangnick wird von seinem Assistenten Mirko Slomka auf den Schultern getragen.\" title=\"Hannovers Trainer Ralf Rangnick wird von seinem Assistenten Mirko Slomka auf den Schultern getragen. | picture alliance \/ dpa, Holger Hollemann\" class=\"responsive\" loading=\"lazy\"\/><\/p>\n<p>Vor 20 Jahren stand der vorzeitige Bundesliga-Aufstieg der Niedersachsen fest, die begeisternden Offensivfu\u00dfball gezeigt hatten.<\/p>\n<p>        <img decoding=\"async\" src=\"https:\/\/www.europesays.com\/de\/wp-content\/uploads\/2026\/02\/hannover4761.webp.webp\" alt=\"Pokalheld J\u00f6rg Sievers pr\u00e4sentiert die Troph\u00e4e.\" title=\"Pokalheld J\u00f6rg Sievers pr\u00e4sentiert die Troph\u00e4e. | imago sportfotodienst\" class=\"responsive\" loading=\"lazy\"\/><\/p>\n<p>Am 23. Mai 1992 schrieb Hannover 96 Fu\u00dfball-Geschichte: Die Niedersachsen gewannen den DFB-Pokal &#8211; als erster und bislang einziger Zweitligist.<\/p>\n<p>Dieses Thema im Programm:<\/p>\n<p>                NDR 1 Niedersachsen | Aktuell | 20.02.2026 | 12 Uhr und NDR 1 Niedersachsen | Regional Hannover | 20.02.2026 | 15 Uhr<\/p>\n<p>        Schlagw\u00f6rter zu diesem Artikel<\/p>\n<p>            <a href=\"https:\/\/www.ndr.de\/nachrichten\/niedersachsen\/hannover_weser-leinegebiet\/Hannover-Aktuelle-News-und-Nachrichten,hannover18518.html\" rel=\"nofollow noopener\" target=\"_blank\">Hannover<\/a><\/p>\n","protected":false},"excerpt":{"rendered":"Stand: 20.02.2026 15:28 Uhr Der ehemalige Torwart von Hannover 96, J\u00f6rg Sievers, will bei der B\u00fcrgermeister-Wahl in Springe&hellip;\n","protected":false},"author":2,"featured_media":812443,"comment_status":"","ping_status":"","sticky":false,"template":"","format":"standard","meta":{"footnotes":"","_share_on_mastodon":"0"},"categories":[1836],"tags":[8389,3364,29,30,46,2366,182493,22589,1411,104807,7936,2534],"class_list":["post-812442","post","type-post","status-publish","format-standard","has-post-thumbnail","category-hannover","tag-buergermeister","tag-de","tag-deutschland","tag-germany","tag-hannover","tag-hannover-96","tag-joerg-sievers","tag-kandidatur","tag-niedersachsen","tag-springe","tag-torwart","tag-wahl"],"share_on_mastodon":{"url":"https:\/\/pubeurope.com\/@de\/116103795806510208","error":""},"_links":{"self":[{"href":"https:\/\/www.europesays.com\/de\/wp-json\/wp\/v2\/posts\/812442","targetHints":{"allow":["GET"]}}],"collection":[{"href":"https:\/\/www.europesays.com\/de\/wp-json\/wp\/v2\/posts"}],"about":[{"href":"https:\/\/www.europesays.com\/de\/wp-json\/wp\/v2\/types\/post"}],"author":[{"embeddable":true,"href":"https:\/\/www.europesays.com\/de\/wp-json\/wp\/v2\/users\/2"}],"replies":[{"embeddable":true,"href":"https:\/\/www.europesays.com\/de\/wp-json\/wp\/v2\/comments?post=812442"}],"version-history":[{"count":0,"href":"https:\/\/www.europesays.com\/de\/wp-json\/wp\/v2\/posts\/812442\/revisions"}],"wp:featuredmedia":[{"embeddable":true,"href":"https:\/\/www.europesays.com\/de\/wp-json\/wp\/v2\/media\/812443"}],"wp:attachment":[{"href":"https:\/\/www.europesays.com\/de\/wp-json\/wp\/v2\/media?parent=812442"}],"wp:term":[{"taxonomy":"category","embeddable":true,"href":"https:\/\/www.europesays.com\/de\/wp-json\/wp\/v2\/categories?post=812442"},{"taxonomy":"post_tag","embeddable":true,"href":"https:\/\/www.europesays.com\/de\/wp-json\/wp\/v2\/tags?post=812442"}],"curies":[{"name":"wp","href":"https:\/\/api.w.org\/{rel}","templated":true}]}}