{"id":812469,"date":"2026-02-20T16:14:13","date_gmt":"2026-02-20T16:14:13","guid":{"rendered":"https:\/\/www.europesays.com\/de\/812469\/"},"modified":"2026-02-20T16:14:13","modified_gmt":"2026-02-20T16:14:13","slug":"pedo-hunter-in-stuttgart-anklagen-erhoben-nach-brutalen-angriffen-bei-fake-sextreffen-startseite","status":"publish","type":"post","link":"https:\/\/www.europesays.com\/de\/812469\/","title":{"rendered":"Pedo-Hunter in Stuttgart: Anklagen erhoben nach brutalen Angriffen bei Fake-Sextreffen &#8211; Startseite"},"content":{"rendered":"\n<p>Insgesamt werden den Angeklagten 15 Taten zwischen Januar 2024 und Juni 2025 vorgeworfen, begangen in unterschiedlichen Konstellationen, wie eine Sprecherin der Staatsanwaltschaft sagte. Details zu den Tatverd\u00e4chtigen nannte sie nicht. Bei der Festnahme Anfang Dezember hatte sie zudem mitgeteilt, es w\u00fcrden weitere 15 M\u00e4nner und 3 Frauen verd\u00e4chtigt, beteiligt gewesen zu sein.\u00a0<\/p>\n<p>Mit Messern und Schlagst\u00f6cken <\/p>\n<p>Die damals festgenommenen vier M\u00e4nner sollen Erwachsene in der Region <a href=\"https:\/\/www.krzbb.de\/thema\/Stuttgart\" title=\"Stuttgart\" class=\"art_thema\" rel=\"nofollow noopener\" target=\"_blank\">Stuttgart<\/a> zu fingierten Sextreffen gelockt, dort ausgeraubt und zum Teil schwer verletzt haben. Sie verabredeten sich demnach auf einem Online-Portal zu den Treffen mit ihren sp\u00e4teren Opfern und gaben sich als junge, meist aber vollj\u00e4hrige Frauen aus.\u00a0<\/p>\n<p>Kurz vor den Treffen sollen sie den ahnungslosen M\u00e4nnern offenbart haben, doch etwas j\u00fcnger zu sein. Mit Messern, Pfefferspray, Schlagst\u00f6cken oder Schusswaffen bewaffnet sollen sie ihre Opfer bei den Treffen angegriffen und teilweise ausgeraubt, vergewaltigt oder sehr schwer verletzt haben.<\/p>\n<p>Drei damals 18-J\u00e4hrige waren bereits Ende Juni vergangenen Jahres in Stuttgart festgenommen worden, zwei von ihnen wurden bei einem Scheintreffen durch die Ermittlungsgruppe \u201eTeddy\u201c selbst in die Falle gelockt. Der vierte Verd\u00e4chtige, ein damals 19-J\u00e4hriger, wurde erst Monate sp\u00e4ter in seiner Stuttgarter Wohnung festgenommen.<\/p>\n<p>Sie nennen sich \u201ePedo-Hunter\u201c <\/p>\n<p>Selbsternannte \u201ePedo Hunter\u201c geben sich in Fake-Profilen auf Internetportalen oft als minderj\u00e4hrig aus, um mutma\u00dfliche Sexualstraft\u00e4ter in eine Falle zu locken. Das Aufeinandertreffen wird meist gefilmt und im Internet geteilt. Diese \u00f6ffentliche Blo\u00dfstellung geschieht ohne rechtliche Legitimation.<\/p>\n<p>Denn obwohl sich viele Akteure auf ein moralisches Anliegen berufen, versto\u00dfen sie h\u00e4ufig selbst gegen Strafgesetze \u2013 etwa durch N\u00f6tigung oder Verleumdung. Die Polizei warnt ausdr\u00fccklich vor dieser Form der Selbstjustiz, da sie neben der strafrechtlichen Problematik laufende Ermittlungen gef\u00e4hrden kann.<\/p>\n<p> Polizei: \u201eMasche nur genutzt\u201c <\/p>\n<p>Allerdings seien die F\u00e4lle aus der Region Stuttgart damit nicht wirklich vergleichbar, hatte die Polizei nach der damaligen Razzia erkl\u00e4rt. Die angegriffenen M\u00e4nner h\u00e4tten in den meisten F\u00e4llen nichts falsch gemacht. Der Begriff \u201ePedo-Hunter\u201c passe daher nicht, auch wenn der 19-J\u00e4hrige sich so genannt habe.\u00a0<\/p>\n<p>\u201eDie Tatverd\u00e4chtigen haben diese Masche schlichtweg genutzt, um die M\u00e4nner anzugreifen und auszurauben\u201c, hatte der Leiter der Ermittlungsgruppe, Mario Teufel, gesagt. Zu m\u00f6glichen rechtsextremen Bez\u00fcgen der Verd\u00e4chtigen machten Polizei und Staatsanwaltschaft bislang keine Angaben. <\/p>\n","protected":false},"excerpt":{"rendered":"Insgesamt werden den Angeklagten 15 Taten zwischen Januar 2024 und Juni 2025 vorgeworfen, begangen in unterschiedlichen Konstellationen, wie&hellip;\n","protected":false},"author":2,"featured_media":812470,"comment_status":"","ping_status":"","sticky":false,"template":"","format":"standard","meta":{"footnotes":"","_share_on_mastodon":"0"},"categories":[1830],"tags":[19533,1999,1634,3364,29,34273,182634,30,182635,75892,12083,1441,93244],"class_list":["post-812469","post","type-post","status-publish","format-standard","has-post-thumbnail","category-stuttgart","tag-angriffe","tag-anklage","tag-baden-wuerttemberg","tag-de","tag-deutschland","tag-erpressung","tag-fake-sextreffen","tag-germany","tag-glome-video","tag-pedo-hunter","tag-staatsanwaltschaft-stuttgart","tag-stuttgart","tag-toetungsversuch"],"share_on_mastodon":{"url":"https:\/\/pubeurope.com\/@de\/116103850563410710","error":""},"_links":{"self":[{"href":"https:\/\/www.europesays.com\/de\/wp-json\/wp\/v2\/posts\/812469","targetHints":{"allow":["GET"]}}],"collection":[{"href":"https:\/\/www.europesays.com\/de\/wp-json\/wp\/v2\/posts"}],"about":[{"href":"https:\/\/www.europesays.com\/de\/wp-json\/wp\/v2\/types\/post"}],"author":[{"embeddable":true,"href":"https:\/\/www.europesays.com\/de\/wp-json\/wp\/v2\/users\/2"}],"replies":[{"embeddable":true,"href":"https:\/\/www.europesays.com\/de\/wp-json\/wp\/v2\/comments?post=812469"}],"version-history":[{"count":0,"href":"https:\/\/www.europesays.com\/de\/wp-json\/wp\/v2\/posts\/812469\/revisions"}],"wp:featuredmedia":[{"embeddable":true,"href":"https:\/\/www.europesays.com\/de\/wp-json\/wp\/v2\/media\/812470"}],"wp:attachment":[{"href":"https:\/\/www.europesays.com\/de\/wp-json\/wp\/v2\/media?parent=812469"}],"wp:term":[{"taxonomy":"category","embeddable":true,"href":"https:\/\/www.europesays.com\/de\/wp-json\/wp\/v2\/categories?post=812469"},{"taxonomy":"post_tag","embeddable":true,"href":"https:\/\/www.europesays.com\/de\/wp-json\/wp\/v2\/tags?post=812469"}],"curies":[{"name":"wp","href":"https:\/\/api.w.org\/{rel}","templated":true}]}}