{"id":812556,"date":"2026-02-20T17:01:11","date_gmt":"2026-02-20T17:01:11","guid":{"rendered":"https:\/\/www.europesays.com\/de\/812556\/"},"modified":"2026-02-20T17:01:11","modified_gmt":"2026-02-20T17:01:11","slug":"vrr-kritisiert-schienenersatzverkehr-zwischen-hagen-und-koeln","status":"publish","type":"post","link":"https:\/\/www.europesays.com\/de\/812556\/","title":{"rendered":"VRR kritisiert Schienenersatzverkehr zwischen Hagen und K\u00f6ln"},"content":{"rendered":"<p class=\"text_ohne_einzug richtext text-em-55 !leading-serif mx-6 desktop:mx-0\">Der Verkehrsverbund Rhein-Ruhr (VRR) hat die Organisation des Schienenersatzverkehrs w\u00e4hrend der Sperrung der Bahnstrecke Hagen-Wuppertal-K\u00f6ln kritisiert. Der <a href=\"https:\/\/rp-online.de\/thema\/vrr\/\" rel=\"nofollow noopener\" target=\"_blank\">VRR<\/a> erkl\u00e4rte am Freitag, es fehle aus seiner Sicht insbesondere an Personal und Bussen. Au\u00dferdem mangele es den Busfahrern mitunter an Ortskenntnis, sodass sich Busse verfahren w\u00fcrden.<\/p>\n","protected":false},"excerpt":{"rendered":"Der Verkehrsverbund Rhein-Ruhr (VRR) hat die Organisation des Schienenersatzverkehrs w\u00e4hrend der Sperrung der Bahnstrecke Hagen-Wuppertal-K\u00f6ln kritisiert. Der VRR&hellip;\n","protected":false},"author":2,"featured_media":812557,"comment_status":"","ping_status":"","sticky":false,"template":"","format":"standard","meta":{"footnotes":"","_share_on_mastodon":"0"},"categories":[1840],"tags":[1739,9695,2226,2227,182649,3364,29,13808,129266,30,20442,1209,99011,12501,5206,2802,5522,9286,61861,18265,34217,4418],"class_list":["post-812556","post","type-post","status-publish","format-standard","has-post-thumbnail","category-wuppertal","tag-bahn","tag-bahnhoefe","tag-bahnstrecke","tag-bahnverkehr","tag-bahnwebsite","tag-de","tag-deutschland","tag-ersatzverkehr","tag-fahrpersonal","tag-germany","tag-hagen","tag-nordrhein-westfalen","tag-orientierung","tag-personal","tag-rhein","tag-rheinland","tag-ruhr","tag-schienenersatzverkehr","tag-sev","tag-verkehrsverbund","tag-vrr","tag-wuppertal"],"share_on_mastodon":{"url":"https:\/\/pubeurope.com\/@de\/116104035277121749","error":""},"_links":{"self":[{"href":"https:\/\/www.europesays.com\/de\/wp-json\/wp\/v2\/posts\/812556","targetHints":{"allow":["GET"]}}],"collection":[{"href":"https:\/\/www.europesays.com\/de\/wp-json\/wp\/v2\/posts"}],"about":[{"href":"https:\/\/www.europesays.com\/de\/wp-json\/wp\/v2\/types\/post"}],"author":[{"embeddable":true,"href":"https:\/\/www.europesays.com\/de\/wp-json\/wp\/v2\/users\/2"}],"replies":[{"embeddable":true,"href":"https:\/\/www.europesays.com\/de\/wp-json\/wp\/v2\/comments?post=812556"}],"version-history":[{"count":0,"href":"https:\/\/www.europesays.com\/de\/wp-json\/wp\/v2\/posts\/812556\/revisions"}],"wp:featuredmedia":[{"embeddable":true,"href":"https:\/\/www.europesays.com\/de\/wp-json\/wp\/v2\/media\/812557"}],"wp:attachment":[{"href":"https:\/\/www.europesays.com\/de\/wp-json\/wp\/v2\/media?parent=812556"}],"wp:term":[{"taxonomy":"category","embeddable":true,"href":"https:\/\/www.europesays.com\/de\/wp-json\/wp\/v2\/categories?post=812556"},{"taxonomy":"post_tag","embeddable":true,"href":"https:\/\/www.europesays.com\/de\/wp-json\/wp\/v2\/tags?post=812556"}],"curies":[{"name":"wp","href":"https:\/\/api.w.org\/{rel}","templated":true}]}}