{"id":812802,"date":"2026-02-20T19:20:14","date_gmt":"2026-02-20T19:20:14","guid":{"rendered":"https:\/\/www.europesays.com\/de\/812802\/"},"modified":"2026-02-20T19:20:14","modified_gmt":"2026-02-20T19:20:14","slug":"xavier-naidoo-weghoeren-schweigen-weiterfeiern","status":"publish","type":"post","link":"https:\/\/www.europesays.com\/de\/812802\/","title":{"rendered":"Xavier Naidoo: Wegh\u00f6ren, schweigen, weiterfeiern"},"content":{"rendered":"<p class=\"paragraph\"><a class=\"rtr-entity\" href=\"https:\/\/www.zeit.de\/thema\/xavier-naidoo\" rel=\"nofollow noopener\" target=\"_blank\">Xavier Naidoo<\/a> feiert die Comebacks gerade im Monatstakt. Im Dezember und Januar ging der Mannheimer Souls\u00e4nger zum ersten Mal seit sechs Jahren wieder auf Tour, 16 Shows spielte er in elf St\u00e4dten, viele waren ausverkauft, bis zu 16.000 Besucher kamen laut Angaben der Veranstalter in die Hallen. Lokale und \u00fcberregionale Medien berichteten mit vorsichtigem Wohlwollen von den Auftritten, das Publikum schien \u00fcberwiegend zufrieden. Eine ganz normale Konzertreise also f\u00fcr einen deutschen Popstar, der Ende Januar auch ein neuer Song von Naidoo folgte, der erste unter eigenem Namen seit 2019. Auf die Liebe bediente Sound und S\u00e4useln, mit dem der Musiker einst gro\u00df geworden war: &#8222;Einmal noch f\u00fcr die Liebe\/ Dreimal Hoch auf den Frieden&#8220;.<\/p>\n","protected":false},"excerpt":{"rendered":"Xavier Naidoo feiert die Comebacks gerade im Monatstakt. Im Dezember und Januar ging der Mannheimer Souls\u00e4nger zum ersten&hellip;\n","protected":false},"author":2,"featured_media":812803,"comment_status":"","ping_status":"","sticky":false,"template":"","format":"standard","meta":{"footnotes":"","_share_on_mastodon":"0"},"categories":[1772],"tags":[29,214,13217,30,1779,810,9668,49823,809,3395,215,76051],"class_list":["post-812802","post","type-post","status-publish","format-standard","has-post-thumbnail","category-musik","tag-deutschland","tag-entertainment","tag-feuilleton","tag-germany","tag-music","tag-musik","tag-musiker","tag-politische-rechte","tag-popmusik","tag-querdenker","tag-unterhaltung","tag-xavier-naidoo"],"share_on_mastodon":{"url":"https:\/\/pubeurope.com\/@de\/116104582167634721","error":""},"_links":{"self":[{"href":"https:\/\/www.europesays.com\/de\/wp-json\/wp\/v2\/posts\/812802","targetHints":{"allow":["GET"]}}],"collection":[{"href":"https:\/\/www.europesays.com\/de\/wp-json\/wp\/v2\/posts"}],"about":[{"href":"https:\/\/www.europesays.com\/de\/wp-json\/wp\/v2\/types\/post"}],"author":[{"embeddable":true,"href":"https:\/\/www.europesays.com\/de\/wp-json\/wp\/v2\/users\/2"}],"replies":[{"embeddable":true,"href":"https:\/\/www.europesays.com\/de\/wp-json\/wp\/v2\/comments?post=812802"}],"version-history":[{"count":0,"href":"https:\/\/www.europesays.com\/de\/wp-json\/wp\/v2\/posts\/812802\/revisions"}],"wp:featuredmedia":[{"embeddable":true,"href":"https:\/\/www.europesays.com\/de\/wp-json\/wp\/v2\/media\/812803"}],"wp:attachment":[{"href":"https:\/\/www.europesays.com\/de\/wp-json\/wp\/v2\/media?parent=812802"}],"wp:term":[{"taxonomy":"category","embeddable":true,"href":"https:\/\/www.europesays.com\/de\/wp-json\/wp\/v2\/categories?post=812802"},{"taxonomy":"post_tag","embeddable":true,"href":"https:\/\/www.europesays.com\/de\/wp-json\/wp\/v2\/tags?post=812802"}],"curies":[{"name":"wp","href":"https:\/\/api.w.org\/{rel}","templated":true}]}}