{"id":812807,"date":"2026-02-20T19:23:15","date_gmt":"2026-02-20T19:23:15","guid":{"rendered":"https:\/\/www.europesays.com\/de\/812807\/"},"modified":"2026-02-20T19:23:15","modified_gmt":"2026-02-20T19:23:15","slug":"tommas-giacomo-bricht-biathlon-massenstart-ab-herzprobleme","status":"publish","type":"post","link":"https:\/\/www.europesays.com\/de\/812807\/","title":{"rendered":"Tommas Giacomo bricht Biathlon Massenstart ab \u2013 Herzprobleme"},"content":{"rendered":"<p>Wohl Schmerzen in der Herzgegend <\/p>\n<p>Mitfavorit bricht Olympia-Massenstart ab<\/p>\n<p>20.02.2026 &#8211; 15:59 UhrLesedauer: 2 Min.<\/p>\n<p><a href=\"#focus-0\" class=\"transition-colors duration-200 block text-current relative\" data-sctrack=\"FocusGalleryImage.Reference\"><img fetchpriority=\"high\" data-testid=\"Opener.Image\" style=\"--lqipURL:url('https:\/\/images.t-online.de\/2026\/02\/GgVPMlf1vRBm\/11x241:1950x1097\/fit-in\/150x0\/filters:blur(25)\/image.jpg')\"   loading=\"eager\" src=\"https:\/\/www.europesays.com\/de\/wp-content\/uploads\/2026\/02\/1771615395_970_image.jpg\" alt=\"Mitfavorit Tommaso Giacomel: Der Italiener musste den Massenstart im Biathlon abbrechen.\" title=\"Mitfavorit Tommaso Giacomel: Der Italiener musste den Massenstart im Biathlon abbrechen.\" width=\"1950\" height=\"1097\" class=\"bg-[url:var(--lqipURL)] bg-cover bg-center flex h-full w-full max-w-full\" decoding=\"async\"\/><img style=\"--width:32;--height:32\" loading=\"lazy\" src=\"https:\/\/www.t-online.de\/s\/paper\/_next\/static\/media\/zoom-in.f7dae02f.svg\" alt=\"Vergr\u00f6\u00dfern des Bildes\" title=\"Vergr\u00f6\u00dfern des Bildes\" class=\"block h-[calc(var(--height)_\/_16_*_1rem)] w-[calc(var(--width)_\/_16_*_1rem)] max-w-none absolute bottom-8 right-8 rounded-4 bg-snow p-8\" decoding=\"async\"\/><\/a><\/p>\n<p>Mitfavorit Tommaso Giacomel: Der Italiener musste den Massenstart im Biathlon abbrechen. (Quelle: Hendrik Schmidt)<\/p>\n<p class=\"font-bold text-18 leading-17 user-text-lg:text-22 user-text-xl:text-24\">Tommaso Giacomel galt als Mitfavorit auf Gold beim Biathlon-Massenstart bei Olympia. Letztlich musste er den Wettbewerb wegen gesundheitlicher Probleme abbrechen.<\/p>\n<p class=\"text-18 leading-17 user-text-lg:text-22 user-text-xl:text-24\">Der italienische Biathlet Tommaso Giacomel hat den olympischen Massenstart der Herren im Biathlon wegen gesundheitlicher Probleme abbrechen m\u00fcssen. In der dritten Runde musste der 25-J\u00e4hrige in F\u00fchrung liegend abrei\u00dfen lassen und fiel im Anschluss zur\u00fcck.<\/p>\n<p class=\"text-18 leading-17 user-text-lg:text-22 user-text-xl:text-24\">Bei den TV-Kommentatoren von <a class=\"transition-colors duration-200 cursor-pointer text-inherit no-underline text-salemsfur md:hover:text-magenta md:hover:border-magenta md:focus:text-magenta border-current border-b border-solid break-words\" href=\"https:\/\/www.t-online.de\/themen\/eurosport\/\" data-sctrack=\"BodyAnchor\" rel=\"nofollow noopener\" target=\"_blank\">Eurosport<\/a> sorgte das f\u00fcr Verwirrung. Experte und Ex-Biathlet konnten Giacomel pl\u00f6tzlich nicht mehr an der Spitze sehen. &#8222;H\u00e4, Tommi ist weg?&#8220;, stellte R\u00f6sch h\u00f6rbar verwirrt fest. Dann wiederholte er zweimal die Frage: &#8222;Wo ist Giacomel?&#8220; Abschlie\u00dfend bat er leicht irritiert Kommentator Sigi Heinrich um Hilfe.<\/p>\n<p class=\"text-18 leading-17 user-text-lg:text-22 user-text-xl:text-24\">&#8222;Ja, du siehst mich mit einer gewissen Ratlosigkeit&#8220;, entgegnete Heinrich. Das Eurosport-Urgestein z\u00e4hlte im Anschluss die Konkurrenten um Johannes Dale-Skjevdal und Emilien Jacquelin auf, die zu dem Zeitpunkt die Gruppe anf\u00fchrten. Danach fingen die Kameras Giacomel endlich ein. Der Italiener war aber bereits weit zur\u00fcckgefallen, lief nur noch langsam.<\/p>\n<p class=\"text-18 leading-17 user-text-lg:text-22 user-text-xl:text-24\">&#8222;Da muss etwas passiert sein&#8220;, war sich Heinrich sofort sicher, und stellte fest, dass Giacomel nur noch &#8222;kriechen&#8220; w\u00fcrde. &#8222;Schau, der will die Nummer abmachen und zeigt aufs Herz&#8220;, deutete R\u00f6sch pl\u00f6tzlich die Gestik von Giacomel. Danach war sich Heinrich sicher, dass Giacomel das Rennen nicht beenden werde.<\/p>\n<p class=\"text-18 leading-17 user-text-lg:text-22 user-text-xl:text-24\">R\u00f6sch erz\u00e4hlte aus seiner Zeit als aktiver Biathlet, dass er eine \u00e4hnliche Situation gehabt habe: &#8222;Vielleicht hat er Fehlschl\u00e4ge im Herzen. Das hatte ich auch mal im Rennen. Da geht das Herz ganz schnell hoch auf 210, 220 Schl\u00e4ge.&#8220; Heinrichs lapidarer Kommentar lautete nur, dass er solch einen Herzschlag hatte, als er seine Freundin kennenlernte. Er stellte jedoch fest, dass es &#8222;gesundheitsgef\u00e4hrdend&#8220; sei, wenn Giacomel unter diesen Umst\u00e4nden weiter laufen w\u00fcrde.<\/p>\n<p class=\"text-18 leading-17 user-text-lg:text-22 user-text-xl:text-24\">Nachdem kurze Zeit die F\u00fchrungsgruppe zu sehen war, schnitt die Regie im Anschluss wieder auf Giacomel um. Der F\u00fchrende des Weltcups hatte aufgeh\u00f6rt und sich am Streckenrand hingesetzt. Heinrich erkannte, dass er \u00e4rztlich versorgt wurde: &#8222;Da stand, glaube ich, eine Horde franz\u00f6sischer \u00c4rzte um ihn. Da gibt es keine Probleme. Wer da ist, hilft. Das ist selbstverst\u00e4ndlich.&#8220;<\/p>\n","protected":false},"excerpt":{"rendered":"Wohl Schmerzen in der Herzgegend Mitfavorit bricht Olympia-Massenstart ab 20.02.2026 &#8211; 15:59 UhrLesedauer: 2 Min. Mitfavorit Tommaso Giacomel:&hellip;\n","protected":false},"author":2,"featured_media":812808,"comment_status":"","ping_status":"","sticky":false,"template":"","format":"standard","meta":{"footnotes":"","_share_on_mastodon":"0"},"categories":[136],"tags":[100802,862,29,51525,30,182679,182455,656,39240,265,182678],"class_list":["post-812807","post","type-post","status-publish","format-standard","has-post-thumbnail","category-sport","tag-100802","tag-biathlon","tag-deutschland","tag-eurosport","tag-germany","tag-herzgegend","tag-massenstart","tag-olympia","tag-schmerz","tag-sport","tag-tommaso-giacomel"],"share_on_mastodon":{"url":"https:\/\/pubeurope.com\/@de\/116104593896498414","error":""},"_links":{"self":[{"href":"https:\/\/www.europesays.com\/de\/wp-json\/wp\/v2\/posts\/812807","targetHints":{"allow":["GET"]}}],"collection":[{"href":"https:\/\/www.europesays.com\/de\/wp-json\/wp\/v2\/posts"}],"about":[{"href":"https:\/\/www.europesays.com\/de\/wp-json\/wp\/v2\/types\/post"}],"author":[{"embeddable":true,"href":"https:\/\/www.europesays.com\/de\/wp-json\/wp\/v2\/users\/2"}],"replies":[{"embeddable":true,"href":"https:\/\/www.europesays.com\/de\/wp-json\/wp\/v2\/comments?post=812807"}],"version-history":[{"count":0,"href":"https:\/\/www.europesays.com\/de\/wp-json\/wp\/v2\/posts\/812807\/revisions"}],"wp:featuredmedia":[{"embeddable":true,"href":"https:\/\/www.europesays.com\/de\/wp-json\/wp\/v2\/media\/812808"}],"wp:attachment":[{"href":"https:\/\/www.europesays.com\/de\/wp-json\/wp\/v2\/media?parent=812807"}],"wp:term":[{"taxonomy":"category","embeddable":true,"href":"https:\/\/www.europesays.com\/de\/wp-json\/wp\/v2\/categories?post=812807"},{"taxonomy":"post_tag","embeddable":true,"href":"https:\/\/www.europesays.com\/de\/wp-json\/wp\/v2\/tags?post=812807"}],"curies":[{"name":"wp","href":"https:\/\/api.w.org\/{rel}","templated":true}]}}