{"id":813182,"date":"2026-02-20T22:50:14","date_gmt":"2026-02-20T22:50:14","guid":{"rendered":"https:\/\/www.europesays.com\/de\/813182\/"},"modified":"2026-02-20T22:50:14","modified_gmt":"2026-02-20T22:50:14","slug":"farid-dibamba-wechselt-vom-eimsbuetteler-tv-zum-1-fc-nuernberg","status":"publish","type":"post","link":"https:\/\/www.europesays.com\/de\/813182\/","title":{"rendered":"Farid Dibamba wechselt vom Eimsb\u00fctteler TV zum 1. FC N\u00fcrnberg"},"content":{"rendered":"<p>Sie m\u00f6chten weiterlesen?<\/p>\n<p>W\u00e4hlen Sie eine Option:<\/p>\n<p>Sie sind bereits Digitalabonnent?<\/p>\n<p>    <a href=\"https:\/\/login.shz.de?reason=Paywall&amp;ref=https%3A%2F%2Fwww.shz.de%2Fsport%2Fhamburg%2Fartikel%2Ffarid-dibamba-wechselt-vom-eimsbuetteler-tv-zum-1-fc-nuernberg-49926316\" class=\"typeface-font m-b-2 button--rounded button--secondary button--secondary__light text-color__pacific-blue-40 paywall--classic--button-log-in paywall--classic--m-b-breakpoint\" title=\"anmelden\" rel=\"nofollow noopener\" target=\"_blank\">Anmelden<\/a><\/p>\n<p>\n                            <b>Monatsabo<\/b>\n                        <\/p>\n<p>    Plus Logo Round<br \/>\n    Plus Logo Round<\/p>\n<ul class=\"size--m-6 paywall-journey__p-l-30 p-r-1\">\n<li class=\"text--l paywall-journey__list-item p-b-05\">Alle Artikel &amp; Inhalte auf SHZ.de<\/li>\n<li class=\"text--l paywall-journey__list-item p-b-05\">News-App inkl. Push-Funktion<\/li>\n<li class=\"text--l paywall-journey__list-item p-b-05\"><b>99 Cent im ersten Monat, alle Vorteile nutzen<\/b><\/li>\n<\/ul>\n<p>                        <a href=\"https:\/\/mein.shz.de\/angebote\/shzplus-probemonat99\/?kan=FRE&amp;dstp=reg-wall&amp;origin=https%3A%2F%2Fwww.shz.de%2Fsport%2Fhamburg%2Fartikel%2Ffarid-dibamba-wechselt-vom-eimsbuetteler-tv-zum-1-fc-nuernberg-49926316%3Fcuid%3D9.20.20001648\" class=\"link button button--rounded bg-color__pacific-blue-100 paywall-journey__button-standard-width paywall-journey__button-standard-padding m-b-15 paywall-button-month-for-free\" title=\"Probemonat f\u00fcr 99 Cent\" target=\"_self\" rel=\"nofollow noopener\">Probemonat f\u00fcr 99 Cent<\/a>                                                                                <a href=\"https:\/\/mein.shz.de\/angebote\/shzplus-probemonat99\/paypalexpress\/?kan=FRE&amp;kan2=ppexpress&amp;origin=https%3A%2F%2Fwww.shz.de%2Fsport%2Fhamburg%2Fartikel%2Ffarid-dibamba-wechselt-vom-eimsbuetteler-tv-zum-1-fc-nuernberg-49926316%3Fcuid%3D9.20.20001648\" class=\"link paywall-button-paypal\" title=\"\" target=\"_self\" rel=\"nofollow noopener\"><img decoding=\"async\" alt=\"\" title=\"\" width=\"\" height=\"\" src=\"https:\/\/www.europesays.com\/de\/wp-content\/uploads\/2025\/04\/1743611531_911_paypal_button.png\" class=\"paywall-journey__button-standard-width m-b-15\" loading=\"lazy\"\/><\/a>                                                <\/p>\n<p><b>Monatlich k\u00fcndbar<\/b><\/p>\n<p>\n                            <b>Jahresabo (25 % sparen!)<\/b>\n                        <\/p>\n<p>    Plus Logo Round<br \/>\n    Plus Logo Round<\/p>\n<ul class=\"size--m-6 paywall-journey__p-l-30 p-r-1 m-b-25\">\n<li class=\"text--l paywall-journey__list-item p-b-05\">Alle Artikel &amp; Inhalte auf SHZ.de<\/li>\n<li class=\"text--l paywall-journey__list-item p-b-05\">News-App inkl. Push-Funktion<\/li>\n<li class=\"text--l paywall-journey__list-item p-b-05\">3,75 \u20ac <b>2,75 \u20ac pro Woche<\/b><\/li>\n<\/ul>\n<p>                        <a href=\"https:\/\/mein.shz.de\/angebote\/1jahr?kan=FRE&amp;dstp=paywall-new&amp;origin=https%3A%2F%2Fwww.shz.de%2Fsport%2Fhamburg%2Fartikel%2Ffarid-dibamba-wechselt-vom-eimsbuetteler-tv-zum-1-fc-nuernberg-49926316%3Fcuid%3D9.20.20001648\" class=\"link button button--rounded bg-color__pacific-blue-100 paywall-journey__button-standard-width paywall-journey__button-standard-padding m-b-15 paywall-button-month-for-free\" title=\"Jetzt Angebot sichern\" target=\"_self\" rel=\"nofollow noopener\">Jetzt Angebot sichern<\/a>                                                                                <a href=\"https:\/\/mein.shz.de\/angebote\/1jahr\/paypalexpress\/?kan=FRE&amp;dstp=paywall-new&amp;origin=https%3A%2F%2Fwww.shz.de%2Fsport%2Fhamburg%2Fartikel%2Ffarid-dibamba-wechselt-vom-eimsbuetteler-tv-zum-1-fc-nuernberg-49926316%3Fcuid%3D9.20.20001648\" class=\"link paywall-button-paypal\" title=\"\" target=\"_self\" rel=\"nofollow noopener\"><img decoding=\"async\" alt=\"\" title=\"\" width=\"\" height=\"\" src=\"https:\/\/www.europesays.com\/de\/wp-content\/uploads\/2025\/04\/1743611531_911_paypal_button.png\" class=\"paywall-journey__button-standard-width m-b-15\" loading=\"lazy\"\/><\/a>                                                <\/p>\n<p><b>12 Monate zum Vorteilspreis<\/b><\/p>\n","protected":false},"excerpt":{"rendered":"Sie m\u00f6chten weiterlesen? W\u00e4hlen Sie eine Option: Sie sind bereits Digitalabonnent? Anmelden Monatsabo Plus Logo Round Plus Logo&hellip;\n","protected":false},"author":2,"featured_media":813183,"comment_status":"","ping_status":"","sticky":false,"template":"","format":"standard","meta":{"footnotes":"","_share_on_mastodon":"0"},"categories":[1837],"tags":[79779,182738,783,182742,772,2420,182740,3364,29,165896,182737,182736,145390,182748,182749,182734,459,347,109404,168239,168241,182739,30,692,29738,56458,182751,878,182747,182745,3783,12006,155436,168242,182753,2087,12946,3459,22673,182746,182750,5843,182743,182741,182752,25858,182744,182735,21900,537],"class_list":["post-813182","post","type-post","status-publish","format-standard","has-post-thumbnail","category-nuernberg","tag-1-fc-nuernberg-ii","tag-1-fc-nuernberg-u23","tag-1-fc-nuernberg","tag-andreas-wolf","tag-bayern","tag-bremen","tag-can-schultz","tag-de","tag-deutschland","tag-eimsbuetteler-tv","tag-eimsbuetteler-tv-hamburg","tag-etv","tag-etv-hamburg","tag-etv-sportzentrum","tag-etv-sportzentrum-hoheluft","tag-farid-dibamba","tag-fc-st-pauli","tag-fussball","tag-fussball-oberliga","tag-fussball-oberliga-hamburg","tag-fussball-oberliga-hh","tag-fussball-regionalliga-bayern","tag-germany","tag-hamburg","tag-hamburger-sportverein-hsv","tag-hoheluft","tag-hoheluftchaussee","tag-jahn-regensburg","tag-loki","tag-lokstedter-steindamm","tag-nuernberg","tag-oberliga","tag-oberliga-hamburg","tag-oberliga-hh","tag-oliveira","tag-pinneberg","tag-regensburg","tag-regionalliga","tag-regionalliga-bayern","tag-sportplatz-lokstedter-steindamm","tag-sportzentrum-hoheluft","tag-trainer","tag-trainer-andreas-wolf","tag-trainer-can-schultz","tag-valznerweiher","tag-vereinswechsel","tag-verteidiger-andreas-wolf","tag-verteidiger-farid-dibamba","tag-werder","tag-werder-bremen"],"share_on_mastodon":{"url":"","error":"Validation failed: Text character limit of 500 exceeded"},"_links":{"self":[{"href":"https:\/\/www.europesays.com\/de\/wp-json\/wp\/v2\/posts\/813182","targetHints":{"allow":["GET"]}}],"collection":[{"href":"https:\/\/www.europesays.com\/de\/wp-json\/wp\/v2\/posts"}],"about":[{"href":"https:\/\/www.europesays.com\/de\/wp-json\/wp\/v2\/types\/post"}],"author":[{"embeddable":true,"href":"https:\/\/www.europesays.com\/de\/wp-json\/wp\/v2\/users\/2"}],"replies":[{"embeddable":true,"href":"https:\/\/www.europesays.com\/de\/wp-json\/wp\/v2\/comments?post=813182"}],"version-history":[{"count":0,"href":"https:\/\/www.europesays.com\/de\/wp-json\/wp\/v2\/posts\/813182\/revisions"}],"wp:featuredmedia":[{"embeddable":true,"href":"https:\/\/www.europesays.com\/de\/wp-json\/wp\/v2\/media\/813183"}],"wp:attachment":[{"href":"https:\/\/www.europesays.com\/de\/wp-json\/wp\/v2\/media?parent=813182"}],"wp:term":[{"taxonomy":"category","embeddable":true,"href":"https:\/\/www.europesays.com\/de\/wp-json\/wp\/v2\/categories?post=813182"},{"taxonomy":"post_tag","embeddable":true,"href":"https:\/\/www.europesays.com\/de\/wp-json\/wp\/v2\/tags?post=813182"}],"curies":[{"name":"wp","href":"https:\/\/api.w.org\/{rel}","templated":true}]}}