{"id":813394,"date":"2026-02-21T00:55:14","date_gmt":"2026-02-21T00:55:14","guid":{"rendered":"https:\/\/www.europesays.com\/de\/813394\/"},"modified":"2026-02-21T00:55:14","modified_gmt":"2026-02-21T00:55:14","slug":"greys-anatomy-star-eric-dane-53-ist-tot","status":"publish","type":"post","link":"https:\/\/www.europesays.com\/de\/813394\/","title":{"rendered":"\u201eGrey&#8217;s Anatomy\u201c-Star Eric Dane (53) ist tot"},"content":{"rendered":"<p>Als Dr. Sloan wurde Eric Dane in der Erfolgsserie \u201eGrey&#8217;s Anatomy\u201c weltber\u00fchmt \u2013 nun ist der US-Schauspieler mit 53 Jahren gestorben. 2025 hatte er seine ALS-Erkrankung \u00f6ffentlich gemacht.<\/p>\n<p class=\"is-first-paragraph\" data-external=\"Article.FirstParagraph\">In der Krankenhaus-Serie \u201eGrey&#8217;s Anatomy\u201c hatte er den Spitznamen \u201eMcSteamy\u201c weg. Sechs Jahre lang verk\u00f6rperte der US-Schauspieler Eric Dane den Chirurgen und Frauenschwarm Dr. Mark Sloan, an der Seite von Patrick Dempsey, der den Arzt Derek \u201eMcDreamy\u201c Shepherd spielte. Die beliebte \u00c4rzte-Serie machte Dane zum Star. Doch die Karriere des Schauspielers nahm krankheitsbedingt ein pl\u00f6tzliches Ende. \u201eBei mir wurde ALS diagnostiziert\u201c, <a class=\"is-link c-block-items__link c-link--rich-text-renderer\" href=\"https:\/\/www.welt.de\/vermischtes\/article256264488\/Eric-Dane-Ich-habe-mir-damals-nichts-dabei-gedacht-Erste-Symptome-seiner-ALS-Erkrankung.html\" data-internal-tracking-enabled=\"true\" data-internal-tracking=\"{&quot;action&quot;:&quot;click&quot;,&quot;label&quot;:&quot;link&quot;,&quot;name&quot;:&quot;Inline Element&quot;,&quot;data&quot;:{&quot;source&quot;:&quot;&quot;,&quot;target&quot;:&quot;https:\/\/www.welt.de\/vermischtes\/article256264488\/Eric-Dane-Ich-habe-mir-damals-nichts-dabei-gedacht-Erste-Symptome-seiner-ALS-Erkrankung.html&quot;,&quot;trackingName&quot;:&quot;&quot;,&quot;trackingLabel&quot;:&quot;&quot;}}\" rel=\"nofollow noopener\" target=\"_blank\">gab Dane im April 2025 bekannt<\/a>. Nun ist der Schauspieler gestorben.<\/p>\n<p>Dane wurde 53 Jahre alt. \u201eEr verbrachte seine letzten Tage im Kreise enger Freunde, seiner geliebten Ehefrau und seiner beiden wundervollen T\u00f6chter Billie und Georgia, die sein Ein und Alles waren\u201c, zitierte die \u201eNew York Times\u201c eine Mitteilung von einer Sprecherin Danes, Melissa Bank. Auch die \u201eWashington Post\u201c zitierte aus der Erkl\u00e4rung und schrieb, Vertreter Danes h\u00e4tten seine Erkrankung als Todesursache genannt.<\/p>\n<p>Die Krankheit Amyotrophe Lateralsklerose (ALS) betrifft das zentrale und periphere Nervensystem. Dabei werden Nerven zerst\u00f6rt, es kommt zu Schluck-, Atmungs- und Sprechst\u00f6rungen, Muskelschwund und L\u00e4hmungen, die schlie\u00dflich zum Tod f\u00fchren.<\/p>\n<p>Vor \u201eGrey&#8217;s Anatomy\u201c trat der geb\u00fcrtige Kalifornier ab den 1990er-Jahren in Serien wie \u201eCalifornia High School\u201c, \u201eEine schrecklich nette Familie\u201c oder \u201eCharmed \u2013 Zauberhafte Hexen\u201c auf. Nach sechs Jahren als \u201eMcSteamy\u201c legte er 2012 den \u00c4rztekittel ab und \u00fcbernahm in der Endzeit-Serie \u201eThe Last Ship\u201c die Hauptrolle eines Navy-Captains. Ab 2019 stand er f\u00fcr die HBO-Produktion \u201eEuphoria\u201c vor der Kamera. <\/p>\n<p>Dane wirkte auch in mehreren Spielfilmen mit, darunter \u201eX-Men: Der letzte Widerstand\u201c, \u201eMarley &amp; Ich\u201c, \u201eValentinstag\u201c oder<br \/>\n\u201eBad Boys: Ride or Die\u201c.<\/p>\n<p>Dane machte Diagnose im April \u00f6ffentlich<\/p>\n<p>Als Dane im Fr\u00fchjahr 2025 die ALS-Diagnose bekannt gab, sagte er dem US-Magazin \u201ePeople\u201c: \u201eIch bin dankbar, dass meine liebevolle Familie an meiner Seite ist, wenn wir dieses n\u00e4chste Kapitel meistern.\u201c 2004 hatte er die Schauspielerin Rebecca Gayheart geheiratet, die gemeinsamen T\u00f6chter wurden 2010 und 2011 geboren. Nach 14 Jahren Ehe reichte Gayheart die Scheidung ein, zog den Antrag aber sp\u00e4ter wieder zur\u00fcck.<\/p>\n<p>Sie seien kein Paar mehr, aber sie w\u00fcrden als Familie zusammenhalten und gemeinsam gegen die Krankheit k\u00e4mpfen, schrieb Gayheart im Dezember 2025 in einem Beitrag in der New Yorker Zeitschrift \u201eThe Cut\u201c. Darin berichtete sie auch, dass Dane inzwischen rund um die Uhr betreut werden m\u00fcsse.<\/p>\n<p>Im Juni zuvor sprach Dane in einem Interview in der ABC-Sendung \u201eGood Morning America\u201c \u00fcber die zunehmenden Beschwerden. Er k\u00f6nne seinen rechten Arm schon nicht mehr bewegen, aber er wolle nicht aufgeben, sagte der Schauspieler. \u201eIch glaube nicht, dass dies das Ende meiner Geschichte ist.\u201c<\/p>\n<p>Schauspieler setzt sich f\u00fcr ALS-Hilfe ein<\/p>\n<p>Wenige Monate sp\u00e4ter machte sich Dane in Washington f\u00fcr die Verl\u00e4ngerung eines Gesetzes stark, das Gelder f\u00fcr Forschung und Menschen mit ALS einen besseren Zugang zu Pflege und Behandlung erm\u00f6glicht. Im Oktober trat Dane noch einmal vor die Fernsehkamera f\u00fcr eine Gastrolle in der Drama-Serie \u201eBrilliant Minds\u201c. Er spielte einen an ALS erkrankten Feuerwehrmann, der seine Diagnose vor seiner Familie geheim h\u00e4lt.<\/p>\n<p>Im Dezember k\u00fcndigte er an, seine Memoiren mit dem Titel \u201eBook of Days: A Memoir in Moments\u201c schreiben zu wollen. \u201eJeden Morgen beim Aufwachen ist mir sofort klar, dass dies die Realit\u00e4t ist \u2013 diese Krankheit, diese Herausforderung \u2013 und genau deswegen schreibe ich dieses Buch\u201c, sagte Dane in einer Mitteilung. Er wolle die Leser daran erinnern, jeden Moment aus vollem Herzen zu leben. Zu diesem Zeitpunkt war Dane bereits auf einen Rollstuhl angewiesen.<\/p>\n<p>dpa\/jho<\/p>\n","protected":false},"excerpt":{"rendered":"Als Dr. Sloan wurde Eric Dane in der Erfolgsserie \u201eGrey&#8217;s Anatomy\u201c weltber\u00fchmt \u2013 nun ist der US-Schauspieler mit&hellip;\n","protected":false},"author":2,"featured_media":813395,"comment_status":"","ping_status":"","sticky":false,"template":"","format":"standard","meta":{"footnotes":"","_share_on_mastodon":"0"},"categories":[155],"tags":[118899,29,214,41552,30,683,110,471,215],"class_list":["post-813394","post","type-post","status-publish","format-standard","has-post-thumbnail","category-unterhaltung","tag-dane","tag-deutschland","tag-entertainment","tag-eric","tag-germany","tag-hollywood","tag-newsteam","tag-serien","tag-unterhaltung"],"share_on_mastodon":{"url":"https:\/\/pubeurope.com\/@de\/116105899369965354","error":""},"_links":{"self":[{"href":"https:\/\/www.europesays.com\/de\/wp-json\/wp\/v2\/posts\/813394","targetHints":{"allow":["GET"]}}],"collection":[{"href":"https:\/\/www.europesays.com\/de\/wp-json\/wp\/v2\/posts"}],"about":[{"href":"https:\/\/www.europesays.com\/de\/wp-json\/wp\/v2\/types\/post"}],"author":[{"embeddable":true,"href":"https:\/\/www.europesays.com\/de\/wp-json\/wp\/v2\/users\/2"}],"replies":[{"embeddable":true,"href":"https:\/\/www.europesays.com\/de\/wp-json\/wp\/v2\/comments?post=813394"}],"version-history":[{"count":0,"href":"https:\/\/www.europesays.com\/de\/wp-json\/wp\/v2\/posts\/813394\/revisions"}],"wp:featuredmedia":[{"embeddable":true,"href":"https:\/\/www.europesays.com\/de\/wp-json\/wp\/v2\/media\/813395"}],"wp:attachment":[{"href":"https:\/\/www.europesays.com\/de\/wp-json\/wp\/v2\/media?parent=813394"}],"wp:term":[{"taxonomy":"category","embeddable":true,"href":"https:\/\/www.europesays.com\/de\/wp-json\/wp\/v2\/categories?post=813394"},{"taxonomy":"post_tag","embeddable":true,"href":"https:\/\/www.europesays.com\/de\/wp-json\/wp\/v2\/tags?post=813394"}],"curies":[{"name":"wp","href":"https:\/\/api.w.org\/{rel}","templated":true}]}}