{"id":813714,"date":"2026-02-21T03:59:32","date_gmt":"2026-02-21T03:59:32","guid":{"rendered":"https:\/\/www.europesays.com\/de\/813714\/"},"modified":"2026-02-21T03:59:32","modified_gmt":"2026-02-21T03:59:32","slug":"cybercrime-zentrum-karlsruhe-klagt-mann-nach-us-hinweis-an","status":"publish","type":"post","link":"https:\/\/www.europesays.com\/de\/813714\/","title":{"rendered":"Cybercrime-Zentrum Karlsruhe klagt Mann nach US-Hinweis an"},"content":{"rendered":"<p class=\"mb-6 text-xs md:text-m lg:text-l font-serif group-[.font-sans]:font-sans \">\n    Das <a href=\"https:\/\/www.ka-news.de\/karlsruhe\/blaulicht\/karlsruher-behoerde-greift-durch-online-community-zwingt-jugendliche-zu-selbstverletzung-und-erpressung-112720874\" target=\"_self\" class=\"underline \" rel=\"nofollow noopener\">Cybercrime-Zentrum Baden-W\u00fcrttemberg<\/a> bei der Generalstaatsanwaltschaft <a href=\"https:\/\/www.ka-news.de\/promis\/karlsruhe-kulturlandschaft-technologieregion-und-residenz-des-rechts-die-faecherstadt-im-ueberblick-art-2783253\" target=\"_self\" class=\"underline \" rel=\"nofollow noopener\">Karlsruhe<\/a> hat vor dem Landgericht Konstanz Anklage gegen einen Mann aus dem Landgerichtsbezirk Konstanz erhoben, wie die Generalstaatsanwaltschaft Karlsruhe am 20. Februar mitteilt.\n  <\/p>\n<p class=\"mb-6 text-xs md:text-m lg:text-l font-serif group-[.font-sans]:font-sans \">\n    Dem Angeschuldigten werden unter anderem<strong class=\"font-bold\"> schwerer sexueller Missbrauch von Kindern, sexueller Missbrauch von Kindern sowie die Herstellung kinderpornografischer Inhalte zur Last gelegt.<\/strong>\n  <\/p>\n<p>            \u00dcber Jahre Missbrauchshandlung in seiner Wohnung<\/p>\n<p class=\"mb-6 text-xs md:text-m lg:text-l font-serif group-[.font-sans]:font-sans \">\n    Nach den Ermittlungen soll der Mann<strong class=\"font-bold\"> zwischen Sommer 2022 und Mai 2025 in insgesamt 69 F\u00e4llen<\/strong> \u2013 \u00fcberwiegend in seiner Wohnung \u2013<strong class=\"font-bold\"> sexuelle Handlungen an mindestens einem von vier ihm bekannten Kindern im Alter zwischen drei und 13 Jahren <\/strong>vorgenommen oder die Kinder zu sexuellen Handlungen veranlasst haben.\n  <\/p>\n<p>    <img decoding=\"async\" src=\"https:\/\/images.mgpd.de\/img\/109586883\/crop\/c16_9-w100\/1793399111\/203415668\/gewalt-gegen-kinder.jpg\" alt=\"(Symbolbild)\" title=\"(Symbolbild)\" loading=\"lazy\" class=\"h-full w-full object-cover\"\/><\/p>\n<p>      Icon vergr\u00f6\u00dfern<\/p>\n<p>    (Symbolbild)<br \/>\n    Foto: Maurizio Gambarini\/dpa<\/p>\n<p>        Schlie\u00dfen <\/p>\n<p>      Icon Schlie\u00dfen<\/p>\n<p>        Icon vergr\u00f6\u00dfern<\/p>\n<p>        Icon verkleinern<\/p>\n<p>      Icon Pfeil bewegen<\/p>\n<p>    (Symbolbild)<br \/>\n    Foto: Maurizio Gambarini\/dpa<\/p>\n<p class=\"mb-6 text-xs md:text-m lg:text-l font-serif group-[.font-sans]:font-sans \">\n    In neun F\u00e4llen soll er zudem Aufnahmen von den Missbrauchshandlungen angefertigt und in drei weiteren F\u00e4llen versucht haben, eines der Kinder sexuell zu missbrauchen.\n  <\/p>\n<p>            Hinweise kamen aus Vereinigten Staaten<\/p>\n<p class=\"mb-6 text-xs md:text-m lg:text-l font-serif group-[.font-sans]:font-sans \">\n    Das Strafverfahren beruht auf Hinweisen des National Center for Missing and Exploited Children aus den Vereinigten Staaten von Amerika, die im M\u00e4rz 2025 eingegangen waren. Daraufhin wurde ein Durchsuchungsbeschluss erwirkt. Die Auswertung der beschlagnahmten elektronischen Ger\u00e4te und die Zeugenvernehmungen f\u00fchrten zur Festnahme des Mannes am 28. Mai 2025 und zum Abbruch des Kontakts zu den betroffenen Kindern.\n  <\/p>\n<p>    <img decoding=\"async\" src=\"https:\/\/images.mgpd.de\/img\/110424369\/crop\/c16_9-w100\/1664611142\/1096460768\/festnahme.jpg\" alt=\"(Symbolbild)\" title=\"(Symbolbild)\" loading=\"lazy\" class=\"h-full w-full object-cover\"\/><\/p>\n<p>      Icon vergr\u00f6\u00dfern<\/p>\n<p>    (Symbolbild)<br \/>\n    Foto: Soeren Stache\/dpa<\/p>\n<p>        Schlie\u00dfen <\/p>\n<p>      Icon Schlie\u00dfen<\/p>\n<p>        Icon vergr\u00f6\u00dfern<\/p>\n<p>        Icon verkleinern<\/p>\n<p>      Icon Pfeil bewegen<\/p>\n<p>    (Symbolbild)<br \/>\n    Foto: Soeren Stache\/dpa<\/p>\n<p class=\"mb-6 text-xs md:text-m lg:text-l font-serif group-[.font-sans]:font-sans \">\n    Der Angeschuldigte befindet sich seitdem in Untersuchungshaft. Das Landgericht Konstanz muss nun \u00fcber die Zulassung der Anklageschrift entscheiden. \u00dcber den Inhalt der Pressemitteilung hinausgehende Ausk\u00fcnfte k\u00f6nnen derzeit zum Schutz der Pers\u00f6nlichkeitsrechte der Betroffenen sowie mit R\u00fccksicht auf die Anh\u00e4ngigkeit des Verfahrens nicht erteilt werden.\n  <\/p>\n<ul data-module-id=\"DragDropModule\" class=\"flex flex-wrap justify-start group-[.no-bookmarks]:hidden\">\n<li class=\"mb-3 mr-3\">\n    Pressemitteilung<\/p>\n<p>      Icon Haken im Kreis gesetzt<\/p>\n<p>      Icon Plus im Kreis<\/p>\n<\/li>\n<li class=\"mb-3 mr-3\">\n    Karlsruhe<\/p>\n<p>      Icon Haken im Kreis gesetzt<\/p>\n<p>      Icon Plus im Kreis<\/p>\n<\/li>\n<li class=\"mb-3 mr-3\">\n    Anklage<\/p>\n<p>      Icon Haken im Kreis gesetzt<\/p>\n<p>      Icon Plus im Kreis<\/p>\n<\/li>\n<\/ul>\n","protected":false},"excerpt":{"rendered":"Das Cybercrime-Zentrum Baden-W\u00fcrttemberg bei der Generalstaatsanwaltschaft Karlsruhe hat vor dem Landgericht Konstanz Anklage gegen einen Mann aus dem&hellip;\n","protected":false},"author":2,"featured_media":802660,"comment_status":"","ping_status":"","sticky":false,"template":"","format":"standard","meta":{"footnotes":"","_share_on_mastodon":"0"},"categories":[1844],"tags":[1999,1634,3364,29,980,25127,30,2213,8903,182838,64],"class_list":["post-813714","post","type-post","status-publish","format-standard","has-post-thumbnail","category-karlsruhe","tag-anklage","tag-baden-wuerttemberg","tag-de","tag-deutschland","tag-festnahme","tag-generalstaatsanwaltschaft","tag-germany","tag-hausdurchsuchung","tag-karlsruhe","tag-landgerichtsbezirk-konstanz","tag-usa"],"share_on_mastodon":{"url":"https:\/\/pubeurope.com\/@de\/116106622888038633","error":""},"_links":{"self":[{"href":"https:\/\/www.europesays.com\/de\/wp-json\/wp\/v2\/posts\/813714","targetHints":{"allow":["GET"]}}],"collection":[{"href":"https:\/\/www.europesays.com\/de\/wp-json\/wp\/v2\/posts"}],"about":[{"href":"https:\/\/www.europesays.com\/de\/wp-json\/wp\/v2\/types\/post"}],"author":[{"embeddable":true,"href":"https:\/\/www.europesays.com\/de\/wp-json\/wp\/v2\/users\/2"}],"replies":[{"embeddable":true,"href":"https:\/\/www.europesays.com\/de\/wp-json\/wp\/v2\/comments?post=813714"}],"version-history":[{"count":0,"href":"https:\/\/www.europesays.com\/de\/wp-json\/wp\/v2\/posts\/813714\/revisions"}],"wp:featuredmedia":[{"embeddable":true,"href":"https:\/\/www.europesays.com\/de\/wp-json\/wp\/v2\/media\/802660"}],"wp:attachment":[{"href":"https:\/\/www.europesays.com\/de\/wp-json\/wp\/v2\/media?parent=813714"}],"wp:term":[{"taxonomy":"category","embeddable":true,"href":"https:\/\/www.europesays.com\/de\/wp-json\/wp\/v2\/categories?post=813714"},{"taxonomy":"post_tag","embeddable":true,"href":"https:\/\/www.europesays.com\/de\/wp-json\/wp\/v2\/tags?post=813714"}],"curies":[{"name":"wp","href":"https:\/\/api.w.org\/{rel}","templated":true}]}}