{"id":813987,"date":"2026-02-21T06:42:19","date_gmt":"2026-02-21T06:42:19","guid":{"rendered":"https:\/\/www.europesays.com\/de\/813987\/"},"modified":"2026-02-21T06:42:19","modified_gmt":"2026-02-21T06:42:19","slug":"keiner-sitzt-mehr-allein-alles-muenster","status":"publish","type":"post","link":"https:\/\/www.europesays.com\/de\/813987\/","title":{"rendered":"\u201eKeiner sitzt mehr allein\u201c | ALLES M\u00dcNSTER"},"content":{"rendered":"<p>\t\t<a href=\"https:\/\/www.allesmuenster.de\/cms\/wp-content\/uploads\/Leezen-Heroes_Buehrke-3.jpg\" rel=\"nofollow noopener\" target=\"_blank\"><img loading=\"lazy\" decoding=\"async\" class=\"size-medium wp-image-130170\" src=\"data:image\/svg+xml,%3Csvg%20xmlns=\" http:=\"\" alt=\"Gute Kombination: Umweltfreundlich fahren und aktuell informieren. (Foto: B\u00fchrke)\" width=\"300\" height=\"200\" data-lazy- data-lazy- data-lazy-src=\"https:\/\/www.europesays.com\/de\/wp-content\/uploads\/2026\/02\/Leezen-Heroes_Buehrke-3-300x200.jpg\"\/><\/a>Gute Kombination: Umweltfreundlich fahren und aktuell informieren. (Foto: B\u00fchrke)<\/p>\n<p><strong>Vier Personen, ein Fahrzeug, alle mit Blick nach vorn: Der Anbieter f\u00fcr individuelle Stadtrundfahrten <a href=\"https:\/\/leezenheroes.de\/\" target=\"_blank\" rel=\"noopener nofollow\">\u201eLeezen Heroes\u201c<\/a> baut sein Angebot aus und setzt k\u00fcnftig verst\u00e4rkt auf neue XL-Modelle. Das Besondere: In den Rikschas sitzen alle Fahrg\u00e4ste in Fahrtrichtung \u2013 ein Detail, das f\u00fcr Komfort und Gemeinschaftserlebnis sorgen soll. \u201eKeiner sitzt mehr allein\u201c, sagt Gesch\u00e4ftsf\u00fchrer Florian Vo\u00df. Bislang mussten gr\u00f6\u00dfere Gruppen h\u00e4ufig auf zwei Fahrzeuge verteilt werden. \u201eF\u00fcr Familien, Dreiergruppen oder Doppel-Dates war das immer ein kleiner Bruch im Erlebnis.\u201c Die neuen Vierer-Rikschas b\u00f6ten nun Platz f\u00fcr vier Personen, seien aber auch f\u00fcr ungerade Gruppengr\u00f6\u00dfen wie drei, f\u00fcnf, sieben oder neun Personen besonders komfortabel geeignet. Entscheidend sei das gemeinsame Unterwegssein: \u201eMan gleitet zusammen durch die Stadt, spricht miteinander, erlebt dasselbe \u2013 das macht einen Unterschied.\u201c<\/strong><\/p>\n<p>Vom Kurztransfer bis zur Acht-Stunden-Tour<br \/>\n<a href=\"https:\/\/www.allesmuenster.de\/cms\/wp-content\/uploads\/Leezen-Heroes_Buehrke-2.jpg\" rel=\"nofollow noopener\" target=\"_blank\"><img loading=\"lazy\" decoding=\"async\" class=\"size-medium wp-image-130169\" src=\"data:image\/svg+xml,%3Csvg%20xmlns=\" http:=\"\" alt=\"Florian Vo\u00df ist Chef der &quot;Leezen Heroes&quot;. (Foto: B\u00fchrke)\" width=\"300\" height=\"200\" data-lazy- data-lazy- data-lazy-src=\"https:\/\/www.europesays.com\/de\/wp-content\/uploads\/2026\/02\/Leezen-Heroes_Buehrke-2-300x200.jpg\"\/><\/a>Florian Vo\u00df ist Chef der \u201eLeezen Heroes\u201c. (Foto: B\u00fchrke)<\/p>\n<p>Die Leezen Heroes sind vor allem dort unterwegs, wo in M\u00fcnster viel Betrieb herrscht: rund um das Universit\u00e4tsklinikum, in der Innenstadt, am Aasee, auf der Promenade, am Prinzipalmarkt oder im Hafenviertel. Auch bei Messen, Firmenfeiern und Kongressen geh\u00f6ren die Rikschas inzwischen zum Stadtbild. Das Einsatzspektrum reicht von kurzen Transferfahrten bis zu thematisch gef\u00fchrten <a href=\"https:\/\/leezenheroes.de\/rikscha-touren\/\" target=\"_blank\" rel=\"noopener nofollow\">Touren<\/a>. Besonders gefragt seien individuell konzipierte Stadtf\u00fchrungen \u2013 etwa mehrst\u00fcndige Rundfahrten zu den Skulpturen im Stadtraum. \u201eWir bieten Touren von wenigen Minuten bis zu acht Stunden an\u201c, erl\u00e4utert Vo\u00df. \u201eDamit haben wir das Thema Stadtf\u00fchrung in M\u00fcnster auf ein neues Level gehoben.\u201c Besonders bei ungeraden Gruppenst\u00e4rken spielt die XL-Flotte ihre St\u00e4rke aus: Statt die Gruppe zu trennen, fahren alle gemeinsam. Und da die Leezen Heroes bei Rundfahrten pro Person und nicht pro Fahrzeug abrechnen, zahlen drei G\u00e4ste in der Viererkabine auch nur f\u00fcr drei \u2013 genie\u00dfen dabei aber das gro\u00dfz\u00fcgige Platzangebot, weil ein Sitz frei bleibt.<\/p>\n<p><a href=\"https:\/\/www.europesays.com\/de\/wp-content\/uploads\/2026\/02\/rikscha-muenster-stadtrundfahrt-senioren-gruppe.jpg\"><img loading=\"lazy\" decoding=\"async\" class=\"size-full wp-image-130171\" src=\"data:image\/svg+xml,%3Csvg%20xmlns=\" http:=\"\" alt=\"Stadtrundfahrt in der viersitzigen Rikscha. Der Vorteil: Alle sehen in Fahrtrichtung, der Fahrer strampelt hinter den Fahrg\u00e4sten. (Foto: Leezen Heroes)\" width=\"1200\" height=\"800\" data-lazy- data-lazy- data-lazy-src=\"https:\/\/www.europesays.com\/de\/wp-content\/uploads\/2026\/02\/rikscha-muenster-stadtrundfahrt-senioren-gruppe.jpg\"\/><\/a>Stadtrundfahrt in der viersitzigen Rikscha. Der Vorteil: Alle sehen in Fahrtrichtung, der Fahrer strampelt hinter den Fahrg\u00e4sten. (Foto: Leezen Heroes)<br \/>\nInklusive Mobilit\u00e4t als Leitmotiv<\/p>\n<p>Ein zentrales Anliegen des Unternehmens ist die inklusive Mobilit\u00e4t. Menschen, die nicht (mehr) selbst Fahrrad fahren k\u00f6nnen oder l\u00e4ngere Strecken zu Fu\u00df scheuen, erhalten so Zugang zu urbaner Bewegung und Stadterlebnis. Gerade rund um das Universit\u00e4tsklinikum werde dieses Angebot intensiv genutzt. Die Fahrerinnen und Fahrer stammen aus einem gro\u00dfen Pool und werden regelm\u00e4\u00dfig geschult. Neben Ortskenntnis und Fahrsicherheit gehe es dabei auch um Servicequalit\u00e4t und Kommunikation. \u201eWir verstehen uns als Gastgeber auf drei R\u00e4dern\u201c, so Vo\u00df. Nach eigenen Angaben ist das Unternehmen inzwischen marktf\u00fchrend bei nachhaltigen Stadtrundfahrten und Rahmenprogrammen in M\u00fcnster. \u201eDas Angebot wird besonders von Senioren und Familien gesch\u00e4tzt, die nicht so weit laufen k\u00f6nnen. Die Rikscha kommt direkt an die Orte, die gr\u00f6\u00dferen, motorisierten Fahrzeugen verwehrt bleiben: mitten \u00fcber die Promenade, durch die engen Altstadtgassen oder direkt ans Aasee-Ufer\u201c, skizzierte Vo\u00df einen weiteren Vorteil seiner Leezen-Rikschas. Mit einer Kapazit\u00e4t von bis zu 50 Personen gleichzeitig begleiten die Leezen Heroes gr\u00f6\u00dfere Kongresse und Events. F\u00fcr Veranstalter sei der Rikscha-Service nicht nur ein Transportmittel, sondern auch ein sichtbares Statement f\u00fcr Nachhaltigkeit und ein aufmerksamkeitsstarker Programmpunkt. F\u00fcr dieses Engagement wurde das Unternehmen 2024 mit dem Umweltpreis und 2025 mit dem Mobilit\u00e4tspreis ausgezeichnet.<\/p>\n<p>Prominente Fahrg\u00e4ste<br \/>\n<a href=\"https:\/\/www.allesmuenster.de\/cms\/wp-content\/uploads\/Leezen-Heroes_Buehrke-1.jpg\" rel=\"nofollow noopener\" target=\"_blank\"><img loading=\"lazy\" decoding=\"async\" class=\"size-medium wp-image-130168\" src=\"data:image\/svg+xml,%3Csvg%20xmlns=\" http:=\"\" alt=\"Vorne die Rikscha mit zwei Pl\u00e4tzen, hinten die mit vier. (Foto: B\u00fchrke)\" width=\"300\" height=\"200\" data-lazy- data-lazy- data-lazy-src=\"https:\/\/www.europesays.com\/de\/wp-content\/uploads\/2026\/02\/Leezen-Heroes_Buehrke-1-300x200.jpg\"\/><\/a>Vorne die Rikscha mit zwei Pl\u00e4tzen, hinten die mit vier. (Foto: B\u00fchrke)<\/p>\n<p>Auch Fernsehgesichter haben bereits auf der R\u00fcckbank Platz genommen. Schauspieler aus dem Team der ZDF-Reihe Wilsberg wurden bei Dreharbeiten durch M\u00fcnster transportiert. In einer der kommenden Folgen wird Hauptdarsteller Leonard Lansink sogar selbst eine Rikscha der Leezen Heroes steuern. Mit der neuen Vierer-Rikscha setzen die Leezen Heroes nun auf noch mehr Gemeinschaft im \u00f6ffentlichen Raum. Das Prinzip bleibt dabei einfach: nachhaltige Fortbewegung, kombiniert mit Stadterlebnis \u2013 nur k\u00fcnftig ohne geteilte Gruppen und ohne den Blick zur Seite oder nach hinten. Da w\u00e4re sogar noch Platz f\u00fcr Overbeck, Ekki Talk\u00f6tter und Anna Springer, wenn sie denn gemeinsam w\u00fcrden Rikscha fahren wollen.<\/p>\n<p>                         <a href=\"https:\/\/www.allesmuenster.de\/author\/mb\/\" class=\"fn url\" target=\"_blank\" title=\"Michael B\u00fchrke\" rel=\"nofollow noopener\"> <img loading=\"lazy\" decoding=\"async\" width=\"250\" height=\"250\" alt=\"\" src=\"data:image\/svg+xml,%3Csvg%20xmlns=\" http:=\"\" class=\"avatar avatar-250 photo\" style=\"max-width:250px\" data-lazy-src=\"https:\/\/www.europesays.com\/de\/wp-content\/uploads\/2025\/04\/michael.jpg\"\/><\/a> <\/p>\n<p>Michael wurde im nieders\u00e4chsischen Celle geboren und kam 1990 zum Studieren nach M\u00fcnster. Er ist Geograf und arbeitet heute in der Unternehmskommunikation. Seine Schwerpunkte liegen in den Bereichen Umwelt, Gesundheit und Soziales aber auch in den Naturwissenschaften. Michael ist leidenschaftlicher Radfahrer, Wanderer und Amateurfotograf.<\/p>\n<p> <a href=\"https:\/\/www.allesmuenster.de\/author\/mb\/\" class=\"url\" target=\"_blank\" title=\"Michael B\u00fchrke\" rel=\"nofollow noopener\"><img loading=\"lazy\" decoding=\"async\" width=\"250\" height=\"250\" alt=\"\" src=\"data:image\/svg+xml,%3Csvg%20xmlns=\" http:=\"\" class=\"avatar avatar-250 photo\" style=\"max-width:250px\" data-lazy-src=\"https:\/\/www.europesays.com\/de\/wp-content\/uploads\/2025\/04\/michael.jpg\"\/><\/a>  <\/p>\n","protected":false},"excerpt":{"rendered":"Gute Kombination: Umweltfreundlich fahren und aktuell informieren. (Foto: B\u00fchrke) Vier Personen, ein Fahrzeug, alle mit Blick nach vorn:&hellip;\n","protected":false},"author":2,"featured_media":813988,"comment_status":"","ping_status":"","sticky":false,"template":"","format":"standard","meta":{"footnotes":"","_share_on_mastodon":"0"},"categories":[1843],"tags":[3364,29,30,182871,182872,8970,1209,182873,7588],"class_list":["post-813987","post","type-post","status-publish","format-standard","has-post-thumbnail","category-muenster","tag-de","tag-deutschland","tag-germany","tag-leeze","tag-leezen-heroes","tag-muenster","tag-nordrhein-westfalen","tag-stadtrundfahrten","tag-voss"],"share_on_mastodon":{"url":"https:\/\/pubeurope.com\/@de\/116107263627871161","error":""},"_links":{"self":[{"href":"https:\/\/www.europesays.com\/de\/wp-json\/wp\/v2\/posts\/813987","targetHints":{"allow":["GET"]}}],"collection":[{"href":"https:\/\/www.europesays.com\/de\/wp-json\/wp\/v2\/posts"}],"about":[{"href":"https:\/\/www.europesays.com\/de\/wp-json\/wp\/v2\/types\/post"}],"author":[{"embeddable":true,"href":"https:\/\/www.europesays.com\/de\/wp-json\/wp\/v2\/users\/2"}],"replies":[{"embeddable":true,"href":"https:\/\/www.europesays.com\/de\/wp-json\/wp\/v2\/comments?post=813987"}],"version-history":[{"count":0,"href":"https:\/\/www.europesays.com\/de\/wp-json\/wp\/v2\/posts\/813987\/revisions"}],"wp:featuredmedia":[{"embeddable":true,"href":"https:\/\/www.europesays.com\/de\/wp-json\/wp\/v2\/media\/813988"}],"wp:attachment":[{"href":"https:\/\/www.europesays.com\/de\/wp-json\/wp\/v2\/media?parent=813987"}],"wp:term":[{"taxonomy":"category","embeddable":true,"href":"https:\/\/www.europesays.com\/de\/wp-json\/wp\/v2\/categories?post=813987"},{"taxonomy":"post_tag","embeddable":true,"href":"https:\/\/www.europesays.com\/de\/wp-json\/wp\/v2\/tags?post=813987"}],"curies":[{"name":"wp","href":"https:\/\/api.w.org\/{rel}","templated":true}]}}