{"id":814266,"date":"2026-02-21T09:24:20","date_gmt":"2026-02-21T09:24:20","guid":{"rendered":"https:\/\/www.europesays.com\/de\/814266\/"},"modified":"2026-02-21T09:24:20","modified_gmt":"2026-02-21T09:24:20","slug":"traditioneller-kehraus-bei-den-farweschluckern-gelungene-kampagne-endet-mit-heringsessen","status":"publish","type":"post","link":"https:\/\/www.europesays.com\/de\/814266\/","title":{"rendered":"Traditioneller Kehraus bei den Farweschluckern: Gelungene Kampagne endet mit Heringsessen"},"content":{"rendered":"<p><img loading=\"lazy\" decoding=\"async\" src=\"https:\/\/www.europesays.com\/de\/wp-content\/uploads\/2026\/02\/Aschermittwoch-1-Titel.jpg\" alt=\"Aschermittwoch 1 Titel\" width=\"828\" height=\"622\" class=\"alignnone size-full wp-image-625612\"  \/>Ludwigshafen \/ Metropolregion Rhein-Neckar. Am Aschermittwoch, 18. Februar 2025, lud die Karnevalsgesellschaft Farweschlucker Ludwigshafen zum traditionellen Heringsessen in die Musikfabrik ein und setzte damit den offiziellen Schlusspunkt unter eine erfolgreiche Kampagne 2025\/26. Zahlreiche Mitglieder und Freunde des Vereins kamen zusammen, um gemeinsam Abschied von der n\u00e4rrischen Zeit zu nehmen.<br \/><img loading=\"lazy\" decoding=\"async\" src=\"https:\/\/www.europesays.com\/de\/wp-content\/uploads\/2026\/02\/Aschermittwoch-2-1.jpg\" alt=\"Aschermittwoch\" width=\"828\" height=\"622\" class=\"alignnone size-full wp-image-625620\"  \/><br \/>In gewohnt stimmungsvoller Atmosph\u00e4re wurde die \u201eFastnacht\u201c symbolisch zu Grabe getragen \u2013 ein Brauch, der seit Jahren fest zum Vereinsleben geh\u00f6rt. Dabei mischten sich Wehmut und Dankbarkeit \u00fcber viele gelungene Veranstaltungen, unvergessliche Auftritte und ein starkes Miteinander.<br \/><img loading=\"lazy\" decoding=\"async\" src=\"https:\/\/www.europesays.com\/de\/wp-content\/uploads\/2026\/02\/Aschermittwoch-Vorstand.jpg\" alt=\"Aschermittwoch Vorstand\" width=\"834\" height=\"626\" class=\"alignnone size-full wp-image-625613\"  \/><br \/><img loading=\"lazy\" decoding=\"async\" src=\"https:\/\/www.europesays.com\/de\/wp-content\/uploads\/2026\/02\/Aschermittwoch.jpg\" alt=\"Aschermittwoch\" width=\"828\" height=\"622\" class=\"alignnone size-full wp-image-625614\"  \/><\/p>\n<ul>\n<li id=\"text-302\" class=\"widget widget_text\">\n<\/li>\n<\/ul>\n<p>Der Vorsitzende Luigi Arcangioli lie\u00df in einem kurzweiligen Vortrag die Kampagne noch einmal Revue passieren. Er erinnerte an besondere Momente, sprach \u00fcber Herausforderungen hinter den Kulissen und dankte vor allem den zahlreichen Helferinnen und Helfern, die mit gro\u00dfem Engagement zum Gelingen der gesamten Saison beigetragen hatten. Passend dazu sorgte eine Bildershow mit den sch\u00f6nsten Highlights f\u00fcr viele Schmunzler und Applaus im Saal.<br \/><img loading=\"lazy\" decoding=\"async\" src=\"https:\/\/www.europesays.com\/de\/wp-content\/uploads\/2026\/02\/Aschermittwoch-essen.jpg\" alt=\"Aschermittwoch essen\" width=\"828\" height=\"622\" class=\"alignnone size-full wp-image-625615\"  \/><br \/><img loading=\"lazy\" decoding=\"async\" src=\"https:\/\/www.europesays.com\/de\/wp-content\/uploads\/2026\/02\/Aschermittwoch-4.jpg\" alt=\"Aschermittwoch\" width=\"829\" height=\"467\" class=\"alignnone size-full wp-image-625616\"  \/><br \/>Auch kulinarisch blieb das Heringsessen der Tradition treu. Das vereinseigene K\u00fcchenteam verw\u00f6hnte die G\u00e4ste mit klassischen Spezialit\u00e4ten und bewies einmal mehr sein K\u00f6nnen.<\/p>\n<p><img loading=\"lazy\" decoding=\"async\" src=\"https:\/\/www.europesays.com\/de\/wp-content\/uploads\/2026\/02\/Geldbeutelwaesche.jpg\" alt=\"Geldbeutelw\u00e4sche\" width=\"525\" height=\"700\" class=\"alignnone size-full wp-image-625618\"  \/><br \/>Den Abschluss des Abends bildete die traditionelle Geldbeutelw\u00e4sche \u2013 ein augenzwinkerndes Ritual, das symbolisch f\u00fcr eine k\u00fcnftig wieder gut gef\u00fcllte Kasse steht. Mit diesem Brauch verabschiedeten sich die Fareweschlucker in die Fastenzeit \u2013 und blicken bereits voller Vorfreude auf die n\u00e4chste Kampagne.<br \/><img loading=\"lazy\" decoding=\"async\" src=\"https:\/\/www.europesays.com\/de\/wp-content\/uploads\/2026\/02\/Aschermittwoch-Fastnacht.jpg\" alt=\"Aschermittwoch Fastnacht\" width=\"525\" height=\"700\" class=\"alignnone size-full wp-image-625621\"  \/><\/p>\n<p class=\"post-modified-info\">Zuletzt aktualisiert am 21. Februar 2026, 10:12<\/p>\n<p><b>DIESE MELDUNG BITTE TEILEN UND WEITERLEITEN! DANKE!<\/b><\/p>\n<ul class=\"shariff-buttons theme-white orientation-horizontal buttonsize-medium\">\n<li class=\"shariff-button facebook shariff-nocustomcolor\" style=\"background-color:#4273c8\"><a href=\"https:\/\/www.facebook.com\/sharer\/sharer.php?u=https%3A%2F%2Fwww.mrn-news.de%2F2026%2F02%2F21%2Fludwigshafen-traditioneller-kehraus-bei-den-farweschluckern-gelungene-kampagne-endet-mit-heringsessen-625608%2F\" title=\"Bei Facebook teilen\" aria-label=\"Bei Facebook teilen\" role=\"button\" rel=\"nofollow\" class=\"shariff-link\" style=\"; background-color:#3b5998; color:#3b5998\" target=\"_blank\">teilen\u00a0\u00a0<\/a><\/li>\n<li class=\"shariff-button twitter shariff-nocustomcolor\" style=\"background-color:#595959\"><a href=\"https:\/\/twitter.com\/share?url=https%3A%2F%2Fwww.mrn-news.de%2F2026%2F02%2F21%2Fludwigshafen-traditioneller-kehraus-bei-den-farweschluckern-gelungene-kampagne-endet-mit-heringsessen-625608%2F&amp;text=Ludwigshafen%20%E2%80%93%20Traditioneller%20Kehraus%20bei%20den%20Farweschluckern%3A%20Gelungene%20Kampagne%20endet%20mit%20Heringsessen\" title=\"Bei X teilen\" aria-label=\"Bei X teilen\" role=\"button\" rel=\"noopener nofollow\" class=\"shariff-link\" style=\"; background-color:#000; color:#000\" target=\"_blank\">teilen\u00a0<\/a><\/li>\n<li class=\"shariff-button whatsapp shariff-nocustomcolor\" style=\"background-color:#5cbe4a\"><a href=\"https:\/\/api.whatsapp.com\/send?text=https%3A%2F%2Fwww.mrn-news.de%2F2026%2F02%2F21%2Fludwigshafen-traditioneller-kehraus-bei-den-farweschluckern-gelungene-kampagne-endet-mit-heringsessen-625608%2F%20Ludwigshafen%20%E2%80%93%20Traditioneller%20Kehraus%20bei%20den%20Farweschluckern%3A%20Gelungene%20Kampagne%20endet%20mit%20Heringsessen\" title=\"Bei Whatsapp teilen\" aria-label=\"Bei Whatsapp teilen\" role=\"button\" rel=\"noopener nofollow\" class=\"shariff-link\" style=\"; background-color:#34af23; color:#34af23\" target=\"_blank\">teilen\u00a0<\/a><\/li>\n<li class=\"shariff-button telegram shariff-nocustomcolor\" style=\"background-color:#4084A6\"><a href=\"https:\/\/telegram.me\/share\/url?url=https%3A%2F%2Fwww.mrn-news.de%2F2026%2F02%2F21%2Fludwigshafen-traditioneller-kehraus-bei-den-farweschluckern-gelungene-kampagne-endet-mit-heringsessen-625608%2F&amp;text=Ludwigshafen%20%E2%80%93%20Traditioneller%20Kehraus%20bei%20den%20Farweschluckern%3A%20Gelungene%20Kampagne%20endet%20mit%20Heringsessen\" title=\"Bei Telegram teilen\" aria-label=\"Bei Telegram teilen\" role=\"button\" rel=\"noopener nofollow\" class=\"shariff-link\" style=\"; background-color:#0088cc; color:#0088cc\" target=\"_blank\">teilen\u00a0<\/a><\/li>\n<li class=\"shariff-button linkedin shariff-nocustomcolor\" style=\"background-color:#1488bf\"><a href=\"https:\/\/www.linkedin.com\/sharing\/share-offsite\/?url=https%3A%2F%2Fwww.mrn-news.de%2F2026%2F02%2F21%2Fludwigshafen-traditioneller-kehraus-bei-den-farweschluckern-gelungene-kampagne-endet-mit-heringsessen-625608%2F\" title=\"Bei LinkedIn teilen\" aria-label=\"Bei LinkedIn teilen\" role=\"button\" rel=\"noopener nofollow\" class=\"shariff-link\" style=\"; background-color:#0077b5; color:#0077b5\" target=\"_blank\">teilen\u00a0<\/a><\/li>\n<li class=\"shariff-button xing shariff-nocustomcolor\" style=\"background-color:#29888a\"><a href=\"https:\/\/www.xing.com\/spi\/shares\/new?url=https%3A%2F%2Fwww.mrn-news.de%2F2026%2F02%2F21%2Fludwigshafen-traditioneller-kehraus-bei-den-farweschluckern-gelungene-kampagne-endet-mit-heringsessen-625608%2F\" title=\"Bei XING teilen\" aria-label=\"Bei XING teilen\" role=\"button\" rel=\"noopener nofollow\" class=\"shariff-link\" style=\"; background-color:#126567; color:#126567\" target=\"_blank\">teilen\u00a0<\/a><\/li>\n<li class=\"shariff-button threema shariff-nocustomcolor shariff-mobile\" style=\"background-color:#4fbc24\"><a href=\"threema:\/\/compose?text=Ludwigshafen%20%E2%80%93%20Traditioneller%20Kehraus%20bei%20den%20Farweschluckern%3A%20Gelungene%20Kampagne%20endet%20mit%20Heringsessen%20https%3A%2F%2Fwww.mrn-news.de%2F2026%2F02%2F21%2Fludwigshafen-traditioneller-kehraus-bei-den-farweschluckern-gelungene-kampagne-endet-mit-heringsessen-625608%2F\" title=\"Bei Threema teilen\" aria-label=\"Bei Threema teilen\" role=\"button\" rel=\"noopener nofollow\" class=\"shariff-link\" style=\"; background-color:#1f1f1f; color:#1f1f1f\" target=\"_blank\">teilen\u00a0<\/a><\/li>\n<li class=\"shariff-button tumblr shariff-nocustomcolor\" style=\"background-color:#529ecc\"><a href=\"https:\/\/www.tumblr.com\/widgets\/share\/tool?posttype=link&amp;canonicalUrl=https%3A%2F%2Fwww.mrn-news.de%2F2026%2F02%2F21%2Fludwigshafen-traditioneller-kehraus-bei-den-farweschluckern-gelungene-kampagne-endet-mit-heringsessen-625608%2F&amp;tags=mrn-news.de\" title=\"Bei tumblr teilen\" aria-label=\"Bei tumblr teilen\" role=\"button\" rel=\"noopener nofollow\" class=\"shariff-link\" style=\"; background-color:#36465d; color:#36465d\" target=\"_blank\">teilen\u00a0\u00a0<\/a><\/li>\n<li class=\"shariff-button reddit shariff-nocustomcolor\" style=\"background-color:#ff5700\"><a href=\"https:\/\/www.reddit.com\/submit?url=https%3A%2F%2Fwww.mrn-news.de%2F2026%2F02%2F21%2Fludwigshafen-traditioneller-kehraus-bei-den-farweschluckern-gelungene-kampagne-endet-mit-heringsessen-625608%2F\" title=\"Bei Reddit teilen\" aria-label=\"Bei Reddit teilen\" role=\"button\" rel=\"noopener nofollow\" class=\"shariff-link\" style=\"; background-color:#ff4500; color:#ff4500\" target=\"_blank\">teilen\u00a0\u00a0<\/a><\/li>\n<li class=\"shariff-button sms shariff-nocustomcolor shariff-mobile\" style=\"background-color:#d7d9d8\"><a href=\"sms:?&amp;body=https%3A%2F%2Fwww.mrn-news.de%2F2026%2F02%2F21%2Fludwigshafen-traditioneller-kehraus-bei-den-farweschluckern-gelungene-kampagne-endet-mit-heringsessen-625608%2F\" title=\"Per SMS teilen\" aria-label=\"Per SMS teilen\" role=\"button\" rel=\"noopener nofollow\" class=\"shariff-link\" style=\"; background-color:#a1e877; color:#a1e877\" target=\"_blank\">teilen\u00a0<\/a><\/li>\n<li class=\"shariff-button mailto shariff-nocustomcolor\" style=\"background-color:#a8a8a8\"><a href=\"mailto:?body=https%3A%2F%2Fwww.mrn-news.de%2F2026%2F02%2F21%2Fludwigshafen-traditioneller-kehraus-bei-den-farweschluckern-gelungene-kampagne-endet-mit-heringsessen-625608%2F&amp;subject=Ludwigshafen%20%E2%80%93%20Traditioneller%20Kehraus%20bei%20den%20Farweschluckern%3A%20Gelungene%20Kampagne%20endet%20mit%20Heringsessen\" title=\"Per E-Mail versenden\" aria-label=\"Per E-Mail versenden\" role=\"button\" rel=\"noopener nofollow\" class=\"shariff-link\" style=\"; background-color:#999; color:#999\">E-Mail\u00a0<\/a><\/li>\n<li class=\"shariff-button printer shariff-nocustomcolor\" style=\"background-color:#a8a8a8\"><a href=\"https:\/\/www.mrn-news.de\/2026\/02\/21\/ludwigshafen-traditioneller-kehraus-bei-den-farweschluckern-gelungene-kampagne-endet-mit-heringsessen-625608\/javascript:window.print()\" title=\"drucken\" aria-label=\"drucken\" role=\"button\" rel=\"noopener nofollow\" class=\"shariff-link\" style=\"; background-color:#999; color:#999\">drucken\u00a0<\/a><\/li>\n<\/ul>\n<p>\t\t\t\t\t<script async src=\"https:\/\/platform.twitter.com\/widgets.js\" charset=\"utf-8\"><\/script><\/p>\n","protected":false},"excerpt":{"rendered":"Ludwigshafen \/ Metropolregion Rhein-Neckar. Am Aschermittwoch, 18. Februar 2025, lud die Karnevalsgesellschaft Farweschlucker Ludwigshafen zum traditionellen Heringsessen in&hellip;\n","protected":false},"author":2,"featured_media":814267,"comment_status":"","ping_status":"","sticky":false,"template":"","format":"standard","meta":{"footnotes":"","_share_on_mastodon":"0"},"categories":[1845],"tags":[29766,1634,3364,29,14967,548,663,3934,30,13,182919,25476,2096,25488,25489,5929,14,14480,15,5206,28951,9387,12,17284,42697,20270],"class_list":["post-814266","post","type-post","status-publish","format-standard","has-post-thumbnail","category-mannheim","tag-aschermittwoch","tag-baden-wuerttemberg","tag-de","tag-deutschland","tag-engagement","tag-eu","tag-europa","tag-europe","tag-germany","tag-headlines","tag-heringsessen","tag-ludwigshafen","tag-mannheim","tag-metropolregion","tag-metropolregion-rhein-neckar","tag-mitglieder","tag-nachrichten","tag-neckar","tag-news","tag-rhein","tag-rhein-neckar","tag-saison","tag-schlagzeilen","tag-tradition","tag-vorsitzende","tag-vortrag"],"share_on_mastodon":{"url":"https:\/\/pubeurope.com\/@de\/116107901072786722","error":""},"_links":{"self":[{"href":"https:\/\/www.europesays.com\/de\/wp-json\/wp\/v2\/posts\/814266","targetHints":{"allow":["GET"]}}],"collection":[{"href":"https:\/\/www.europesays.com\/de\/wp-json\/wp\/v2\/posts"}],"about":[{"href":"https:\/\/www.europesays.com\/de\/wp-json\/wp\/v2\/types\/post"}],"author":[{"embeddable":true,"href":"https:\/\/www.europesays.com\/de\/wp-json\/wp\/v2\/users\/2"}],"replies":[{"embeddable":true,"href":"https:\/\/www.europesays.com\/de\/wp-json\/wp\/v2\/comments?post=814266"}],"version-history":[{"count":0,"href":"https:\/\/www.europesays.com\/de\/wp-json\/wp\/v2\/posts\/814266\/revisions"}],"wp:featuredmedia":[{"embeddable":true,"href":"https:\/\/www.europesays.com\/de\/wp-json\/wp\/v2\/media\/814267"}],"wp:attachment":[{"href":"https:\/\/www.europesays.com\/de\/wp-json\/wp\/v2\/media?parent=814266"}],"wp:term":[{"taxonomy":"category","embeddable":true,"href":"https:\/\/www.europesays.com\/de\/wp-json\/wp\/v2\/categories?post=814266"},{"taxonomy":"post_tag","embeddable":true,"href":"https:\/\/www.europesays.com\/de\/wp-json\/wp\/v2\/tags?post=814266"}],"curies":[{"name":"wp","href":"https:\/\/api.w.org\/{rel}","templated":true}]}}