{"id":814304,"date":"2026-02-21T09:46:17","date_gmt":"2026-02-21T09:46:17","guid":{"rendered":"https:\/\/www.europesays.com\/de\/814304\/"},"modified":"2026-02-21T09:46:17","modified_gmt":"2026-02-21T09:46:17","slug":"brand-an-bornheimer-firmengelaende-radio-bonn-rhein-sieg","status":"publish","type":"post","link":"https:\/\/www.europesays.com\/de\/814304\/","title":{"rendered":"Brand an Bornheimer Firmengel\u00e4nde &#8211; Radio Bonn \/ Rhein-Sieg"},"content":{"rendered":"<p class=\"small date article__date\">Ver\u00f6ffentlicht:\u00a0Samstag, 21.02.2026 10:06<\/p>\n<p>Die Freiwillige Feuerwehr Bornheim war in der Nacht auf Samstag in Roisdorf im Einsatz.\u00a0An einem Firmengel\u00e4nde brannten zwei Lastwagen und ein Auto. Sie wurden komplett zerst\u00f6rt.<\/p>\n<p><img decoding=\"async\" alt=\"\" src=\"https:\/\/www.europesays.com\/de\/wp-content\/uploads\/2026\/02\/640283476_122245510226134394_5453980294550416425_n.jpg&#038;crop=0x400x1080x675&#038;resize=1080x675&#038;dt=202602.jpeg\" data-size=\"1080x675\"\/>\u00a9 FFW Bornheim\/FacebookFahrzeuge brennen an Firmengel\u00e4nde aus<\/p>\n<p>Die Feuerwehr konnte aber verhindern, dass die Flammen auf ein benachbartes Geb\u00e4ude \u00fcbergriffen. Weil viel Rauch entstand, wurden Anwohner \u00fcber Social Media gewarnt. Verletzt wurde niemand.<\/p>\n<p>Die Lastwagen wurden mit Wasserstoff betrieben. Die Sicherheitsventile haben den Wasserstoff abgelassen, sodass dieser kontrolliert verbrannt ist. Die Hochvolt-Batterien wurden allerdings sehr hei\u00df, sodass die Einsatzkr\u00e4fte noch l\u00e4nger vor Ort blieben und diese k\u00fchlten.<\/p>\n<p>Die Feuerwehr Bornheim war mit insgesamt 103 Kr\u00e4ften im Einsatz &#8211; mit den L\u00f6scheinheiten Roisdorf, Bornheim, Brenig, Dersdorf, Hersel, Widdig, Waldorf, R\u00f6sberg und Hemmerich. Au\u00dferdem waren der Einsatzleitwagen der IuK-Einheit, die Logistik-Komponente der L\u00f6scheinheit Merten sowie der B-Dienst, der A-Dienst und der Pressesprecher der Feuerwehr im Einsatz. Au\u00dferdem r\u00fcckte die Freiwillige Feuerwehr der Gemeinde Alfter zur Unterst\u00fctzung an.<\/p>\n","protected":false},"excerpt":{"rendered":"Ver\u00f6ffentlicht:\u00a0Samstag, 21.02.2026 10:06 Die Freiwillige Feuerwehr Bornheim war in der Nacht auf Samstag in Roisdorf im Einsatz.\u00a0An einem&hellip;\n","protected":false},"author":2,"featured_media":814305,"comment_status":"","ping_status":"","sticky":false,"template":"","format":"standard","meta":{"footnotes":"","_share_on_mastodon":"0"},"categories":[1842],"tags":[5632,182925,1741,2919,3364,29,985,30,1209],"class_list":["post-814304","post","type-post","status-publish","format-standard","has-post-thumbnail","category-bonn","tag-bornheim","tag-roisdorf","tag-bonn","tag-brand","tag-de","tag-deutschland","tag-feuerwehr","tag-germany","tag-nordrhein-westfalen"],"share_on_mastodon":{"url":"https:\/\/pubeurope.com\/@de\/116107987322600676","error":""},"_links":{"self":[{"href":"https:\/\/www.europesays.com\/de\/wp-json\/wp\/v2\/posts\/814304","targetHints":{"allow":["GET"]}}],"collection":[{"href":"https:\/\/www.europesays.com\/de\/wp-json\/wp\/v2\/posts"}],"about":[{"href":"https:\/\/www.europesays.com\/de\/wp-json\/wp\/v2\/types\/post"}],"author":[{"embeddable":true,"href":"https:\/\/www.europesays.com\/de\/wp-json\/wp\/v2\/users\/2"}],"replies":[{"embeddable":true,"href":"https:\/\/www.europesays.com\/de\/wp-json\/wp\/v2\/comments?post=814304"}],"version-history":[{"count":0,"href":"https:\/\/www.europesays.com\/de\/wp-json\/wp\/v2\/posts\/814304\/revisions"}],"wp:featuredmedia":[{"embeddable":true,"href":"https:\/\/www.europesays.com\/de\/wp-json\/wp\/v2\/media\/814305"}],"wp:attachment":[{"href":"https:\/\/www.europesays.com\/de\/wp-json\/wp\/v2\/media?parent=814304"}],"wp:term":[{"taxonomy":"category","embeddable":true,"href":"https:\/\/www.europesays.com\/de\/wp-json\/wp\/v2\/categories?post=814304"},{"taxonomy":"post_tag","embeddable":true,"href":"https:\/\/www.europesays.com\/de\/wp-json\/wp\/v2\/tags?post=814304"}],"curies":[{"name":"wp","href":"https:\/\/api.w.org\/{rel}","templated":true}]}}