{"id":814438,"date":"2026-02-21T10:57:12","date_gmt":"2026-02-21T10:57:12","guid":{"rendered":"https:\/\/www.europesays.com\/de\/814438\/"},"modified":"2026-02-21T10:57:12","modified_gmt":"2026-02-21T10:57:12","slug":"90-milliarden-euro-orban-will-ukraine-hilfe-der-eu-stoppen-politik","status":"publish","type":"post","link":"https:\/\/www.europesays.com\/de\/814438\/","title":{"rendered":"90 Milliarden Euro! Orb\u00e1n will Ukraine-Hilfe der EU stoppen | Politik"},"content":{"rendered":"<p><a class=\"skip-content skip-content--link\" href=\"#in-content-skip-link-target-v-0-0\">TTS-Player \u00fcberspringen\u21b5<\/a><a id=\"in-content-skip-link-target-v-0-0\" class=\"skip-content--target-link-hidden skip-content skip-content--target-link\" href=\"#in-content-skip-link-target-v-0-0\">Artikel weiterlesen<\/a><\/p>\n<p>Budapest \u2013 <b>Jetzt dreht Viktor Orb\u00e1n (62) mal wieder richtig auf! Weil kein russisches \u00d6l mehr durch die Ukraine nach Ungarn flie\u00dft, droht der ungarische Ministerpr\u00e4sident mit einem Veto gegen das 90-Milliarden-Euro-Darlehen f\u00fcr Kiew. Das k\u00fcndigte Orb\u00e1n auf Facebook an.<\/b><\/p>\n<p>Im Zentrum des aktuellen Streits steht die Druschba-Pipeline. Sie ist f\u00fcr Ungarn und die <a href=\"https:\/\/www.bild.de\/news\/ausland\/slowakei\/thema-slowakei-alle-infos-80027960.bild.html\" class=\"text-link\" rel=\"nofollow noopener\" target=\"_blank\">Slowakei<\/a> von zentraler Bedeutung. \u00dcber ihren S\u00fcdstrang flie\u00dft russisches \u00d6l \u00fcber die <a href=\"https:\/\/www.bild.de\/news\/ausland\/ukraine\/thema-ukraine-alle-infos-80028690.bild.html\" class=\"text-link\" rel=\"nofollow noopener\" target=\"_blank\">Ukraine<\/a> unter anderem in die Slowakei und nach Ungarn. Doch diese Route ist unterbrochen. Nach Angaben der ukrainischen Beh\u00f6rden wurde die Pipeline bei einem russischen Angriff nahe der ukrainischen Stadt Brody besch\u00e4digt und m\u00fcsse deshalb vor\u00fcbergehend stillgelegt werden.<\/p>\n<p>\u201eWir lassen uns nicht erpressen\u201c<\/p>\n<p>Bereits vor seiner Veto-Drohung machte <a href=\"https:\/\/www.bild.de\/politik\/leute\/viktor-orban\/thema-viktor-orban-alle-infos-80014730.bild.html\" class=\"text-link\" rel=\"nofollow noopener\" target=\"_blank\">Orb\u00e1n<\/a> immer wieder Druck. So drohte er, sein Land k\u00f6nne die Stromversorgung der benachbarten Ukraine behindern. Orb\u00e1n: \u201eIch will ja nicht drohen und nichts vorwegnehmen. Aber die Ukraine bekommt einen bedeutenden Teil ihrer Stromversorgung \u00fcber Ungarn.\u201c  Nun verst\u00e4rkt er den Druck: \u201eSolange die Ukraine die Druschba-Pipeline blockiert, wird Ungarn das Kriegsdarlehen in H\u00f6he von 90 Milliarden Euro blockieren\u201c, schrieb er am Freitag auf <a href=\"https:\/\/www.bild.de\/themen\/specials\/facebook-datenschutz\/ratgeber-digital-nachrichten-news-fotos-videos-19709708.bild.html\" class=\"text-link\" rel=\"nofollow noopener\" target=\"_blank\">Facebook<\/a>. Und legt nach: \u201eWir lassen uns nicht erpressen.\u201c<\/p>\n<p>Mehr zum Thema<\/p>\n<p>Die slowakische Wirtschaftsministerin Denisa Sakowa (49) sagte ebenfalls am Freitagabend vor Journalisten, die Ukraine habe die Wiederaufnahme der \u00d6llieferungen bis zum 24. Februar verschoben. Eigentlich sei diese sp\u00e4testens f\u00fcr Samstag geplant gewesen. Bereits am Mittwoch hatte der slowakische Ministerpr\u00e4sident Robert Fico (61) den <a href=\"https:\/\/www.bild.de\/ratgeber\/geld\/strom\/strom-und-energiepreise-alle-infos-78276768.bild.html\" class=\"text-link\" rel=\"nofollow noopener\" target=\"_blank\">Energienotstand <\/a>ausgerufen und der Ukraine mit Ma\u00dfnahmen gedroht. Fico und Orb\u00e1n werfen Kiew politische \u201eErpressung\u201c vor, weil Ungarn einen EU-Beitritt der Ukraine ablehnt.<\/p>\n<p>Ungarn hat bereits elf Beschl\u00fcsse blockiert<\/p>\n<p>Vergangene Woche gab das EU-Parlament gr\u00fcnes Licht f\u00fcr einen neuen Kredit an die Ukraine in H\u00f6he von 90 Milliarden Euro. Zwei Drittel der Summe sind f\u00fcr Milit\u00e4rausgaben vorgesehen, der Rest als Haushaltshilfe f\u00fcr Kiew.<\/p>\n<p>Ungarn gilt als hartn\u00e4ckigster Blockierer in der Europ\u00e4ischen Union. Seit Kriegsbeginn am 24. Februar 2022 hat Orb\u00e1n mindestens elfmal EU-Beschl\u00fcsse blockiert oder lange verz\u00f6gert. Aber auch die Slowakei, Zypern, Griechenland und \u00d6sterreich haben in den vergangenen vier Jahren Beschl\u00fcsse zugunsten der Ukraine aufgehalten. <\/p>\n","protected":false},"excerpt":{"rendered":"TTS-Player \u00fcberspringen\u21b5Artikel weiterlesen Budapest \u2013 Jetzt dreht Viktor Orb\u00e1n (62) mal wieder richtig auf! Weil kein russisches \u00d6l&hellip;\n","protected":false},"author":2,"featured_media":814439,"comment_status":"","ping_status":"","sticky":false,"template":"","format":"standard","meta":{"footnotes":"","_share_on_mastodon":"0"},"categories":[4012],"tags":[331,332,64211,158,13,14,15,54512,307,12,7376,138370,45,317,3081],"class_list":["post-814438","post","type-post","status-publish","format-standard","has-post-thumbnail","category-ukraine","tag-aktuelle-nachrichten","tag-aktuelle-news","tag-erdoel","tag-europaeische-union","tag-headlines","tag-nachrichten","tag-news","tag-orban-viktor","tag-russland","tag-schlagzeilen","tag-slowakei","tag-team-first","tag-texttospeech","tag-ukraine","tag-ukraine-konflikt"],"share_on_mastodon":{"url":"https:\/\/pubeurope.com\/@de\/116108266464380270","error":""},"_links":{"self":[{"href":"https:\/\/www.europesays.com\/de\/wp-json\/wp\/v2\/posts\/814438","targetHints":{"allow":["GET"]}}],"collection":[{"href":"https:\/\/www.europesays.com\/de\/wp-json\/wp\/v2\/posts"}],"about":[{"href":"https:\/\/www.europesays.com\/de\/wp-json\/wp\/v2\/types\/post"}],"author":[{"embeddable":true,"href":"https:\/\/www.europesays.com\/de\/wp-json\/wp\/v2\/users\/2"}],"replies":[{"embeddable":true,"href":"https:\/\/www.europesays.com\/de\/wp-json\/wp\/v2\/comments?post=814438"}],"version-history":[{"count":0,"href":"https:\/\/www.europesays.com\/de\/wp-json\/wp\/v2\/posts\/814438\/revisions"}],"wp:featuredmedia":[{"embeddable":true,"href":"https:\/\/www.europesays.com\/de\/wp-json\/wp\/v2\/media\/814439"}],"wp:attachment":[{"href":"https:\/\/www.europesays.com\/de\/wp-json\/wp\/v2\/media?parent=814438"}],"wp:term":[{"taxonomy":"category","embeddable":true,"href":"https:\/\/www.europesays.com\/de\/wp-json\/wp\/v2\/categories?post=814438"},{"taxonomy":"post_tag","embeddable":true,"href":"https:\/\/www.europesays.com\/de\/wp-json\/wp\/v2\/tags?post=814438"}],"curies":[{"name":"wp","href":"https:\/\/api.w.org\/{rel}","templated":true}]}}