{"id":814446,"date":"2026-02-21T11:02:47","date_gmt":"2026-02-21T11:02:47","guid":{"rendered":"https:\/\/www.europesays.com\/de\/814446\/"},"modified":"2026-02-21T11:02:47","modified_gmt":"2026-02-21T11:02:47","slug":"zwei-deutschland-konzerte-rockband-europe-feiert-40-jahre-final-countdown","status":"publish","type":"post","link":"https:\/\/www.europesays.com\/de\/814446\/","title":{"rendered":"Zwei Deutschland-Konzerte: Rockband Europe feiert 40 Jahre &#8222;Final Countdown&#8220;"},"content":{"rendered":"<p class=\"paragraph article__item\">Die schwedische Rockband Europe feiert im kommenden Jahr das 40. Jubil\u00e4um ihres Welthits \u00abThe Final Countdown\u00bb und des gleichnamigen Erfolgsalbums von 1986 mit einer Welttournee, die auch zwei Konzerte in Deutschland umfasst. Am heutigen Donnerstag beginnt der Vorverkauf f\u00fcr zwei Konzerte in Stuttgart und in Berlin (16. und 19. Oktober 2026).\n<\/p>\n<p>Aktuelles<\/p>\n<p>                <a href=\"https:\/\/www.zeit.de\/2026\/08\/dodo-roscic-fm4-orf-immer-vorwaerts-fpoe\" data-ct-label=\"FM4-Chefin Dodo Ro\u0161\u010di\u0107: Der FP\u00d6-Song? &quot;Ich bin da unemotional&quot;\" data-uuid=\"01883b24-38f0-47f3-bd02-36e6a2031b61\" rel=\"nofollow noopener\" target=\"_blank\"><\/p>\n<p>        Z+ (abopflichtiger Inhalt);<\/p>\n<p>    FM4-Chefin Dodo Ro\u0161\u010di\u0107:<br \/>\n                        Der FP\u00d6-Song? &#8222;Ich bin da unemotional&#8220;<\/p>\n<p>                <\/a><\/p>\n<p>                <a href=\"https:\/\/www.zeit.de\/2026\/09\/howard-carpendale-schlager-abschiedstournee-streaming\" data-ct-label=\"Howard Carpendale: &quot;Ich zahle gern meine Steuern&quot;\" data-uuid=\"ea368e4b-2309-4604-b03c-b94ccfe19a90\" rel=\"nofollow noopener\" target=\"_blank\"><\/p>\n<p>        Z+ (abopflichtiger Inhalt);<\/p>\n<p>    Howard Carpendale:<br \/>\n                        &#8222;Ich zahle gern meine Steuern&#8220;<\/p>\n<p>                <\/a><\/p>\n<p>                <a href=\"https:\/\/www.zeit.de\/kultur\/musik\/2026-01\/eurovision-song-contest-2026-oesterreich-moderation\" data-ct-label=\"Eurovision Song Contest: Swarovski und Ostrowski moderieren ESC in Wien\" data-uuid=\"568b1d8f-ff11-421d-ac95-80fe4216d442\" rel=\"nofollow noopener\" target=\"_blank\"><\/p>\n<p>                        Eurovision Song Contest:<br \/>\n                        Swarovski und Ostrowski moderieren ESC in Wien<\/p>\n<p>                <\/a><\/p>\n<p>                    In 25 L\u00e4ndern ein Nummer-Eins-Hit        <\/p>\n<p class=\"paragraph article__item\">Bei den Shows werden Europe, die in derselben Besetzung wie damals auftreten, das Album \u00abThe Final Countdown\u00bb in voller L\u00e4nge spielen. Die LP schaffte es damals bis auf Platz 6 der deutschen Albumcharts. Der Titelsong mit der ber\u00fchmten Keyboard-Melodie toppte damals in 25 L\u00e4ndern &#8211; darunter Deutschland &#8211; die Hitparaden und machte die Schweden weltber\u00fchmt.\n<\/p>\n<p>                An dieser Stelle ist ein externer Inhalt eingebunden<\/p>\n<p>Zum Anschauen ben\u00f6tigen wir Ihre Zustimmung<\/p>\n<p>\n                Weiter\n            <\/p>\n<p class=\"paragraph article__item\">Im Internet- und Streaming-Zeitalter erlebte der Gassenhauer, der auch bei Sportveranstaltungen gern gespielt wird, eine Renaissance. 2022 erhielten Europa von der Online-Plattform Youtube eine Auszeichnung als erste schwedische Band, die eine Milliarde Aufrufe f\u00fcr einen einzelnen Song erzielt habe. Inzwischen liegt die Zahl bei fast 1,4 Milliarden Aufrufen.\n<\/p>\n<p>        Kultalbum und Greatest Hits        <\/p>\n<p class=\"paragraph article__item\">Neben den Songs des Kultalbums werden Joey Tempest (Gesang), John Norum (Gitarre), John Lev\u00e9n (Bass), Mic Michaeli (Keyboard) und Ian Haugland (Schlagzeug) auf ihrer \u00abThe Final Countdown 40th Anniversary\u00bb-Tour zahlreiche andere Songs aus ihrer langen Karriere zum Besten geben.\u00a0\n<\/p>\n<p class=\"paragraph article__item\">Sp\u00e4tere Hits waren \u00abSuperstitious\u00bb, \u00abOpen Your Heart\u00bb und \u00abLet The Good Times Rock\u00bb. Die Tour f\u00fchrt durch insgesamt zw\u00f6lf L\u00e4nder, darunter auch die Schweiz (zum Beispiel Z\u00fcrich am 13.10.) und \u00d6sterreich (Wien am 17.10.) sowie Gro\u00dfbritannien.\n<\/p>\n<p class=\"paragraph article__item\">\u00a9 dpa-infocom, dpa:251127-930-346793\/1<\/p>\n","protected":false},"excerpt":{"rendered":"Die schwedische Rockband Europe feiert im kommenden Jahr das 40. Jubil\u00e4um ihres Welthits \u00abThe Final Countdown\u00bb und des&hellip;\n","protected":false},"author":2,"featured_media":814447,"comment_status":"","ping_status":"","sticky":false,"template":"","format":"standard","meta":{"footnotes":"","_share_on_mastodon":"0"},"categories":[3933],"tags":[331,332,296,52862,548,663,158,3934,3935,13,14,15,9647,12,1441,182946],"class_list":["post-814446","post","type-post","status-publish","format-standard","has-post-thumbnail","category-eu","tag-aktuelle-nachrichten","tag-aktuelle-news","tag-berlin","tag-countdown","tag-eu","tag-europa","tag-europaeische-union","tag-europe","tag-european-union","tag-headlines","tag-nachrichten","tag-news","tag-rockband","tag-schlagzeilen","tag-stuttgart","tag-zwei-deutschland-konzerte"],"share_on_mastodon":{"url":"https:\/\/pubeurope.com\/@de\/116108286011123105","error":""},"_links":{"self":[{"href":"https:\/\/www.europesays.com\/de\/wp-json\/wp\/v2\/posts\/814446","targetHints":{"allow":["GET"]}}],"collection":[{"href":"https:\/\/www.europesays.com\/de\/wp-json\/wp\/v2\/posts"}],"about":[{"href":"https:\/\/www.europesays.com\/de\/wp-json\/wp\/v2\/types\/post"}],"author":[{"embeddable":true,"href":"https:\/\/www.europesays.com\/de\/wp-json\/wp\/v2\/users\/2"}],"replies":[{"embeddable":true,"href":"https:\/\/www.europesays.com\/de\/wp-json\/wp\/v2\/comments?post=814446"}],"version-history":[{"count":0,"href":"https:\/\/www.europesays.com\/de\/wp-json\/wp\/v2\/posts\/814446\/revisions"}],"wp:featuredmedia":[{"embeddable":true,"href":"https:\/\/www.europesays.com\/de\/wp-json\/wp\/v2\/media\/814447"}],"wp:attachment":[{"href":"https:\/\/www.europesays.com\/de\/wp-json\/wp\/v2\/media?parent=814446"}],"wp:term":[{"taxonomy":"category","embeddable":true,"href":"https:\/\/www.europesays.com\/de\/wp-json\/wp\/v2\/categories?post=814446"},{"taxonomy":"post_tag","embeddable":true,"href":"https:\/\/www.europesays.com\/de\/wp-json\/wp\/v2\/tags?post=814446"}],"curies":[{"name":"wp","href":"https:\/\/api.w.org\/{rel}","templated":true}]}}