{"id":815245,"date":"2026-02-21T18:34:15","date_gmt":"2026-02-21T18:34:15","guid":{"rendered":"https:\/\/www.europesays.com\/de\/815245\/"},"modified":"2026-02-21T18:34:15","modified_gmt":"2026-02-21T18:34:15","slug":"regisseur-catak-kritisiert-debattenklima-bei-berlinale","status":"publish","type":"post","link":"https:\/\/www.europesays.com\/de\/815245\/","title":{"rendered":"Regisseur \u00c7atak kritisiert Debattenklima bei Berlinale"},"content":{"rendered":"<p class=\"fp-paragraph\"><strong>Berlin<\/strong> &#8211; Regisseur \u0130lker \u00c7atak hat die hitzige politische Diskussionskultur bei der diesj\u00e4hrigen Berlinale kritisiert. \u201eDie Diskussion zu f\u00fchren ist gut und richtig\u201c, sagte der 42-J\u00e4hrige. \u201eNur ich denke, man muss es in einem anderen Kontext machen, denn die Fragen sind sehr komplex, und die M\u00f6glichkeiten zu antworten sind sehr begrenzt.\u201c<\/p>\n<p class=\"fp-paragraph\">Man sitze in einer Pressekonferenz, \u201eund da ist Druck drauf, da laufen Kameras und man muss irgendwie in zwei, drei pointierten S\u00e4tzen Antworten auf die extrem komplexen Fragen dieser Welt geben. Und das ist nicht fair.\u201c\u00a0<\/p>\n<p class=\"fp-paragraph\">Er h\u00e4tte sich gew\u00fcnscht, \u201edass man irgendwie andere R\u00e4ume schafft, wo man diese Fragen auf eine andere Weise diskutieren kann. Denn wir leben ja in dieser Zeit, wo alles nur als Snippet auf Social Media endet. Und das ist eben fatal. Das ist falsch. Das rei\u00dft die Dinge aus dem Kontext. Und ich w\u00fcnsche mir, dass wir alle die Geduld aufbringen, uns gegenseitig in l\u00e4ngeren Gespr\u00e4chen zuzuh\u00f6ren.\u201c<\/p>\n<p class=\"fp-paragraph\">Mehrmals wurden Jury und Schauspieler w\u00e4hrend der Filmfestspiele aufgefordert, etwa zum Nahost-Konflikt Stellung zu beziehen. In einem offenen Brief hatten Filmschaffende der Berlinale vorgeworfen, sich nicht ausreichend zum Gaza-Krieg zu positionieren.<\/p>\n","protected":false},"excerpt":{"rendered":"Berlin &#8211; Regisseur \u0130lker \u00c7atak hat die hitzige politische Diskussionskultur bei der diesj\u00e4hrigen Berlinale kritisiert. \u201eDie Diskussion zu&hellip;\n","protected":false},"author":2,"featured_media":815246,"comment_status":"","ping_status":"","sticky":false,"template":"","format":"standard","meta":{"footnotes":"","_share_on_mastodon":"0"},"categories":[1825],"tags":[296,29,25663,92,30,2549],"class_list":["post-815245","post","type-post","status-publish","format-standard","has-post-thumbnail","category-berlin","tag-berlin","tag-deutschland","tag-festspiele","tag-film","tag-germany","tag-leute"],"share_on_mastodon":{"url":"https:\/\/pubeurope.com\/@de\/116110063829926315","error":""},"_links":{"self":[{"href":"https:\/\/www.europesays.com\/de\/wp-json\/wp\/v2\/posts\/815245","targetHints":{"allow":["GET"]}}],"collection":[{"href":"https:\/\/www.europesays.com\/de\/wp-json\/wp\/v2\/posts"}],"about":[{"href":"https:\/\/www.europesays.com\/de\/wp-json\/wp\/v2\/types\/post"}],"author":[{"embeddable":true,"href":"https:\/\/www.europesays.com\/de\/wp-json\/wp\/v2\/users\/2"}],"replies":[{"embeddable":true,"href":"https:\/\/www.europesays.com\/de\/wp-json\/wp\/v2\/comments?post=815245"}],"version-history":[{"count":0,"href":"https:\/\/www.europesays.com\/de\/wp-json\/wp\/v2\/posts\/815245\/revisions"}],"wp:featuredmedia":[{"embeddable":true,"href":"https:\/\/www.europesays.com\/de\/wp-json\/wp\/v2\/media\/815246"}],"wp:attachment":[{"href":"https:\/\/www.europesays.com\/de\/wp-json\/wp\/v2\/media?parent=815245"}],"wp:term":[{"taxonomy":"category","embeddable":true,"href":"https:\/\/www.europesays.com\/de\/wp-json\/wp\/v2\/categories?post=815245"},{"taxonomy":"post_tag","embeddable":true,"href":"https:\/\/www.europesays.com\/de\/wp-json\/wp\/v2\/tags?post=815245"}],"curies":[{"name":"wp","href":"https:\/\/api.w.org\/{rel}","templated":true}]}}