{"id":815431,"date":"2026-02-21T20:15:13","date_gmt":"2026-02-21T20:15:13","guid":{"rendered":"https:\/\/www.europesays.com\/de\/815431\/"},"modified":"2026-02-21T20:15:13","modified_gmt":"2026-02-21T20:15:13","slug":"holstein-kiel-aufstiegstrainer-rapp-vor-dem-aus-sport","status":"publish","type":"post","link":"https:\/\/www.europesays.com\/de\/815431\/","title":{"rendered":"Holstein Kiel: Aufstiegstrainer Rapp vor dem Aus | Sport"},"content":{"rendered":"<p><a class=\"skip-content skip-content--link\" href=\"#in-content-skip-link-target-v-0-0\">TTS-Player \u00fcberspringen\u21b5<\/a><a id=\"in-content-skip-link-target-v-0-0\" class=\"skip-content--target-link-hidden skip-content skip-content--target-link\" href=\"#in-content-skip-link-target-v-0-0\">Artikel weiterlesen<\/a><\/p>\n<p><b>Unter Marcel Rapp (46) schaffte <\/b><a href=\"https:\/\/www.bild.de\/sport\/fussball\/kieler-sv-holstein\/startseite-kiel-52363046.bild.html\" class=\"text-link\" rel=\"nofollow noopener\" target=\"_blank\"><b>Holstein Kiel <\/b><\/a><b>2024 erstmals den Aufstieg in die Bundesliga. Nach dem 1:3 beim KSC droht dem Aufstiegshelden jetzt das Aus \u2013 trotz Vertrags bis 2028. F\u00fcnf Niederlagen in Folge! Rapp bei \u201eSky\u201c: \u201eDie Situation ist nicht prickelnd, da sind wir alle klar. Wir haben schon viele Zeiten durchgemacht, in denen es schwer war. Jetzt ist es vielleicht die schwerste.\u201c<\/b><\/p>\n<p>Kieler Aufstiegstrainer vor dem Aus<\/p>\n<p>Eine Jobgarantie gibt es nicht von Gesch\u00e4ftsf\u00fchrer Olaf Rebbe (47): \u201eWir haben vern\u00fcnftig Fu\u00dfball gespielt \u2013 im ungef\u00e4hrlichen Bereich. Wir haben mehr Ballbesitz (68 Prozent; d.Red.), aber davon k\u00f6nnen wir uns nichts kaufen.\u201c Und weiter: \u201eDie Gesamtsituation ist f\u00fcr uns nicht befriedigend, massiv entt\u00e4uschend. Das Ergebnis spricht f\u00fcr sich, das m\u00fcssen wir dringend aufarbeiten. Wir fahren nach Hause und besprechen das, was war. Denn es ist nicht das, was wir uns vorstellen.\u201c Nach der Analyse soll sp\u00e4testens am Sonntag eine Entscheidung getroffen werden. Der Trend d\u00fcrfte klar sein&#8230;<\/p>\n<p>+Schon fr\u00fch ger\u00e4t der Bundesliga-Absteiger in Karlsruhe durch einen Wanitzek-Treffer (8.) in R\u00fcckstand. Ben Farhat erh\u00f6ht (61.), Wanitzek macht mit seinem zweiten Tor dann alles klar (83.). Der KSC-Kapit\u00e4n verschie\u00dft kurz vor Schluss sogar noch einen Elfer (90.). Der Kieler Anschlusstreffer durch M\u00fcller in der Nachspielzeit (90.+6) ist nur Ergebniskorrektur. Punktet Dresden Sonntag in Hannover (13.30 Uhr), ist der Vorsprung auf den letzten Tabellenplatz auf zwei Punkte zusammengeschmolzen. Die Gefahr, direkt in die 3. Liga durchgereicht zu werden, ist f\u00fcr den Ex-Bundesligisten extrem hoch.<\/p>\n<p>Mehr zum Thema<\/p>\n<p>Rapp auf der Kippe, das galt vor dem Anpfiff auch f\u00fcr seinen KSC-Kollegen Christian Eichner (43). Und jetzt? Der Coach: \u201eDie Mannschaft ist mir in all den Jahren ans Herz gewachsen. Wenn das nicht so w\u00e4re, dann h\u00e4tte ich schon den einen oder anderen Moment erwischen k\u00f6nnen, wo ich vielleicht dann nicht mehr da gewesen w\u00e4re.\u201c<\/p>\n","protected":false},"excerpt":{"rendered":"TTS-Player \u00fcberspringen\u21b5Artikel weiterlesen Unter Marcel Rapp (46) schaffte Holstein Kiel 2024 erstmals den Aufstieg in die Bundesliga. Nach&hellip;\n","protected":false},"author":2,"featured_media":815432,"comment_status":"","ping_status":"","sticky":false,"template":"","format":"standard","meta":{"footnotes":"","_share_on_mastodon":"0"},"categories":[1852],"tags":[3364,29,548,663,3934,347,30,13,4949,21431,14,15,48043,10905,12,1971,542,45,784],"class_list":["post-815431","post","type-post","status-publish","format-standard","has-post-thumbnail","category-kiel","tag-de","tag-deutschland","tag-eu","tag-europa","tag-europe","tag-fussball","tag-germany","tag-headlines","tag-kiel","tag-kieler-sv-holstein","tag-nachrichten","tag-news","tag-rapp-marcel","tag-rebbe-olaf","tag-schlagzeilen","tag-schleswig-holstein","tag-sport-leuchtturm-hamburg","tag-texttospeech","tag-zweite-bundesliga"],"share_on_mastodon":{"url":"https:\/\/pubeurope.com\/@de\/116110460613200158","error":""},"_links":{"self":[{"href":"https:\/\/www.europesays.com\/de\/wp-json\/wp\/v2\/posts\/815431","targetHints":{"allow":["GET"]}}],"collection":[{"href":"https:\/\/www.europesays.com\/de\/wp-json\/wp\/v2\/posts"}],"about":[{"href":"https:\/\/www.europesays.com\/de\/wp-json\/wp\/v2\/types\/post"}],"author":[{"embeddable":true,"href":"https:\/\/www.europesays.com\/de\/wp-json\/wp\/v2\/users\/2"}],"replies":[{"embeddable":true,"href":"https:\/\/www.europesays.com\/de\/wp-json\/wp\/v2\/comments?post=815431"}],"version-history":[{"count":0,"href":"https:\/\/www.europesays.com\/de\/wp-json\/wp\/v2\/posts\/815431\/revisions"}],"wp:featuredmedia":[{"embeddable":true,"href":"https:\/\/www.europesays.com\/de\/wp-json\/wp\/v2\/media\/815432"}],"wp:attachment":[{"href":"https:\/\/www.europesays.com\/de\/wp-json\/wp\/v2\/media?parent=815431"}],"wp:term":[{"taxonomy":"category","embeddable":true,"href":"https:\/\/www.europesays.com\/de\/wp-json\/wp\/v2\/categories?post=815431"},{"taxonomy":"post_tag","embeddable":true,"href":"https:\/\/www.europesays.com\/de\/wp-json\/wp\/v2\/tags?post=815431"}],"curies":[{"name":"wp","href":"https:\/\/api.w.org\/{rel}","templated":true}]}}