{"id":815538,"date":"2026-02-21T21:17:13","date_gmt":"2026-02-21T21:17:13","guid":{"rendered":"https:\/\/www.europesays.com\/de\/815538\/"},"modified":"2026-02-21T21:17:13","modified_gmt":"2026-02-21T21:17:13","slug":"kottbusser-tor-kampf-den-drogenspritzen","status":"publish","type":"post","link":"https:\/\/www.europesays.com\/de\/815538\/","title":{"rendered":"Kottbusser Tor &#8211; Kampf den Drogenspritzen"},"content":{"rendered":"<p>\tweitere Themen der Sendung<\/p>\n<p>\t\t<a href=\"https:\/\/www.rbb-online.de\/abendschau\/videos\/20260221_1930.html\" class=\"sendeplatz\" rel=\"nofollow noopener\" target=\"_blank\"><br \/>\n\t\trbb24 Abendschau vom 21.02.2026<\/p>\n<p>\t\t<\/a><\/p>\n<p>Preisverleihung bei der Berlinale +++ Linke auf Klausur +++ Tanzen f\u00fcr Obdachlose +++ Neue Ideen f\u00fcr Wohnraum +++ Kampf den Drogenspritzen +++ Amateurtheater in Not +++ &#8230;<\/p>\n<p class=\"manualteaserroofline\">Preisverleihung bei der Berlinale<\/p>\n<p>\t\t<a href=\"https:\/\/www.rbb-online.de\/abendschau\/videos\/20260221_1930\/preisverleihung-baeren.html\" class=\"sendeplatz\" rel=\"nofollow noopener\" target=\"_blank\"><br \/>\n\t\tWer r\u00e4umt die B\u00e4ren ab?<\/p>\n<p>\t\t<\/a><\/p>\n<p>Auf einer glanzvollen Gala wurden am Samstagabend die wichtigsten Preise der  76. Berlinale  verliehen: ein goldener B\u00e4r und mehrere silberne \u2013 zum Beispiel f\u00fcr die besten &#8230;<\/p>\n<p class=\"manualteaserroofline\">Fraktion im Abgeordnetenhaus <\/p>\n<p>\t\t<a href=\"https:\/\/www.rbb-online.de\/abendschau\/videos\/20260221_1930\/linke-klausur.html\" class=\"sendeplatz\" rel=\"nofollow noopener\" target=\"_blank\"><br \/>\n\t\tLinke auf Klausur<\/p>\n<p>\t\t<\/a><\/p>\n<p>Die  Berliner Linke  geht mit viel Optimismus in die im September anstehende Berlin-Wahl: Laut Umfragen hat die Partei realistische Chancen, die n\u00e4chste Regierung anzuf\u00fchren. &#8230;<\/p>\n<p class=\"manualteaserroofline\">Von Neuk\u00f6lln nach Friedrichshain<\/p>\n<p>\t\t<a href=\"https:\/\/www.rbb-online.de\/abendschau\/videos\/20260221_1930\/tanzen-obdachlose.html\" class=\"sendeplatz\" rel=\"nofollow noopener\" target=\"_blank\"><br \/>\n\t\tTanzen f\u00fcr Obdachlose<\/p>\n<p>\t\t<\/a><\/p>\n<p>Zu Technomusik mit wummernden B\u00e4ssen hat sich am Samstag ein Demonstrationszug tanzend von Neuk\u00f6lln nach Friedrichshain bewegt. Sechs Stunden lang wurde angetanzt gegen &#8230;<\/p>\n<p class=\"manualteaserroofline\">Technische Uni <\/p>\n<p>\t\t<a href=\"https:\/\/www.rbb-online.de\/abendschau\/videos\/20260221_1930\/wohnraum-mangel.html\" class=\"sendeplatz\" rel=\"nofollow noopener\" target=\"_blank\"><br \/>\n\t\tNeue Ideen f\u00fcr Wohnraum<\/p>\n<p>\t\t<\/a><\/p>\n<p>Der akute Wohnraummangel in Gro\u00dfst\u00e4dten scheint ein unl\u00f6sbares Problem zu sein. Trotzdem gibt es immer wieder L\u00f6sungsversuche. Berliner Architekturstudenten haben nach &#8230;<\/p>\n<p class=\"manualteaserroofline\">Meldungen aus der Hauptstadt <\/p>\n<p>\t\t<a href=\"https:\/\/www.rbb-online.de\/abendschau\/videos\/20260221_1930\/nachrichten.html\" class=\"sendeplatz\" rel=\"nofollow noopener\" target=\"_blank\"><br \/>\n\t\tNachrichten <\/p>\n<p>\t\t<\/a><\/p>\n<p>Rund 2500 Menschen haben am Kurf\u00fcrstendamm f\u00fcr ein Ende des Regimes im Iran protestiert +++ Im Hauptbahnhof sind nach einem mehrt\u00e4gigem Ausfall die ersten zehn Rolltreppen &#8230;<\/p>\n<p class=\"manualteaserroofline\">F\u00f6rderung fehlt<\/p>\n<p>\t\t<a href=\"https:\/\/www.rbb-online.de\/abendschau\/videos\/20260221_1930\/not-amateurtheater.html\" class=\"sendeplatz\" rel=\"nofollow noopener\" target=\"_blank\"><br \/>\n\t\tAmateurtheater in Not<\/p>\n<p>\t\t<\/a><\/p>\n<p>Die Lage f\u00fcr Amateurb\u00fchnen ist angespannt und verschlechtert sich von Jahr zu Jahr. Vor allem in Berlin st\u00fcnden die Ensembles gleich vor mehreren Problemen: Wenig R\u00e4ume, &#8230;<\/p>\n","protected":false},"excerpt":{"rendered":"weitere Themen der Sendung rbb24 Abendschau vom 21.02.2026 Preisverleihung bei der Berlinale +++ Linke auf Klausur +++ Tanzen&hellip;\n","protected":false},"author":2,"featured_media":815539,"comment_status":"","ping_status":"","sticky":false,"template":"","format":"standard","meta":{"footnotes":"","_share_on_mastodon":"0"},"categories":[1825],"tags":[296,29,30],"class_list":["post-815538","post","type-post","status-publish","format-standard","has-post-thumbnail","category-berlin","tag-berlin","tag-deutschland","tag-germany"],"share_on_mastodon":{"url":"https:\/\/pubeurope.com\/@de\/116110704503941096","error":""},"_links":{"self":[{"href":"https:\/\/www.europesays.com\/de\/wp-json\/wp\/v2\/posts\/815538","targetHints":{"allow":["GET"]}}],"collection":[{"href":"https:\/\/www.europesays.com\/de\/wp-json\/wp\/v2\/posts"}],"about":[{"href":"https:\/\/www.europesays.com\/de\/wp-json\/wp\/v2\/types\/post"}],"author":[{"embeddable":true,"href":"https:\/\/www.europesays.com\/de\/wp-json\/wp\/v2\/users\/2"}],"replies":[{"embeddable":true,"href":"https:\/\/www.europesays.com\/de\/wp-json\/wp\/v2\/comments?post=815538"}],"version-history":[{"count":0,"href":"https:\/\/www.europesays.com\/de\/wp-json\/wp\/v2\/posts\/815538\/revisions"}],"wp:featuredmedia":[{"embeddable":true,"href":"https:\/\/www.europesays.com\/de\/wp-json\/wp\/v2\/media\/815539"}],"wp:attachment":[{"href":"https:\/\/www.europesays.com\/de\/wp-json\/wp\/v2\/media?parent=815538"}],"wp:term":[{"taxonomy":"category","embeddable":true,"href":"https:\/\/www.europesays.com\/de\/wp-json\/wp\/v2\/categories?post=815538"},{"taxonomy":"post_tag","embeddable":true,"href":"https:\/\/www.europesays.com\/de\/wp-json\/wp\/v2\/tags?post=815538"}],"curies":[{"name":"wp","href":"https:\/\/api.w.org\/{rel}","templated":true}]}}