{"id":815542,"date":"2026-02-21T21:19:14","date_gmt":"2026-02-21T21:19:14","guid":{"rendered":"https:\/\/www.europesays.com\/de\/815542\/"},"modified":"2026-02-21T21:19:14","modified_gmt":"2026-02-21T21:19:14","slug":"alba-berlin-erreicht-gegen-oldenburg-das-pokal-finale","status":"publish","type":"post","link":"https:\/\/www.europesays.com\/de\/815542\/","title":{"rendered":"Alba Berlin erreicht gegen Oldenburg das Pokal-Finale"},"content":{"rendered":"<p class=\"tspCCnp tspCCnq\">Alba Berlin hat beim Top Four um den Pokal der Basketball-Bundesliga das Finale erreicht. Der Rekordpokalsieger gewann am Abend in M\u00fcnchen sein Halbfinale gegen die EWE Baskets Oldenburg mit 98:78 (46:38). Finalgegner am Sonntag sind die Bamberg Baskets (16.30 Uhr\/Dyn, BR), die zuvor \u00fcberraschend gegen Gastgeber FC Bayern M\u00fcnchen gewonnen hatten. Beste Berliner Werfer waren die deutschen Nationalspieler Malte Delow mit 21 und Norris Agbakoko mit 16 Punkten.<\/p>\n<p class=\"tspCCnp\">Trainer Pedro Calles musste auf die verletzten Martin Hermannsson und Bennet Hundt verzichten, daf\u00fcr kehrte in Jack Kayil aber zumindest ein Point Guard zur\u00fcck. Die Berliner brauchten etwas, um in die Partie zu kommen. Die ersten Punkte fielen erst nach \u00fcber zwei Minuten. Aber dann kam Alba besser ins Tempospiel und \u00fcbernahm nach gut f\u00fcnf Minuten erstmalig die F\u00fchrung (12:11).<\/p>\n<p> Alba l\u00e4sst in der zweiten H\u00e4lfte nichts anbrennen <\/p>\n<p class=\"tspCCnp\">Die Berliner lie\u00dfen den Ball gut laufen und st\u00f6rten Oldenburg schon fr\u00fch im Aufbau. Zudem sammelten sie immer wieder wichtige Rebounds ein. Schon Ende des ersten Viertels wurde die F\u00fchrung zweistellig (26:15). Erst Mitte des zweiten Abschnittes verlor der Rekordpokalsieger seinen Rhythmus und Oldenburg kam wieder heran.\u00a0<\/p>\n<p class=\"tspCCnp\">Alba antwortete aber noch vor der Pause und setzte sich im dritten Viertel wieder auf 18 Punkte ab (59:41). Doch die Niedersachsen k\u00e4mpften und die Berliner erlaubten sich anschlie\u00dfend wieder zu viele Ballverluste. Aber selbst als im letzten Viertel Alba \u00fcber vier Minuten keinen Punkt erzielte, konnte Oldenburg das nicht ausnutzen. Und am Ende zog Alba wieder davon.<\/p>\n<p class=\"tspCCnp\">\u00a9 dpa-infocom, dpa:260221-930-718330\/1<\/p>\n<p class=\"tspCCnp\">Das ist eine Nachricht direkt aus dem dpa-Newskanal.<\/p>\n","protected":false},"excerpt":{"rendered":"Alba Berlin hat beim Top Four um den Pokal der Basketball-Bundesliga das Finale erreicht. Der Rekordpokalsieger gewann am&hellip;\n","protected":false},"author":2,"featured_media":815543,"comment_status":"","ping_status":"","sticky":false,"template":"","format":"standard","meta":{"footnotes":"","_share_on_mastodon":"0"},"categories":[1825],"tags":[296,29,30],"class_list":["post-815542","post","type-post","status-publish","format-standard","has-post-thumbnail","category-berlin","tag-berlin","tag-deutschland","tag-germany"],"share_on_mastodon":{"url":"https:\/\/pubeurope.com\/@de\/116110712331338672","error":""},"_links":{"self":[{"href":"https:\/\/www.europesays.com\/de\/wp-json\/wp\/v2\/posts\/815542","targetHints":{"allow":["GET"]}}],"collection":[{"href":"https:\/\/www.europesays.com\/de\/wp-json\/wp\/v2\/posts"}],"about":[{"href":"https:\/\/www.europesays.com\/de\/wp-json\/wp\/v2\/types\/post"}],"author":[{"embeddable":true,"href":"https:\/\/www.europesays.com\/de\/wp-json\/wp\/v2\/users\/2"}],"replies":[{"embeddable":true,"href":"https:\/\/www.europesays.com\/de\/wp-json\/wp\/v2\/comments?post=815542"}],"version-history":[{"count":0,"href":"https:\/\/www.europesays.com\/de\/wp-json\/wp\/v2\/posts\/815542\/revisions"}],"wp:featuredmedia":[{"embeddable":true,"href":"https:\/\/www.europesays.com\/de\/wp-json\/wp\/v2\/media\/815543"}],"wp:attachment":[{"href":"https:\/\/www.europesays.com\/de\/wp-json\/wp\/v2\/media?parent=815542"}],"wp:term":[{"taxonomy":"category","embeddable":true,"href":"https:\/\/www.europesays.com\/de\/wp-json\/wp\/v2\/categories?post=815542"},{"taxonomy":"post_tag","embeddable":true,"href":"https:\/\/www.europesays.com\/de\/wp-json\/wp\/v2\/tags?post=815542"}],"curies":[{"name":"wp","href":"https:\/\/api.w.org\/{rel}","templated":true}]}}