{"id":815571,"date":"2026-02-21T21:37:27","date_gmt":"2026-02-21T21:37:27","guid":{"rendered":"https:\/\/www.europesays.com\/de\/815571\/"},"modified":"2026-02-21T21:37:27","modified_gmt":"2026-02-21T21:37:27","slug":"kriminelle-zapfen-mehrere-lkw-auf-firmengelaende-an","status":"publish","type":"post","link":"https:\/\/www.europesays.com\/de\/815571\/","title":{"rendered":"Kriminelle zapfen mehrere Lkw auf Firmengel\u00e4nde an"},"content":{"rendered":"<p>N\u00e4chtlicher Diebstahl <\/p>\n<p>Kriminelle zapfen Kraftstoff aus mehreren Lkws<\/p>\n<p>20.02.2026 &#8211; 11:24 UhrLesedauer: 1 Min.<\/p>\n<p><a href=\"#focus-0\" class=\"transition-colors duration-200 block text-current relative\" data-sctrack=\"FocusGalleryImage.Reference\"><img fetchpriority=\"high\" data-testid=\"Opener.Image\" style=\"--lqipURL:url('https:\/\/images.t-online.de\/2026\/02\/6WB4rlfTl1XE\/0x107:2048x1152\/fit-in\/150x0\/filters:blur(25)\/polizei-symbolbild-die-polizei-ermittelt-nach-einem-kraftstoff-diebstahl.jpg')\"   loading=\"eager\" src=\"https:\/\/www.europesays.com\/de\/wp-content\/uploads\/2026\/02\/polizei-symbolbild-die-polizei-ermittelt-nach-einem-kraftstoff-diebstahl.jpg\" alt=\"urn:newsml:dpa.com:20090101:260219-935-1163039\" title=\"urn:newsml:dpa.com:20090101:260219-935-1163039\" width=\"2048\" height=\"1152\" class=\"bg-[url:var(--lqipURL)] bg-cover bg-center flex h-full w-full max-w-full\" decoding=\"async\"\/><img style=\"--width:32;--height:32\" loading=\"lazy\" src=\"https:\/\/aachen.t-online.de\/s\/paper\/_next\/static\/media\/zoom-in.f7dae02f.svg\" alt=\"Vergr\u00f6\u00dfern des Bildes\" title=\"Vergr\u00f6\u00dfern des Bildes\" class=\"block h-[calc(var(--height)_\/_16_*_1rem)] w-[calc(var(--width)_\/_16_*_1rem)] max-w-none absolute bottom-8 right-8 rounded-4 bg-snow p-8\" decoding=\"async\"\/><\/a><\/p>\n<p>Polizei (Symbolbild): Die Polizei ermittelt nach einem Kraftstoff-Diebstahl. (Quelle: David Inderlied)<\/p>\n<p class=\"font-bold text-18 leading-17 user-text-lg:text-22 user-text-xl:text-24\">Unbekannte T\u00e4ter schlagen in der Nacht zum Donnerstag auf dem Gel\u00e4nde einer Fahrzeugvermietung in Alsdorf zu. Die Kriminalpolizei sucht nach Zeugen.<\/p>\n<p class=\"text-18 leading-17 user-text-lg:text-22 user-text-xl:text-24\">In Alsdorf haben Unbekannte zwischen Mittwochabend (18. Februar) und Donnerstagmorgen Kraftstoff aus mehreren Lkw-Tanks gestohlen. Der Diebstahl ereignete sich im Zeitraum zwischen 20.30 Uhr und 8.30 Uhr.<\/p>\n<p class=\"text-18 leading-17 user-text-lg:text-22 user-text-xl:text-24\">Nach derzeitigen Erkenntnissen betraten die unbekannten T\u00e4ter das Firmengel\u00e4nde einer Fahrzeugvermietung im Bereich der Trommsdorffstra\u00dfe. Dort brachen sie an mindestens f\u00fcnf Lkw die Kraftstofftanks auf und pumpten den Kraftstoff ab.<\/p>\n<p class=\"text-18 leading-17 user-text-lg:text-22 user-text-xl:text-24\">Die Kriminalpolizei hat die Ermittlungen aufgenommen und sucht nach Zeugen. Wer etwas beobachtet hat oder Hinweise geben kann, soll sich melden: w\u00e4hrend der B\u00fcrozeiten unter der Rufnummer 0241-9577 33401 oder au\u00dferhalb der B\u00fcrozeiten unter 0241-9577 34210.<\/p>\n","protected":false},"excerpt":{"rendered":"N\u00e4chtlicher Diebstahl Kriminelle zapfen Kraftstoff aus mehreren Lkws 20.02.2026 &#8211; 11:24 UhrLesedauer: 1 Min. Polizei (Symbolbild): Die Polizei&hellip;\n","protected":false},"author":2,"featured_media":815572,"comment_status":"","ping_status":"","sticky":false,"template":"","format":"standard","meta":{"footnotes":"","_share_on_mastodon":"0"},"categories":[1853],"tags":[722,17161,1424,18026,3364,29,1686,548,663,3934,183136,30,13,67050,983,14,15,1209,121,12],"class_list":["post-815571","post","type-post","status-publish","format-standard","has-post-thumbnail","category-aachen","tag-722","tag-17161","tag-aachen","tag-alsdorf","tag-de","tag-deutschland","tag-diebstahl","tag-eu","tag-europa","tag-europe","tag-fahrzeugvermietung","tag-germany","tag-headlines","tag-kraftstoff","tag-kripo","tag-nachrichten","tag-news","tag-nordrhein-westfalen","tag-polizei","tag-schlagzeilen"],"share_on_mastodon":{"url":"https:\/\/pubeurope.com\/@de\/116110783135603802","error":""},"_links":{"self":[{"href":"https:\/\/www.europesays.com\/de\/wp-json\/wp\/v2\/posts\/815571","targetHints":{"allow":["GET"]}}],"collection":[{"href":"https:\/\/www.europesays.com\/de\/wp-json\/wp\/v2\/posts"}],"about":[{"href":"https:\/\/www.europesays.com\/de\/wp-json\/wp\/v2\/types\/post"}],"author":[{"embeddable":true,"href":"https:\/\/www.europesays.com\/de\/wp-json\/wp\/v2\/users\/2"}],"replies":[{"embeddable":true,"href":"https:\/\/www.europesays.com\/de\/wp-json\/wp\/v2\/comments?post=815571"}],"version-history":[{"count":0,"href":"https:\/\/www.europesays.com\/de\/wp-json\/wp\/v2\/posts\/815571\/revisions"}],"wp:featuredmedia":[{"embeddable":true,"href":"https:\/\/www.europesays.com\/de\/wp-json\/wp\/v2\/media\/815572"}],"wp:attachment":[{"href":"https:\/\/www.europesays.com\/de\/wp-json\/wp\/v2\/media?parent=815571"}],"wp:term":[{"taxonomy":"category","embeddable":true,"href":"https:\/\/www.europesays.com\/de\/wp-json\/wp\/v2\/categories?post=815571"},{"taxonomy":"post_tag","embeddable":true,"href":"https:\/\/www.europesays.com\/de\/wp-json\/wp\/v2\/tags?post=815571"}],"curies":[{"name":"wp","href":"https:\/\/api.w.org\/{rel}","templated":true}]}}