{"id":815587,"date":"2026-02-21T21:45:15","date_gmt":"2026-02-21T21:45:15","guid":{"rendered":"https:\/\/www.europesays.com\/de\/815587\/"},"modified":"2026-02-21T21:45:15","modified_gmt":"2026-02-21T21:45:15","slug":"baden-wuerttemberg-radfahrer-vs-autofahrerin-gehen-die-wuensche-wirklich-so-weit-auseinander","status":"publish","type":"post","link":"https:\/\/www.europesays.com\/de\/815587\/","title":{"rendered":"Baden-W\u00fcrttemberg: Radfahrer vs. Autofahrerin: Gehen die W\u00fcnsche wirklich so weit auseinander?"},"content":{"rendered":"<p>            <img loading=\"lazy\" decoding=\"async\" class=\"ts-image\" src=\"https:\/\/www.europesays.com\/de\/wp-content\/uploads\/2026\/02\/swr-die-sicherheit-von-radwegen-und-die-nahverkehrs-versorgung-auf-dem-land-zwei-von-vielen-themen-r.jpeg\" alt=\"Radfahrer Arne Warnke aus Mannheim und Autofahrerin Claudia Gansel aus Weil der Stadt \" title=\"Die Sicherheit von Radwegen und die Nahverkehrs-Versorgung auf dem Land: Zwei von vielen Themen rund um die Landtagswahl in Baden-W\u00fcrttemberg.  | SWR\"\/><\/p>\n<p class=\"metatextline\">Stand: 21.02.2026 \u2022 20:18 Uhr<\/p>\n<p class=\"article-head__shorttext\">\n        <strong><strong>Sichere Radwege und eine bessere Nahverkehrs-Anbindung f\u00fcr Menschen auf dem Land &#8211; was ein Mannheimer und eine Frau aus Weil der Stadt dazu zu sagen haben und was sie fordern.<\/strong><\/strong>\n    <\/p>\n<p>Von Wolfgang Kessel, Fabian Ziehe\n                    <\/p>\n<p class=\"textabsatz m-ten m-offset-one l-eight l-offset-two columns twelve\">Vor der Landtagswahl <a href=\"https:\/\/www.swr.de\/swraktuell\/wahlen\/landtagswahl\/baden-wuerttemberg-2026-protagonisten-aufruf-100.html\" title=\"haben wir die Menschen in Baden-W\u00fcrttemberg gefragt, was sie bewegt\" class=\"textlink--extern\" target=\"_blank\" rel=\"noopener nofollow\">haben wir die Menschen in Baden-W\u00fcrttemberg gefragt, was sie bewegt<\/a>. \u00dcber unseren Aufruf hat sich zum Beispiel Claudia Gansel aus Weil der Stadt (Kreis B\u00f6blingen) gemeldet. Die 59-J\u00e4hrige wohnt im Teilort Hausen, der idyllisch-l\u00e4ndlich im W\u00fcrmtal liegt. Das macht das Hin- und Wegkommen aber schwierig: Der Bus f\u00e4hrt meist nur ein Mal in der Stunde &#8211; und in den Randzeiten wird es ganz d\u00fcnn.<\/p>\n<p>    Autofahrerin: Nahverkehr auf dem Land muss auch nutzbar sein<\/p>\n<p class=\"textabsatz m-ten m-offset-one l-eight l-offset-two columns twelve\">&#8222;Ich w\u00fcrde mir w\u00fcnschen, dass der \u00f6ffentliche Nahverkehr im l\u00e4ndlichen Raum besser ausgebaut ist, dass man auch die Chance hat, ihn zu nutzen&#8220;, sagt sie. Sie selbst arbeitet im Schichtbetrieb in einem Chemieunternehmen in B\u00f6blingen, gut 30 Kilometer entfernt. Sie kann w\u00e4hlen: Eine halbe Stunde recht verl\u00e4sslich mit dem Auto oder eineinhalb Stunden mit Bus und S-Bahn &#8211; wenn alles glatt geht. Zu Beginn der Fr\u00fch- oder Ende der Sp\u00e4tschicht wird es noch unattraktiver.<\/p>\n<p>    Besserer \u00d6PNV, daf\u00fcr Verzicht auf Pendler-Pauschale<\/p>\n<p class=\"textabsatz m-ten m-offset-one l-eight l-offset-two columns twelve\">Auch f\u00fcr ihre drei mittlerweile erwachsenen T\u00f6chter waren die sp\u00e4rlichen Busverbindungen etwa zur Schule nach Pforzheim und die ewigen Elterntaxi-Fahrten zu Freunden und Freizeitaktivit\u00e4ten eine Last. &#8222;Deshalb w\u00fcnsche ich mir, dass mehr Busse fahren und dass man hier auch zu vern\u00fcnftigen Zeiten weg- und wieder herkommt&#8220;, sagt Claudia Gansel. Klar, dass das Geld kostet. Aber sie w\u00fcrde gerne auf die Pendler-Pauschale verzichten, wenn das Land daf\u00fcr mehr in den \u00d6PNV investiert.<\/p>\n<p>    Deutschlandticket &#8222;eine tolle Idee&#8220;<\/p>\n<p class=\"textabsatz m-ten m-offset-one l-eight l-offset-two columns twelve\">Denn auch, wenns im \u00d6PNV immer etwas l\u00e4nger dauert: Aus \u00f6kologischen Gr\u00fcnden w\u00fcrde sie trotzdem gerne umsteigen. Statt dem teuren Sprit w\u00fcrde Gansel ihr Geld lieber in ein Deutschlandticket stecken &#8211; denn das sei &#8222;einfach eine tolle Idee&#8220;. Wenn da mehr Impulse aus der Politik k\u00e4men, gerade mit Blick auf die Landtagswahl: Claudia Gansel w\u00fcrde sich freuen. Das Deutschlandticket kostet seit Januar 63 Euro. Es kann in ganz Deutschland im Nah- und Regionalverkehr in der zweiten Klasse genutzt werden &#8211; in Bussen, Bahnen, U-Bahnen und Regional-Z\u00fcgen. Die Frage ist nur, was das Deutschlandticket Claudia Gansel bringen w\u00fcrde, wenn der \u00d6PNV in l\u00e4ndlichen Regionen nicht gut genug ausgebaut ist.<\/p>\n<p>    Wunsch nach sicherem Radweg in Mannheim<\/p>\n<p class=\"textabsatz m-ten m-offset-one l-eight l-offset-two columns twelve\">Arne Warnke, 41 Jahre alter Mathematiker aus Mannheim, <a href=\"https:\/\/www.swr.de\/swraktuell\/wahlen\/landtagswahl\/baden-wuerttemberg-2026-protagonisten-aufruf-100.html\" title=\"hat dem SWR geschrieben\" class=\"textlink--extern\" target=\"_blank\" rel=\"noopener nofollow\">hat dem SWR geschrieben<\/a>, dass er sich von der Politik vor allem sichere Radwege w\u00fcnscht. Warnke ist Mitglied im ADFC (Allgemeiner Deutscher Fahrradclub) und seine &#8222;Haus-Radstrecke&#8220; im S\u00fcden Mannheims ist auf den ersten Blick ein Vorzeige-Radweg: breit, rot-gepflastert und da, wo es \u00fcber querende Stra\u00dfen geht, ist die Stra\u00dfe extra rot markiert, zus\u00e4tzlich mit blau-wei\u00dfen Fahrradsymbolen.<\/p>\n<p class=\"absatzbild__info__text\">\n                        Arne Warnke mit seinen beiden Kindern an der Ecke Feldbergstra\u00dfe\/Steubenstra\u00dfe in Mannheim-Neckarau.\n                    <\/p>\n<p>    Gefahr wegen Vorfahrts-Missachtung<\/p>\n<p class=\"textabsatz m-ten m-offset-one l-eight l-offset-two columns twelve\">Doch besonders an einer Stra\u00dfenquerung (Steubenstra\u00dfe\/Feldbergstra\u00dfe) kommt es laut Warnke immer wieder zu Beinahe- oder echten Unf\u00e4llen zwischen Radfahrenden und Autos. Das liege daran, klagt Warnke, dass Autofahrerinnen und Autofahrer dort oft einfach ab- oder einb\u00f6gen ohne dabei die Vorfahrt der Radfahrenden zu achten. Die Polizei best\u00e4tigte auf SWR-Anfrage, dass sich die &#8222;Unfallsituation an der genannten \u00d6rtlichkeit gegenw\u00e4rtig wieder verschlechtert&#8220;. Es w\u00fcrden nun &#8222;erg\u00e4nzende bauliche oder verkehrsregelnde Ma\u00dfnahmen&#8220; gepr\u00fcft.<\/p>\n<blockquote class=\"zitat\">\n<p>\n                    Viele Unf\u00e4lle passieren durch Abbiegevorg\u00e4nge, wo Autofahrende eigentlich warten m\u00fcssten, es aber nicht tun.<br \/>\n<strong>Arne Warnke, Fahrradfahrer aus Mannheim<\/strong><\/p>\n<\/blockquote>\n<p class=\"absatzbild__info__text\">\n                        Wenn Autos einen markierten Radweg kreuzen, kann es gef\u00e4hrlich werden &#8211; so wie hier in Mannheim-Neckarau.\n                    <\/p>\n<p>    Radweg in Mannheim: &#8222;Mach den Schulterblick, mach auf dich aufmerksam&#8220;<\/p>\n<p class=\"textabsatz m-ten m-offset-one l-eight l-offset-two columns twelve\">Arne Warnke nutzt den Radweg auch \u00f6fter mit seinen beiden acht und f\u00fcnf Jahre alten Kindern. Denen versuche er so fr\u00fch wie m\u00f6glich beizubringen: &#8222;Halt an, verzichte auf deine Vorfahrt, mach einen Schulterblick, guck nach links hinten, guck nach rechts, ob die Autos wirklich halten, mach auf dich aufmerksam.&#8220; Alleine d\u00fcrften die Kinder hier nicht fahren. Entweder sei er dabei oder die Mutter, so Warnke.<\/p>\n<p>    Wunsch an Politik: Tempo 30 und Bodenschwellen<\/p>\n<p class=\"textabsatz m-ten m-offset-one l-eight l-offset-two columns twelve\">Er w\u00fcnscht sich von der Politik, dass auf der Stra\u00dfe Tempo 30 f\u00fcr Autofahrende eingef\u00fchrt wird (aktuell Tempo 50), au\u00dferdem Bodenschwellen &#8211; und zwar dort, wo der Radweg \u00fcber die Stra\u00dfe f\u00fchrt. Tats\u00e4chlich ist immerhin die Temporeduzierung auf 30 km\/h politisch auf dem Weg. Es gibt dazu einen Beschluss des Mannheimer Gemeinderats aus dem vergangenem Sommer. Wann die Geschwindigkeitsbegrenzung tats\u00e4chlich eingef\u00fchrt wird, ist aber noch offen. Der Grund daf\u00fcr ist ein offensichtlich sehr kompliziertes Verfahren.<\/p>\n<p class=\"absatzbild__info__text\">\n                        Rot markierter Radweg mit blauem Radfahr-Symbol in Mannheim-Neckarau.\n                    <\/p>\n<p>    Stadt Mannheim: &#8222;Noch viele Arbeitsschritte erforderlich&#8220;<\/p>\n<p class=\"textabsatz m-ten m-offset-one l-eight l-offset-two columns twelve\">Ein Stadtsprecher teilte dem SWR dazu auf Anfrage mit, f\u00fcr die Temporeduzierung seien &#8222;noch viele Arbeitsschritte erforderlich&#8220;. In seinen weiteren Erkl\u00e4rungen kommen Begrifflichkeiten wie &#8222;Ausf\u00fchrungsplanung&#8220; vor, au\u00dferdem Ver\u00e4nderungen &#8222;stra\u00dfenverkehrsrechtlich relevanter Verkehrszeichen&#8220; und kleinteilige Genehmigungen, die es f\u00fcr jeden Schritt brauche. Dazu m\u00fcsse nat\u00fcrlich die Finanzierung gesichert sein. Das k\u00f6nnte schwierig werden, gerade mit Blick auf den aktuellen Sparhaushalt der Stadt Mannheim. Immerhin: &#8222;Die Umsetzung des L\u00e4rmaktionsplans beginnt voraussichtlich 2026 mit priorisierten Stra\u00dfen.&#8220; Ob da aber die Stra\u00dfe mit Arne Warnkes Radweg dabei ist, ist unklar.<\/p>\n<p>    Mehr zur Landtagswahl 2026 in Baden-W\u00fcrttemberg<\/p>\n<ul class=\"buttongroup buttongroup--copytext\">\n<li class=\"buttongroup__item\">\n<p>    <a class=\"btn btn--text btn--standard-secondary btn--fullwidth\" href=\"https:\/\/www.swr.de\/swraktuell\/wahlen\/landtagswahl\/baden-wuerttemberg-2026-protagonisten-aufruf-100.html\" rel=\"nofollow noopener\" target=\"_blank\"><br \/>\n        Was bewegt Sie rund um die Landtagswahl 2026 in BW?<\/p>\n<p>  Pfeil rechts<\/p>\n<p>    <\/a>\n<\/li>\n<\/ul>\n<p>                                        <a class=\"backlink__link\" href=\"https:\/\/www.swr.de\/swraktuell\/wahlen\/landtagswahl\/mobilitaet-radfahren-sicherheit-nahverkehr-auto-land-anbindung-mannheim-weil-der-stadt-100.html\" rel=\"nofollow noopener\" target=\"_blank\"><\/p>\n<p>                                                <img decoding=\"async\" src=\"https:\/\/images.tagesschau.de\/image\/d14251d0-d158-4797-a47c-e97e1e58a56b\/AAABlap_vas\/AAABmyZDc0k\/original\/lra-swr-logo-100.svg\" alt=\"S\u00fcdwestrundfunk\"\/><\/p>\n<p>                                        <\/a><\/p>\n","protected":false},"excerpt":{"rendered":"Stand: 21.02.2026 \u2022 20:18 Uhr Sichere Radwege und eine bessere Nahverkehrs-Anbindung f\u00fcr Menschen auf dem Land &#8211; was&hellip;\n","protected":false},"author":2,"featured_media":815588,"comment_status":"","ping_status":"","sticky":false,"template":"","format":"standard","meta":{"footnotes":"","_share_on_mastodon":"0"},"categories":[1845],"tags":[1634,3364,29,548,663,3934,30,13,2096,14,15,12,1755],"class_list":["post-815587","post","type-post","status-publish","format-standard","has-post-thumbnail","category-mannheim","tag-baden-wuerttemberg","tag-de","tag-deutschland","tag-eu","tag-europa","tag-europe","tag-germany","tag-headlines","tag-mannheim","tag-nachrichten","tag-news","tag-schlagzeilen","tag-swr"],"share_on_mastodon":{"url":"https:\/\/pubeurope.com\/@de\/116110814491685101","error":""},"_links":{"self":[{"href":"https:\/\/www.europesays.com\/de\/wp-json\/wp\/v2\/posts\/815587","targetHints":{"allow":["GET"]}}],"collection":[{"href":"https:\/\/www.europesays.com\/de\/wp-json\/wp\/v2\/posts"}],"about":[{"href":"https:\/\/www.europesays.com\/de\/wp-json\/wp\/v2\/types\/post"}],"author":[{"embeddable":true,"href":"https:\/\/www.europesays.com\/de\/wp-json\/wp\/v2\/users\/2"}],"replies":[{"embeddable":true,"href":"https:\/\/www.europesays.com\/de\/wp-json\/wp\/v2\/comments?post=815587"}],"version-history":[{"count":0,"href":"https:\/\/www.europesays.com\/de\/wp-json\/wp\/v2\/posts\/815587\/revisions"}],"wp:featuredmedia":[{"embeddable":true,"href":"https:\/\/www.europesays.com\/de\/wp-json\/wp\/v2\/media\/815588"}],"wp:attachment":[{"href":"https:\/\/www.europesays.com\/de\/wp-json\/wp\/v2\/media?parent=815587"}],"wp:term":[{"taxonomy":"category","embeddable":true,"href":"https:\/\/www.europesays.com\/de\/wp-json\/wp\/v2\/categories?post=815587"},{"taxonomy":"post_tag","embeddable":true,"href":"https:\/\/www.europesays.com\/de\/wp-json\/wp\/v2\/tags?post=815587"}],"curies":[{"name":"wp","href":"https:\/\/api.w.org\/{rel}","templated":true}]}}