{"id":815652,"date":"2026-02-21T22:27:22","date_gmt":"2026-02-21T22:27:22","guid":{"rendered":"https:\/\/www.europesays.com\/de\/815652\/"},"modified":"2026-02-21T22:27:22","modified_gmt":"2026-02-21T22:27:22","slug":"elsdeer-prinz","status":"publish","type":"post","link":"https:\/\/www.europesays.com\/de\/815652\/","title":{"rendered":"Elsdeer &#8211; PRINZ"},"content":{"rendered":"<p>Elsdeer, das Musikprojekt der Multiinstrumentalistin Denise Dombrowski, erobert sich einen einzigartigen Platz in Berlins dynamischer Musikszene. Mit einem Klang, der \u00e4therische Melodien und ber\u00fchrende Erz\u00e4hlungen nahtlos miteinander verbindet, ist Elsdeers Musik eine tiefgr\u00fcndige und eindringliche Erkundung von Sehnsucht, Verbundenheit und Entdeckung. Ihre Reise hat Zuh\u00f6rer weltweit begeistert, von Kalifornien \u00fcber Irland, Japan und Thailand bis hin zu ganz Europa.<\/p>\n<p>Die Ver\u00f6ffentlichung ihres Deb\u00fctalbums \u201eNamara\u201c am 29. Februar 2024 markierte einen Wendepunkt in ihrer Karriere. Begleitet von einer Europatournee mit kompletter Band durch Deutschland, die Niederlande, Belgien, Frankreich und Luxemburg, demonstriert das Album ihr Talent, melancholische, immersive Klangwelten zu erschaffen, die die Zuh\u00f6rer tief ber\u00fchren.<\/p>\n<p>Nun schl\u00e4gt Elsdeer das n\u00e4chste Kapitel auf und nimmt eine neue EP auf, die ihren charakteristischen Sound und ihre k\u00fcnstlerische Vision erweitern soll.<\/p>\n<p>Bei ihrem Auftritt in der Buchhandlung Orinoco Books wird Elsdeer von Mark Loughrey (Banjo\/Mandoline) und Conor Cunningham (Fl\u00f6te\/Klarinette) begleitet.<\/p>\n","protected":false},"excerpt":{"rendered":"Elsdeer, das Musikprojekt der Multiinstrumentalistin Denise Dombrowski, erobert sich einen einzigartigen Platz in Berlins dynamischer Musikszene. Mit einem&hellip;\n","protected":false},"author":2,"featured_media":815653,"comment_status":"","ping_status":"","sticky":false,"template":"","format":"standard","meta":{"footnotes":"","_share_on_mastodon":"0"},"categories":[1832],"tags":[3364,29,30,71,859],"class_list":["post-815652","post","type-post","status-publish","format-standard","has-post-thumbnail","category-leipzig","tag-de","tag-deutschland","tag-germany","tag-leipzig","tag-sachsen"],"share_on_mastodon":{"url":"https:\/\/pubeurope.com\/@de\/116110979647509976","error":""},"_links":{"self":[{"href":"https:\/\/www.europesays.com\/de\/wp-json\/wp\/v2\/posts\/815652","targetHints":{"allow":["GET"]}}],"collection":[{"href":"https:\/\/www.europesays.com\/de\/wp-json\/wp\/v2\/posts"}],"about":[{"href":"https:\/\/www.europesays.com\/de\/wp-json\/wp\/v2\/types\/post"}],"author":[{"embeddable":true,"href":"https:\/\/www.europesays.com\/de\/wp-json\/wp\/v2\/users\/2"}],"replies":[{"embeddable":true,"href":"https:\/\/www.europesays.com\/de\/wp-json\/wp\/v2\/comments?post=815652"}],"version-history":[{"count":0,"href":"https:\/\/www.europesays.com\/de\/wp-json\/wp\/v2\/posts\/815652\/revisions"}],"wp:featuredmedia":[{"embeddable":true,"href":"https:\/\/www.europesays.com\/de\/wp-json\/wp\/v2\/media\/815653"}],"wp:attachment":[{"href":"https:\/\/www.europesays.com\/de\/wp-json\/wp\/v2\/media?parent=815652"}],"wp:term":[{"taxonomy":"category","embeddable":true,"href":"https:\/\/www.europesays.com\/de\/wp-json\/wp\/v2\/categories?post=815652"},{"taxonomy":"post_tag","embeddable":true,"href":"https:\/\/www.europesays.com\/de\/wp-json\/wp\/v2\/tags?post=815652"}],"curies":[{"name":"wp","href":"https:\/\/api.w.org\/{rel}","templated":true}]}}