{"id":815682,"date":"2026-02-21T22:42:36","date_gmt":"2026-02-21T22:42:36","guid":{"rendered":"https:\/\/www.europesays.com\/de\/815682\/"},"modified":"2026-02-21T22:42:36","modified_gmt":"2026-02-21T22:42:36","slug":"diese-gaeste-sind-am-donnerstag-im-tv-talk","status":"publish","type":"post","link":"https:\/\/www.europesays.com\/de\/815682\/","title":{"rendered":"Diese G\u00e4ste sind am Donnerstag im TV-Talk"},"content":{"rendered":"<ul class=\"[[data-group=summary]_&amp;]:my-0 my-10 [h3+&amp;]:mt-0 expressive-copy-lg\">\n<li>Regelm\u00e4\u00dfig am Donnerstag kommt eine neue Folge von Maybrit Illner<\/li>\n<li>Die Ausgabe am 5. Februar startet zur gewohnten Zeit<\/li>\n<li>Das sind die G\u00e4ste im heutigen TV-Talk<\/li>\n<\/ul>\n<p class=\"expressive-copy-lg-body\">Sie geh\u00f6rt zu den bekanntesten Talk-Moderatorinnen Deutschlands: <strong>Maybrit Illner<\/strong>. Jeden Donnerstag l\u00e4dt sie in die nach ihr benannte <a href=\"https:\/\/www.morgenpost.de\/kultur\/tv-streaming\/zdf\/\" data-category-full-path=\"https:\/\/www.morgenpost.de\/kultur\/tv-streaming\/\" data-paid-status=\"free\" data-article-publish-date=\"1631536199\" rel=\"nofollow noopener\" target=\"_blank\">ZDF<\/a>-Show ein, um mit ihren G\u00e4sten \u00fcber aktuelle und brisante Themen zu diskutieren. Ihre Gespr\u00e4chspartnerinnen und -partner sind meist in der Politik und der Medienbranche t\u00e4tig. Au\u00dferdem kommen regelm\u00e4\u00dfig entsprechende Expertinnen und Experten zu Wort.<\/p>\n<p class=\"expressive-copy-lg-body\">Worum geht es in der kommenden Ausgabe von \u201eMaybrit Illner\u201c? Wer ist im Studio zu <strong>Gast<\/strong>? Und wann l\u00e4uft die n\u00e4chste Folge? Die wichtigsten Infos zur <a href=\"https:\/\/www.morgenpost.de\/kultur\/tv-streaming\/talkshows-alle-shows-news-und-hintergruende\/\" data-category-full-path=\"https:\/\/www.morgenpost.de\/kultur\/tv-streaming\/\" data-paid-status=\"free\" data-article-publish-date=\"1623336581\" rel=\"nofollow noopener\" target=\"_blank\">Talkshow<\/a> am Donnerstag (19. Februar, 22.15 Uhr im ZDF) im \u00dcberblick.<\/p>\n<p class=\"expressive-copy-lg-body\"><strong>Auch interessant:<\/strong> <a href=\"https:\/\/www.morgenpost.de\/panorama\/article405353062\/bundestagswahl-tv-duell-moderatorin-maybrit-illner-ard-zdf-scholz-merz.html\" data-category-full-path=\"https:\/\/www.morgenpost.de\/panorama\/\" data-paid-status=\"free\" data-article-publish-date=\"1739132437\" rel=\"nofollow noopener\" target=\"_blank\">Talk-Meisterin Illner \u2013 \u201eSie ist, wie Gottschalk gern w\u00e4re\u201c<\/a><\/p>\n<p>\u201eMaybrit Illner\u201c: Um dieses Thema geht es am Donnerstag (19. Februar)<\/p>\n<p class=\"expressive-copy-lg-body\">Jeden Donnerstag diskutiert \u201eMaybrit Illner\u201c ein gesellschaftlich oder politisch relevantes Thema. In rund 60 Minuten geht es um verschiedene Meinungen und Ansichten, die sich in teils kontroversen Debatten herauskristallisieren. <\/p>\n<p class=\"expressive-copy-lg-body\">Das <strong>Thema<\/strong> am Donnerstag lautet:<strong> \u201eOhne Trump gegen Putin \u2013 ist Deutschland stark genug?\u201c <\/strong>Das ZDF schreibt dazu in einer Pressemitteilung: \u201eBundeskanzler Friedrich Merz markiert einen neuen Kurs in der deutschen Au\u00dfenpolitik. Mehr Realismus und mehr Unabh\u00e4ngigkeit. Auf der M\u00fcnchner Sicherheitskonferenz schickte er deutliche Worte nicht nur in Richtung Washington. Gut gebr\u00fcllt, L\u00f6we \u2013 doch wie viel St\u00e4rke steckt dahinter? Reicht das neue Selbstbewusstsein oder verst\u00f6rt es eher die europ\u00e4ischen Partner?\u201c<\/p>\n<p>    <img decoding=\"async\" src=\"https:\/\/www.europesays.com\/de\/wp-content\/uploads\/2026\/02\/404932889_1763036888_v16_9_1200.jpeg\" class=\"relative z-10 block w-full object-cover aspect-[16\/9] md:aspect-[16\/9] lg:aspect-[16\/9]\" alt=\"Moderatorin Maybritt Illner stehr vor einem lila Hintergrund, auf der das Logo ihrer Talkshow zu sehen ist.\" title=\"Maybrit Illner moderiert die nach ihr benannte Talkshow immer donnerstags im ZDF.\" loading=\"lazy\"\/><\/p>\n<p>\n      Maybrit Illner moderiert die nach ihr benannte Talkshow immer donnerstags im ZDF.<br \/>\n      \u00a9 Christian Schoppe\/ZDF | Unbekannt\n    <\/p>\n<p>  \u201eMaybrit Illner\u201c: Das sind ihre G\u00e4ste am Donnerstag (19. Februar)<\/p>\n<p class=\"expressive-copy-lg-body\">Mit diesen G\u00e4sten wird Maybrit Illner am Donnerstagabend diskutieren:<\/p>\n<ul class=\"[[data-group=summary]_&amp;]:my-0 my-10 [h3+&amp;]:mt-0 expressive-copy-lg\">\n<li><strong>Johann Wadephul<\/strong>, Bundesau\u00dfenminister<\/li>\n<li><strong>Carsten Breuer<\/strong>, Generalinspekteur der Bundeswehr<\/li>\n<li><strong>Manfred Weber<\/strong> (CSU), Fraktions- und Parteivorsitzender der Europ\u00e4ischen Volkspartei (EVP)<\/li>\n<li><strong>Florence Gaub<\/strong>, Politikwissenschaftlerin<\/li>\n<li>Marina Weisband, deutsch-ukrainische Publizistin<\/li>\n<li><strong>Frederik Pleitgen<\/strong>, CNN-Korrespondent<\/li>\n<\/ul>\n<p class=\"expressive-copy-lg-body\">Maybrit Illner geh\u00f6rt neben <a href=\"https:\/\/www.morgenpost.de\/kultur\/tv-streaming\/article401485540\/talkshow-tv-fernsehen-miosga-lanz-illner-maischberger-klammroth.html\" data-category-full-path=\"https:\/\/www.morgenpost.de\/kultur\/tv-streaming\/\" data-paid-status=\"free\" data-article-publish-date=\"1749656764\" rel=\"nofollow noopener\" target=\"_blank\">Sandra Maischberger und Markus Lanz zu den erfolgreichsten Talkshow-Moderatorinnen<\/a> in Deutschland. Ihre Sendung ist seit 1999 im <strong>ZDF<\/strong> zu sehen und wurde zun\u00e4chst unter dem Titel \u201eBerlin Mitte\u201c ausgestrahlt.<\/p>\n<p>Das sind die n\u00e4chsten Termine von \u201eMaybrit Illner\u201c im ZDF<\/p>\n<ul class=\"[[data-group=summary]_&amp;]:my-0 my-10 [h3+&amp;]:mt-0 expressive-copy-lg\">\n<li>Donnerstag, 26. Februar, 22.15 Uhr<\/li>\n<li>Donnerstag, 5. M\u00e4rz, 22.15 Uhr<\/li>\n<li>Donnerstag, 12. M\u00e4rz, 22.20 Uhr<\/li>\n<li>Donnerstag, 19. M\u00e4rz, 22.15 Uhr<\/li>\n<\/ul>\n<p>            Exklusive Politik-Hintergr\u00fcnde \u2013 f\u00fcr Sie recherchiert<\/p>\n<p>  Nach der Ausstrahlung: So sehen Sie \u201eMaybrit Illner\u201c in der ZDF-Mediathek<\/p>\n<p class=\"expressive-copy-lg-body\">Kurz nach der Ausstrahlung im ZDF ist die jeweils aktuelle Folge von \u201eMaybrit Illner\u201c auch <strong>online<\/strong> verf\u00fcgbar. Sie kann dann <a href=\"https:\/\/www.zdf.de\/politik\/maybrit-illner\" rel=\"nofollow noopener\" target=\"_blank\">in der ZDF-Mediathek<\/a> als Stream abgerufen werden.<\/p>\n<p>\u201eMaybrit Illner\u201c: Die wichtigsten Fragen und Antworten zum ZDF-Talk<\/p>\n<p class=\"expressive-copy-lg-body\"><strong>Was f\u00fcr eine Sendung ist \u201eMaybrit Illner\u201c?<\/strong><\/p>\n<p class=\"expressive-copy-lg-body\">\u201eMaybrit Illner\u201c ist eine politische Talkshow, die im ZDF ausgestrahlt wird. Die Sendung wird von der Journalistin Maybrit Illner moderiert. Diskutiert werden aktuelle politische, gesellschaftliche und wirtschaftliche Themen.<\/p>\n<p class=\"expressive-copy-lg-body\"><strong>Wann wird \u201eMaybrit Illner\u201c ausgestrahlt?<\/strong><\/p>\n<p class=\"expressive-copy-lg-body\">Die Sendung wird in der Regel donnerstags um 22.15 Uhr ausgestrahlt.<\/p>\n<p class=\"expressive-copy-lg-body\"><strong>Wer sind die G\u00e4ste bei \u201eMaybrit Illner\u201c?<\/strong><\/p>\n<p class=\"expressive-copy-lg-body\">Die G\u00e4steliste variiert von Woche zu Woche. Im Studio sind oft Politiker und Politikerinnen, Medienschaffende, Wissenschaftler und Wissenschaftlerinnen sowie andere Experten.<\/p>\n<p class=\"expressive-copy-lg-body\"><strong>\u201eMaybrit Illner\u201c: Kann ich die Sendung auch online sehen?<\/strong><\/p>\n<p class=\"expressive-copy-lg-body\">Ja, verpasste Folgen von \u201eMaybrit Illner\u201c k\u00f6nnen in der ZDF-Mediathek angesehen werden. Dort stehen sie in der Regel kurz nach der Ausstrahlung zur Verf\u00fcgung.<\/p>\n<p class=\"expressive-copy-lg-body\"><strong>Wie lange gibt es die Sendung schon?<\/strong><\/p>\n<p class=\"expressive-copy-lg-body\">Die Sendung wurde erstmals im Jahr 1999 unter dem Namen \u201eBerlin Mitte\u201c ausgestrahlt. Seit 2007 tr\u00e4gt sie den Namen der Moderatorin Maybrit Illner. <\/p>\n<p class=\"expressive-copy-lg-body\">(fmg)<\/p>\n","protected":false},"excerpt":{"rendered":"Regelm\u00e4\u00dfig am Donnerstag kommt eine neue Folge von Maybrit Illner Die Ausgabe am 5. Februar startet zur gewohnten&hellip;\n","protected":false},"author":2,"featured_media":815683,"comment_status":"","ping_status":"","sticky":false,"template":"","format":"standard","meta":{"footnotes":"","_share_on_mastodon":"0"},"categories":[1825],"tags":[1941,1939,296,1937,29,30,1940,1938],"class_list":["post-815682","post","type-post","status-publish","format-standard","has-post-thumbnail","category-berlin","tag-aktuelle-nachrichten-aus-berlin","tag-aktuelle-news-aus-berlin","tag-berlin","tag-berlin-news","tag-deutschland","tag-germany","tag-nachrichten-aus-berlin","tag-news-aus-berlin"],"share_on_mastodon":{"url":"https:\/\/pubeurope.com\/@de\/116111038841135052","error":""},"_links":{"self":[{"href":"https:\/\/www.europesays.com\/de\/wp-json\/wp\/v2\/posts\/815682","targetHints":{"allow":["GET"]}}],"collection":[{"href":"https:\/\/www.europesays.com\/de\/wp-json\/wp\/v2\/posts"}],"about":[{"href":"https:\/\/www.europesays.com\/de\/wp-json\/wp\/v2\/types\/post"}],"author":[{"embeddable":true,"href":"https:\/\/www.europesays.com\/de\/wp-json\/wp\/v2\/users\/2"}],"replies":[{"embeddable":true,"href":"https:\/\/www.europesays.com\/de\/wp-json\/wp\/v2\/comments?post=815682"}],"version-history":[{"count":0,"href":"https:\/\/www.europesays.com\/de\/wp-json\/wp\/v2\/posts\/815682\/revisions"}],"wp:featuredmedia":[{"embeddable":true,"href":"https:\/\/www.europesays.com\/de\/wp-json\/wp\/v2\/media\/815683"}],"wp:attachment":[{"href":"https:\/\/www.europesays.com\/de\/wp-json\/wp\/v2\/media?parent=815682"}],"wp:term":[{"taxonomy":"category","embeddable":true,"href":"https:\/\/www.europesays.com\/de\/wp-json\/wp\/v2\/categories?post=815682"},{"taxonomy":"post_tag","embeddable":true,"href":"https:\/\/www.europesays.com\/de\/wp-json\/wp\/v2\/tags?post=815682"}],"curies":[{"name":"wp","href":"https:\/\/api.w.org\/{rel}","templated":true}]}}