{"id":815688,"date":"2026-02-21T22:45:34","date_gmt":"2026-02-21T22:45:34","guid":{"rendered":"https:\/\/www.europesays.com\/de\/815688\/"},"modified":"2026-02-21T22:45:34","modified_gmt":"2026-02-21T22:45:34","slug":"mann-schiesst-im-streit-mit-schreckschusswaffe-auf-kontrahenten-2","status":"publish","type":"post","link":"https:\/\/www.europesays.com\/de\/815688\/","title":{"rendered":"Mann schie\u00dft im Streit mit Schreckschusswaffe auf Kontrahenten"},"content":{"rendered":"<p class=\"tspCCnp tspCCnq\">Bei einem Streit in <a class=\"link link--internal\" data-gtm-class=\"article-text-link\" data-gtm-val=\"internal\">Berlin-Friedrichshain<\/a> sind mehrere Sch\u00fcsse aus einer Schreckschusspistole abgefeuert worden. Verletzt wurde dabei nach Polizeiangaben niemand. Allerdings habe ein 37-J\u00e4hriger \u00fcber Schmerzen am Ohr geklagt. Eine medizinische Behandlung habe der Mann aber abgelehnt.\u00a0<\/p>\n<p class=\"tspCCnp\">Nach bisherigen Erkenntnissen und Zeugenaussagen gerieten zwei M\u00e4nner in der Nacht in der Frankfurter Allee in Streit, wie die Polizei berichtete. Dabei soll der 37-J\u00e4hrige einen 22-J\u00e4hrigen beleidigt und ins Gesicht geschlagen haben. Daraufhin soll der J\u00fcngere geschossen haben. Dann seien sie weggelaufen.\u00a0<\/p>\n<p> Quiz: K\u00f6rperverletzung, Einbruch, Raub \u2013 wo ist Berlin am gef\u00e4hrlichsten? <\/p>\n<p class=\"tspCCnp\">Polizisten trafen die M\u00e4nner allerdings in der N\u00e4he an und fanden bei dem J\u00fcngeren eine Schreckschusswaffe und Bet\u00e4ubungsmittel. Der Mann wurde vor\u00fcbergehend festgenommen f\u00fcr eine Blutentnahme, und um seine Personalien festzuhalten. (dpa)<\/p>\n","protected":false},"excerpt":{"rendered":"Bei einem Streit in Berlin-Friedrichshain sind mehrere Sch\u00fcsse aus einer Schreckschusspistole abgefeuert worden. Verletzt wurde dabei nach Polizeiangaben&hellip;\n","protected":false},"author":2,"featured_media":781619,"comment_status":"","ping_status":"","sticky":false,"template":"","format":"standard","meta":{"footnotes":"","_share_on_mastodon":"0"},"categories":[1825],"tags":[296,29,30,121,4908],"class_list":["post-815688","post","type-post","status-publish","format-standard","has-post-thumbnail","category-berlin","tag-berlin","tag-deutschland","tag-germany","tag-polizei","tag-polizeieinsatz"],"share_on_mastodon":{"url":"https:\/\/pubeurope.com\/@de\/116111050443685689","error":""},"_links":{"self":[{"href":"https:\/\/www.europesays.com\/de\/wp-json\/wp\/v2\/posts\/815688","targetHints":{"allow":["GET"]}}],"collection":[{"href":"https:\/\/www.europesays.com\/de\/wp-json\/wp\/v2\/posts"}],"about":[{"href":"https:\/\/www.europesays.com\/de\/wp-json\/wp\/v2\/types\/post"}],"author":[{"embeddable":true,"href":"https:\/\/www.europesays.com\/de\/wp-json\/wp\/v2\/users\/2"}],"replies":[{"embeddable":true,"href":"https:\/\/www.europesays.com\/de\/wp-json\/wp\/v2\/comments?post=815688"}],"version-history":[{"count":0,"href":"https:\/\/www.europesays.com\/de\/wp-json\/wp\/v2\/posts\/815688\/revisions"}],"wp:featuredmedia":[{"embeddable":true,"href":"https:\/\/www.europesays.com\/de\/wp-json\/wp\/v2\/media\/781619"}],"wp:attachment":[{"href":"https:\/\/www.europesays.com\/de\/wp-json\/wp\/v2\/media?parent=815688"}],"wp:term":[{"taxonomy":"category","embeddable":true,"href":"https:\/\/www.europesays.com\/de\/wp-json\/wp\/v2\/categories?post=815688"},{"taxonomy":"post_tag","embeddable":true,"href":"https:\/\/www.europesays.com\/de\/wp-json\/wp\/v2\/tags?post=815688"}],"curies":[{"name":"wp","href":"https:\/\/api.w.org\/{rel}","templated":true}]}}