{"id":815748,"date":"2026-02-21T23:22:09","date_gmt":"2026-02-21T23:22:09","guid":{"rendered":"https:\/\/www.europesays.com\/de\/815748\/"},"modified":"2026-02-21T23:22:09","modified_gmt":"2026-02-21T23:22:09","slug":"zoma-treffer-reicht-nicht-auswaertsschwaeche-bleibt-die-bilder-zum-fcn-remis-in-bochum","status":"publish","type":"post","link":"https:\/\/www.europesays.com\/de\/815748\/","title":{"rendered":"Zoma-Treffer reicht nicht &#8211; Ausw\u00e4rtsschw\u00e4che bleibt: Die Bilder zum FCN-Remis in Bochum"},"content":{"rendered":"<p>            <img decoding=\"async\" alt=\"Inhalt wird geladen\" src=\"https:\/\/www.europesays.com\/de\/wp-content\/uploads\/2025\/09\/loader.gif\"\/><\/p>\n<p>                                <a href=\"https:\/\/www.nordbayern.de\/\" rel=\"nofollow noopener\" target=\"_blank\"><br \/>\n                                                    <img decoding=\"async\" alt=\"Startseite\" src=\"https:\/\/www.europesays.com\/de\/wp-content\/uploads\/2025\/09\/home.png\"\/><br \/>\n                                                    <\/a><\/p>\n<p class=\"headline headline--h6 c-secondary\">23. Spieltag<\/p>\n<p>                                                Zoma-Treffer reicht nicht &#8211; Ausw\u00e4rtsschw\u00e4che bleibt: Die Bilder zum FCN-Remis in Bochum<\/p>\n<p>                                12 Bilder                            <\/p>\n<p>                            20.02.2026, 21:32 Uhr<\/p>\n<p class=\"article__teaser\">\n                            Der 1. FC N\u00fcrnberg hat den n\u00e4chsten Sieg verpasst. Ausw\u00e4rts in Bochum kommen die Franken trotz F\u00fchrung nicht \u00fcber ein 1:1-Unentschieden hinaus. Hier gibt es die Bilder zum Spiel.\n                        <\/p>\n<p>                                                    <img decoding=\"async\" loading=\"lazy\" src=\"https:\/\/www.europesays.com\/de\/wp-content\/uploads\/2026\/02\/imago1072895097.jpg\" alt=\"Ungewohnte Rolle: Finn Ole Becker (l.) sa\u00df in Bochum nur auf der Bank.\" class=\" aspect-ratio-16-9\" title=\"Ungewohnte Rolle: Finn Ole Becker (l.) sa\u00df in Bochum nur auf der Bank.\" data-id=\"115017425\"\/><\/p>\n<p>Ungewohnte Rolle: Finn Ole Becker (l.) sa\u00df in Bochum nur auf der Bank.<br \/>\n                            \u00a9 Daniel Ma\/IMAGO\/Zink\n                    <\/p>\n<p>                                                    <img decoding=\"async\" loading=\"lazy\" src=\"https:\/\/www.europesays.com\/de\/wp-content\/uploads\/2026\/02\/imago1072897281.jpg\" alt=\"Club-Trainer Miroslav Klose lie\u00df seine Mannschaft gegen\u00fcber dem 5:1-Kantersieg in der Vorwoche unver\u00e4ndert.\" class=\" aspect-ratio-16-9\" title=\"Club-Trainer Miroslav Klose lie\u00df seine Mannschaft gegen\u00fcber dem 5:1-Kantersieg in der Vorwoche unver\u00e4ndert.\" data-id=\"115017426\"\/><\/p>\n<p>Club-Trainer Miroslav Klose lie\u00df seine Mannschaft gegen\u00fcber dem 5:1-Kantersieg in der Vorwoche unver\u00e4ndert.<br \/>\n                            \u00a9 Daniel Ma\/IMAGO\/Zink\n                    <\/p>\n<p>                                                    <img decoding=\"async\" loading=\"lazy\" src=\"https:\/\/www.europesays.com\/de\/wp-content\/uploads\/2026\/02\/imago1072897946.jpg\" alt=\"Mit rund 2800 Anh\u00e4ngern im R\u00fccken wollte der Club seine magere Ausw\u00e4rtsbilanz aufh\u00fcbschen.\" class=\" aspect-ratio-16-9\" title=\"Mit rund 2800 Anh\u00e4ngern im R\u00fccken wollte der Club seine magere Ausw\u00e4rtsbilanz aufh\u00fcbschen.\" data-id=\"115017427\"\/><\/p>\n<p>Mit rund 2800 Anh\u00e4ngern im R\u00fccken wollte der Club seine magere Ausw\u00e4rtsbilanz aufh\u00fcbschen.<br \/>\n                            \u00a9 Daniel Ma\/IMAGO\/Zink\n                    <\/p>\n<p>                                                    <img decoding=\"async\" loading=\"lazy\" src=\"https:\/\/www.europesays.com\/de\/wp-content\/uploads\/2026\/02\/imago1072900321.jpg\" alt=\"Es entwickelte sich eine umk\u00e4mpfte Partie: Justin von der Hitz' Abschluss landete neben dem Tor.\" class=\" aspect-ratio-16-9\" title=\"Es entwickelte sich eine umk\u00e4mpfte Partie: Justin von der Hitz' Abschluss landete neben dem Tor.\" data-id=\"115017428\"\/><\/p>\n<p>Es entwickelte sich eine umk\u00e4mpfte Partie: Justin von der Hitz&#8216; Abschluss landete neben dem Tor.<br \/>\n                            \u00a9 Celina Leiers\/IMAGO\/STEINSIEK.CH\n                    <\/p>\n<p>                                                    <img decoding=\"async\" loading=\"lazy\" src=\"https:\/\/www.europesays.com\/de\/wp-content\/uploads\/2026\/02\/imago1072901572.jpg\" alt=\"Besser machte es Mohamed Ali Zoma: Der Italiener brachte den Club nach Vorarbeit von Baack in F\u00fchrung.\" class=\" aspect-ratio-16-9\" title=\"Besser machte es Mohamed Ali Zoma: Der Italiener brachte den Club nach Vorarbeit von Baack in F\u00fchrung.\" data-id=\"115017429\"\/><\/p>\n<p>Besser machte es Mohamed Ali Zoma: Der Italiener brachte den Club nach Vorarbeit von Baack in F\u00fchrung.<br \/>\n                            \u00a9 IMAGO\/Celina Leiers\/IMAGO\/STEINSIEK.CH\n                    <\/p>\n<p>                                                    <img decoding=\"async\" loading=\"lazy\" src=\"https:\/\/www.europesays.com\/de\/wp-content\/uploads\/2026\/02\/imago1072901610.jpg\" alt=\"Es war das erste Ausw\u00e4rtstor des 22-J\u00e4hrigen.\" class=\" aspect-ratio-16-9\" title=\"Es war das erste Ausw\u00e4rtstor des 22-J\u00e4hrigen.\" data-id=\"115017430\"\/><\/p>\n<p>Es war das erste Ausw\u00e4rtstor des 22-J\u00e4hrigen.<br \/>\n                            \u00a9 IMAGO\/Celina Leiers\/IMAGO\/STEINSIEK.CH\n                    <\/p>\n<p>                                                    <img decoding=\"async\" loading=\"lazy\" src=\"https:\/\/www.europesays.com\/de\/wp-content\/uploads\/2026\/02\/imago1072901143.jpg\" alt=\"Abseits statt Elfmeter: Fabio Grubers Handspiel kurz vor der Pause war eine Abseitsstellung vorhergegangen.\" class=\" aspect-ratio-16-9\" title=\"Abseits statt Elfmeter: Fabio Grubers Handspiel kurz vor der Pause war eine Abseitsstellung vorhergegangen.\" data-id=\"115017431\"\/><\/p>\n<p>Abseits statt Elfmeter: Fabio Grubers Handspiel kurz vor der Pause war eine Abseitsstellung vorhergegangen.<br \/>\n                            \u00a9 IMAGO\/Maximilian Koch\n                    <\/p>\n<p>                                                    <img decoding=\"async\" loading=\"lazy\" src=\"https:\/\/www.europesays.com\/de\/wp-content\/uploads\/2026\/02\/imago1072902406.jpg\" alt=\"Leihgabe Rabby Nzingoula musste den Platz nach wenigen Minuten in Halbzeit zwei verletzungsbedingt verlassen.\" class=\" aspect-ratio-16-9\" title=\"Leihgabe Rabby Nzingoula musste den Platz nach wenigen Minuten in Halbzeit zwei verletzungsbedingt verlassen.\" data-id=\"115017432\"\/><\/p>\n<p>Leihgabe Rabby Nzingoula musste den Platz nach wenigen Minuten in Halbzeit zwei verletzungsbedingt verlassen.<br \/>\n                            \u00a9 IMAGO\/Maximilian Koch\n                    <\/p>\n<p>                                                    <img decoding=\"async\" loading=\"lazy\" src=\"https:\/\/www.europesays.com\/de\/wp-content\/uploads\/2026\/02\/imago1072901147.jpg\" alt=\"Sicherer R\u00fcckhalt: Jan Reichert zeigte einmal mehr eine fehlerfreie Partie.\" class=\" aspect-ratio-16-9\" title=\"Sicherer R\u00fcckhalt: Jan Reichert zeigte einmal mehr eine fehlerfreie Partie.\" data-id=\"115017433\"\/><\/p>\n<p>Sicherer R\u00fcckhalt: Jan Reichert zeigte einmal mehr eine fehlerfreie Partie.<br \/>\n                            \u00a9 IMAGO\/Maximilian Koch\n                    <\/p>\n<p>                                                    <img decoding=\"async\" loading=\"lazy\" src=\"https:\/\/www.europesays.com\/de\/wp-content\/uploads\/2026\/02\/imago1072902478.jpg\" alt=\"Julian Justvans Abschluss wurde im letzten Moment vom Bochumer Masovic geblockt.\" class=\" aspect-ratio-16-9\" title=\"Julian Justvans Abschluss wurde im letzten Moment vom Bochumer Masovic geblockt.\" data-id=\"115017434\"\/><\/p>\n<p>Julian Justvans Abschluss wurde im letzten Moment vom Bochumer Masovic geblockt.<br \/>\n                            \u00a9 IMAGO\/Sportfoto Zink \/ Daniel Ma\/IMAGO\/Zink\n                    <\/p>\n<p>                                                    <img decoding=\"async\" loading=\"lazy\" src=\"https:\/\/www.europesays.com\/de\/wp-content\/uploads\/2026\/02\/imago1072903370.jpg\" alt=\"Ausgleich: Nach Handspiel von Luka Lochoshvilli traf Francis Onyeka per Elfmeter zum 1:1.\" class=\" aspect-ratio-16-9\" title=\"Ausgleich: Nach Handspiel von Luka Lochoshvilli traf Francis Onyeka per Elfmeter zum 1:1.\" data-id=\"115017435\"\/><\/p>\n<p>Ausgleich: Nach Handspiel von Luka Lochoshvilli traf Francis Onyeka per Elfmeter zum 1:1.<br \/>\n                            \u00a9 IMAGO\/Joachim Bywaletz\/IMAGO\/HMB-Media\n                    <\/p>\n<p>                                                    <img decoding=\"async\" loading=\"lazy\" src=\"https:\/\/www.europesays.com\/de\/wp-content\/uploads\/2026\/02\/imago1072901549.jpg\" alt=\"In der Schlussphase konnte kein Team den entscheidenden Punch setzen, sodass es beim 1:1-Unentschieden blieb.\" class=\" aspect-ratio-16-9\" title=\"In der Schlussphase konnte kein Team den entscheidenden Punch setzen, sodass es beim 1:1-Unentschieden blieb.\" data-id=\"115017436\"\/><\/p>\n<p>In der Schlussphase konnte kein Team den entscheidenden Punch setzen, sodass es beim 1:1-Unentschieden blieb.<br \/>\n                            \u00a9 IMAGO\/Sportfoto Zink \/ Daniel Ma\/IMAGO\/Zink\n                    <\/p>\n","protected":false},"excerpt":{"rendered":"23. Spieltag Zoma-Treffer reicht nicht &#8211; Ausw\u00e4rtsschw\u00e4che bleibt: Die Bilder zum FCN-Remis in Bochum 12 Bilder 20.02.2026, 21:32&hellip;\n","protected":false},"author":2,"featured_media":815749,"comment_status":"","ping_status":"","sticky":false,"template":"","format":"standard","meta":{"footnotes":"","_share_on_mastodon":"0"},"categories":[1839],"tags":[7507,3364,29,30,1209],"class_list":["post-815748","post","type-post","status-publish","format-standard","has-post-thumbnail","category-bochum","tag-bochum","tag-de","tag-deutschland","tag-germany","tag-nordrhein-westfalen"],"share_on_mastodon":{"url":"https:\/\/pubeurope.com\/@de\/116111196747998891","error":""},"_links":{"self":[{"href":"https:\/\/www.europesays.com\/de\/wp-json\/wp\/v2\/posts\/815748","targetHints":{"allow":["GET"]}}],"collection":[{"href":"https:\/\/www.europesays.com\/de\/wp-json\/wp\/v2\/posts"}],"about":[{"href":"https:\/\/www.europesays.com\/de\/wp-json\/wp\/v2\/types\/post"}],"author":[{"embeddable":true,"href":"https:\/\/www.europesays.com\/de\/wp-json\/wp\/v2\/users\/2"}],"replies":[{"embeddable":true,"href":"https:\/\/www.europesays.com\/de\/wp-json\/wp\/v2\/comments?post=815748"}],"version-history":[{"count":0,"href":"https:\/\/www.europesays.com\/de\/wp-json\/wp\/v2\/posts\/815748\/revisions"}],"wp:featuredmedia":[{"embeddable":true,"href":"https:\/\/www.europesays.com\/de\/wp-json\/wp\/v2\/media\/815749"}],"wp:attachment":[{"href":"https:\/\/www.europesays.com\/de\/wp-json\/wp\/v2\/media?parent=815748"}],"wp:term":[{"taxonomy":"category","embeddable":true,"href":"https:\/\/www.europesays.com\/de\/wp-json\/wp\/v2\/categories?post=815748"},{"taxonomy":"post_tag","embeddable":true,"href":"https:\/\/www.europesays.com\/de\/wp-json\/wp\/v2\/tags?post=815748"}],"curies":[{"name":"wp","href":"https:\/\/api.w.org\/{rel}","templated":true}]}}